{"id":13267,"date":"2014-10-16T20:48:51","date_gmt":"2014-10-16T20:48:51","guid":{"rendered":"http:\/\/labestiadeportiva.com\/lbd\/?p=13267"},"modified":"2014-10-16T21:57:22","modified_gmt":"2014-10-16T21:57:22","slug":"federal-a-batalla-campal-en-el-clasico-de-rio-negro","status":"publish","type":"post","link":"https:\/\/labestiadeportiva.com\/lbd\/federal-a-batalla-campal-en-el-clasico-de-rio-negro\/","title":{"rendered":"Federal A: batalla campal en el cl\u00e1sico de R\u00edo Negro"},"content":{"rendered":"<h3><strong><a href=\"http:\/\/www.cordobatimes.com\/deportes\/wp-content\/uploads\/2014\/10\/Batalla-campal-en-Rio-Negro.png\"><img loading=\"lazy\" class=\" wp-image-22101 alignleft\" style=\"margin: 5px;\" src=\"http:\/\/www.cordobatimes.com\/deportes\/wp-content\/uploads\/2014\/10\/Batalla-campal-en-Rio-Negro.png\" alt=\"Batalla campal en Rio Negro\" width=\"350\" height=\"180\" data-id=\"22101\" \/><\/a><\/strong><\/h3>\n<h3 style=\"text-align: justify;\"><strong>Por Mart\u00edn Velasco (Corresponsal LBD en C\u00f3rdoba). El duelo entre Deportivo Roca y Cipolletti, donde ganaba el visitante por 1-0, debi\u00f3 suspenderse por una gresca generalizada. La locura se desat\u00f3 tras dos expulsiones y luego llegaron golpes de todo tipo. Algunos jugadores terminaron en el hospital. Mir\u00e1 las im\u00e1genes.<\/strong><\/h3>\n<p><!--more--><\/p>\n<p style=\"text-align: justify;\">El partido debi\u00f3 concluirse a los 22 minutos del segundo tiempo. Cipolletti se hab\u00eda puesto arriba en el marcador gracias al gol de Oscar Negri, a los 10 del complemento.<\/p>\n<p>La pelea se inici\u00f3 luego de la expulsi\u00f3n directa de Federico Fern\u00e1ndez y Marcos Lamolla, por doble amarilla. El defensor albinegro fue en busca del jugador del conjunto roquense y all\u00ed comenz\u00f3 todo.<\/p>\n<p style=\"text-align: justify;\">\u00abLa suspensi\u00f3n se decidi\u00f3 cuando vi que era un tumulto generalizado. A los 21 minutos fueron las expulsiones y la gresca dur\u00f3 un minuto\u00bb, explic\u00f3 Facundo Espinosa, \u00e1rbitro del encuentro correspondiente a la fecha 10 del Torneo Federal A. Finalmente fueron 12 los que vieron la roja (seis por bando).<\/p>\n<p style=\"text-align: justify;\">Mir\u00e1 el video:<\/p>\n<p>\u00a0<iframe loading=\"lazy\" src=\"\/\/www.youtube.com\/embed\/QuhqFVuNesw\" frameborder=\"0\" width=\"560\" height=\"315\"><\/iframe><\/p>\n<div class='epvc-post-count'><span class='epvc-eye'><\/span>  <span class=\"epvc-count\"> 1.126<\/span><span class='epvc-label'> veces le\u00edda<\/span><\/div>\n<div class=\"jwsharethis\">\nShare this: \n<br \/>\n<a href=\"mailto:?subject=Federal%20A%3A%20batalla%20campal%20en%20el%20cl%C3%A1sico%20de%20R%C3%ADo%20Negro&amp;body=https%3A%2F%2Flabestiadeportiva.com%2Flbd%2Ffederal-a-batalla-campal-en-el-clasico-de-rio-negro%2F\">\n<img src=\"https:\/\/labestiadeportiva.com\/lbd\/wp-content\/plugins\/jw-share-this\/email.png\" alt=\"Share this page via Email\" \/>\n<\/a>\n<a target=\"_blank\" href=\"http:\/\/www.stumbleupon.com\/submit?url=https%3A%2F%2Flabestiadeportiva.com%2Flbd%2Ffederal-a-batalla-campal-en-el-clasico-de-rio-negro%2F&amp;title=Federal+A%3A+batalla+campal+en+el+cl%C3%A1sico+de+R%C3%ADo+Negro\">\n<img src=\"https:\/\/labestiadeportiva.com\/lbd\/wp-content\/plugins\/jw-share-this\/su.png\" alt=\"Share this page via Stumble Upon\" \/>\n<\/a>\n<a target=\"_blank\" href=\"http:\/\/digg.com\/submit?url=https%3A%2F%2Flabestiadeportiva.com%2Flbd%2Ffederal-a-batalla-campal-en-el-clasico-de-rio-negro%2F&amp;title=Federal+A%3A+batalla+campal+en+el+cl%C3%A1sico+de+R%C3%ADo+Negro\">\n<img src=\"https:\/\/labestiadeportiva.com\/lbd\/wp-content\/plugins\/jw-share-this\/digg.png\" alt=\"Share this page via Digg this\" \/>\n<\/a>\n<a target=\"_blank\" href=\"http:\/\/www.facebook.com\/sharer.php?u=https%3A%2F%2Flabestiadeportiva.com%2Flbd%2Ffederal-a-batalla-campal-en-el-clasico-de-rio-negro%2F&amp;t=Federal+A%3A+batalla+campal+en+el+cl%C3%A1sico+de+R%C3%ADo+Negro\">\n<img src=\"https:\/\/labestiadeportiva.com\/lbd\/wp-content\/plugins\/jw-share-this\/fb.png\" alt=\"Share this page via Facebook\" \/>\n<\/a>\n<a target=\"_blank\" href=\"http:\/\/twitter.com\/intent\/tweet?text=I+like+https%3A%2F%2Flabestiadeportiva.com%2Flbd%2Ffederal-a-batalla-campal-en-el-clasico-de-rio-negro%2F&amp;title=Federal+A%3A+batalla+campal+en+el+cl%C3%A1sico+de+R%C3%ADo+Negro\">\n<img src=\"https:\/\/labestiadeportiva.com\/lbd\/wp-content\/plugins\/jw-share-this\/twitter.png\" alt=\"Share this page via Twitter\" \/>\n<\/a>\n<\/div>\n","protected":false},"excerpt":{"rendered":"<p>Por Mart\u00edn Velasco (Corresponsal LBD en C\u00f3rdoba). El duelo entre Deportivo Roca y Cipolletti, donde ganaba el visitante por 1-0, debi\u00f3 suspenderse por una gresca generalizada. La locura se desat\u00f3 tras dos expulsiones y luego llegaron golpes de todo tipo. Algunos jugadores terminaron en el hospital. Mir\u00e1 las im\u00e1genes. 1.126 veces le\u00edda Share this:<\/p>\n","protected":false},"author":1,"featured_media":13268,"comment_status":"open","ping_status":"open","sticky":false,"template":"","format":"standard","meta":[],"categories":[6,249,1],"tags":[1808,1209,1807,1296,1057],"_links":{"self":[{"href":"https:\/\/labestiadeportiva.com\/lbd\/wp-json\/wp\/v2\/posts\/13267"}],"collection":[{"href":"https:\/\/labestiadeportiva.com\/lbd\/wp-json\/wp\/v2\/posts"}],"about":[{"href":"https:\/\/labestiadeportiva.com\/lbd\/wp-json\/wp\/v2\/types\/post"}],"author":[{"embeddable":true,"href":"https:\/\/labestiadeportiva.com\/lbd\/wp-json\/wp\/v2\/users\/1"}],"replies":[{"embeddable":true,"href":"https:\/\/labestiadeportiva.com\/lbd\/wp-json\/wp\/v2\/comments?post=13267"}],"version-history":[{"count":2,"href":"https:\/\/labestiadeportiva.com\/lbd\/wp-json\/wp\/v2\/posts\/13267\/revisions"}],"predecessor-version":[{"id":13275,"href":"https:\/\/labestiadeportiva.com\/lbd\/wp-json\/wp\/v2\/posts\/13267\/revisions\/13275"}],"wp:featuredmedia":[{"embeddable":true,"href":"https:\/\/labestiadeportiva.com\/lbd\/wp-json\/wp\/v2\/media\/13268"}],"wp:attachment":[{"href":"https:\/\/labestiadeportiva.com\/lbd\/wp-json\/wp\/v2\/media?parent=13267"}],"wp:term":[{"taxonomy":"category","embeddable":true,"href":"https:\/\/labestiadeportiva.com\/lbd\/wp-json\/wp\/v2\/categories?post=13267"},{"taxonomy":"post_tag","embeddable":true,"href":"https:\/\/labestiadeportiva.com\/lbd\/wp-json\/wp\/v2\/tags?post=13267"}],"curies":[{"name":"wp","href":"https:\/\/api.w.org\/{rel}","templated":true}]}}