{"id":14385,"date":"2015-02-03T19:35:18","date_gmt":"2015-02-03T19:35:18","guid":{"rendered":"http:\/\/labestiadeportiva.com\/lbd\/?p=14385"},"modified":"2015-02-03T19:35:18","modified_gmt":"2015-02-03T19:35:18","slug":"alexis-en-viedma","status":"publish","type":"post","link":"https:\/\/labestiadeportiva.com\/lbd\/alexis-en-viedma\/","title":{"rendered":"Alexis en Viedma"},"content":{"rendered":"<p><a href=\"http:\/\/labestiadeportiva.com\/lbd\/wp-content\/uploads\/2015\/02\/CAMPO-DE-ENTRENAMIENTO-ENARD-VIEDMA-2015.jpg\"><img loading=\"lazy\" class=\"alignleft size-medium wp-image-14386\" title=\"CAMPO DE ENTRENAMIENTO ENARD, VIEDMA 2015\" src=\"http:\/\/labestiadeportiva.com\/lbd\/wp-content\/uploads\/2015\/02\/CAMPO-DE-ENTRENAMIENTO-ENARD-VIEDMA-2015-300x180.jpg\" alt=\"\" width=\"300\" height=\"180\" srcset=\"https:\/\/labestiadeportiva.com\/lbd\/wp-content\/uploads\/2015\/02\/CAMPO-DE-ENTRENAMIENTO-ENARD-VIEDMA-2015-300x180.jpg 300w, https:\/\/labestiadeportiva.com\/lbd\/wp-content\/uploads\/2015\/02\/CAMPO-DE-ENTRENAMIENTO-ENARD-VIEDMA-2015.jpg 800w\" sizes=\"(max-width: 300px) 100vw, 300px\" \/><\/a><a href=\"http:\/\/labestiadeportiva.com\/lbd\/wp-content\/uploads\/2015\/02\/ALEXIS-MONZON.jpg\"><br \/>\n<\/a>El joven judoca local Alexis Monz\u00f3n form\u00f3 parte del Campo de Entrenamiento organizado por el ENARD en el balneario \u201cEl C\u00f3ndor\u201d de la localidad rionegrina de Viedma. El est\u00edmulo deportivo se realiz\u00f3 del mi\u00e9rcoles 28 al s\u00e1bado 31 de enero pasado y estuvo enmarcado en el proyecto III Olimp\u00edadas Juveniles Buenos Aires 2018.<!--more--><\/p>\n<p>El judoca ushuaiense de tan solo 15 a\u00f1os, perteneciente a la Escuela Municipal, particip\u00f3 de la actividad organizada por el ENARD en conjunto con la Confederaci\u00f3n Argentina de Judo junto a 115 deportistas de casi todas las provincias del pa\u00eds.<\/p>\n<p>El lugar elegido fue el balneario \u201cEl Condor\u201d de la localidad de Viedma donde dentro del proyecto III Olimp\u00edadas Juveniles Buenos Aires 2018 los atletas fueron testeados realizando doble sesi\u00f3n de entrenamientos a cargo de referentes nacionales de la disciplina como as\u00ed tambi\u00e9n por el t\u00e9cnico de la Selecci\u00f3n Argentina.<\/p>\n<p>Alexis realiz\u00f3 trabajo de entrenamiento y preparaci\u00f3n junto a sus compa\u00f1eros y entrenador de la Escuela Municipal Juan Arcos antes de partir a la provincia de R\u00edo Negro lo que le permiti\u00f3 estar a la altura de las circunstancias.<\/p>\n<p><a href=\"http:\/\/labestiadeportiva.com\/lbd\/wp-content\/uploads\/2015\/02\/ALEXIS-MONZON1.jpg\"><img loading=\"lazy\" class=\"aligncenter size-medium wp-image-14388\" title=\"ALEXIS MONZON\" src=\"http:\/\/labestiadeportiva.com\/lbd\/wp-content\/uploads\/2015\/02\/ALEXIS-MONZON1-264x300.jpg\" alt=\"\" width=\"264\" height=\"300\" srcset=\"https:\/\/labestiadeportiva.com\/lbd\/wp-content\/uploads\/2015\/02\/ALEXIS-MONZON1-264x300.jpg 264w, https:\/\/labestiadeportiva.com\/lbd\/wp-content\/uploads\/2015\/02\/ALEXIS-MONZON1.jpg 600w\" sizes=\"(max-width: 264px) 100vw, 264px\" \/><\/a><\/p>\n<div class='epvc-post-count'><span class='epvc-eye'><\/span>  <span class=\"epvc-count\"> 1.195<\/span><span class='epvc-label'> veces le\u00edda<\/span><\/div>\n<div class=\"jwsharethis\">\nShare this: \n<br \/>\n<a href=\"mailto:?subject=Alexis%20en%20Viedma&amp;body=https%3A%2F%2Flabestiadeportiva.com%2Flbd%2Falexis-en-viedma%2F\">\n<img src=\"https:\/\/labestiadeportiva.com\/lbd\/wp-content\/plugins\/jw-share-this\/email.png\" alt=\"Share this page via Email\" \/>\n<\/a>\n<a target=\"_blank\" href=\"http:\/\/www.stumbleupon.com\/submit?url=https%3A%2F%2Flabestiadeportiva.com%2Flbd%2Falexis-en-viedma%2F&amp;title=Alexis+en+Viedma\">\n<img src=\"https:\/\/labestiadeportiva.com\/lbd\/wp-content\/plugins\/jw-share-this\/su.png\" alt=\"Share this page via Stumble Upon\" \/>\n<\/a>\n<a target=\"_blank\" href=\"http:\/\/digg.com\/submit?url=https%3A%2F%2Flabestiadeportiva.com%2Flbd%2Falexis-en-viedma%2F&amp;title=Alexis+en+Viedma\">\n<img src=\"https:\/\/labestiadeportiva.com\/lbd\/wp-content\/plugins\/jw-share-this\/digg.png\" alt=\"Share this page via Digg this\" \/>\n<\/a>\n<a target=\"_blank\" href=\"http:\/\/www.facebook.com\/sharer.php?u=https%3A%2F%2Flabestiadeportiva.com%2Flbd%2Falexis-en-viedma%2F&amp;t=Alexis+en+Viedma\">\n<img src=\"https:\/\/labestiadeportiva.com\/lbd\/wp-content\/plugins\/jw-share-this\/fb.png\" alt=\"Share this page via Facebook\" \/>\n<\/a>\n<a target=\"_blank\" href=\"http:\/\/twitter.com\/intent\/tweet?text=I+like+https%3A%2F%2Flabestiadeportiva.com%2Flbd%2Falexis-en-viedma%2F&amp;title=Alexis+en+Viedma\">\n<img src=\"https:\/\/labestiadeportiva.com\/lbd\/wp-content\/plugins\/jw-share-this\/twitter.png\" alt=\"Share this page via Twitter\" \/>\n<\/a>\n<\/div>\n","protected":false},"excerpt":{"rendered":"<p>El joven judoca local Alexis Monz\u00f3n form\u00f3 parte del Campo de Entrenamiento organizado por el ENARD en el balneario \u201cEl C\u00f3ndor\u201d de la localidad rionegrina de Viedma. El est\u00edmulo deportivo se realiz\u00f3 del mi\u00e9rcoles 28 al s\u00e1bado 31 de enero pasado y estuvo enmarcado en el proyecto III Olimp\u00edadas Juveniles Buenos Aires 2018. 1.195 veces &hellip; <a href=\"https:\/\/labestiadeportiva.com\/lbd\/alexis-en-viedma\/\" class=\"more-link\">Seguir leyendo <span class=\"screen-reader-text\">Alexis en Viedma<\/span> <span class=\"meta-nav\">&rarr;<\/span><\/a><\/p>\n","protected":false},"author":1,"featured_media":14386,"comment_status":"open","ping_status":"open","sticky":false,"template":"","format":"standard","meta":[],"categories":[5,6,1],"tags":[1961,1959,486,23,1960],"_links":{"self":[{"href":"https:\/\/labestiadeportiva.com\/lbd\/wp-json\/wp\/v2\/posts\/14385"}],"collection":[{"href":"https:\/\/labestiadeportiva.com\/lbd\/wp-json\/wp\/v2\/posts"}],"about":[{"href":"https:\/\/labestiadeportiva.com\/lbd\/wp-json\/wp\/v2\/types\/post"}],"author":[{"embeddable":true,"href":"https:\/\/labestiadeportiva.com\/lbd\/wp-json\/wp\/v2\/users\/1"}],"replies":[{"embeddable":true,"href":"https:\/\/labestiadeportiva.com\/lbd\/wp-json\/wp\/v2\/comments?post=14385"}],"version-history":[{"count":1,"href":"https:\/\/labestiadeportiva.com\/lbd\/wp-json\/wp\/v2\/posts\/14385\/revisions"}],"predecessor-version":[{"id":14389,"href":"https:\/\/labestiadeportiva.com\/lbd\/wp-json\/wp\/v2\/posts\/14385\/revisions\/14389"}],"wp:featuredmedia":[{"embeddable":true,"href":"https:\/\/labestiadeportiva.com\/lbd\/wp-json\/wp\/v2\/media\/14386"}],"wp:attachment":[{"href":"https:\/\/labestiadeportiva.com\/lbd\/wp-json\/wp\/v2\/media?parent=14385"}],"wp:term":[{"taxonomy":"category","embeddable":true,"href":"https:\/\/labestiadeportiva.com\/lbd\/wp-json\/wp\/v2\/categories?post=14385"},{"taxonomy":"post_tag","embeddable":true,"href":"https:\/\/labestiadeportiva.com\/lbd\/wp-json\/wp\/v2\/tags?post=14385"}],"curies":[{"name":"wp","href":"https:\/\/api.w.org\/{rel}","templated":true}]}}