{"id":14406,"date":"2015-02-05T18:50:56","date_gmt":"2015-02-05T18:50:56","guid":{"rendered":"http:\/\/labestiadeportiva.com\/lbd\/?p=14406"},"modified":"2015-02-05T18:58:09","modified_gmt":"2015-02-05T18:58:09","slug":"cocky-chavez-y-chelo-sanchez-inhabilitados","status":"publish","type":"post","link":"https:\/\/labestiadeportiva.com\/lbd\/cocky-chavez-y-chelo-sanchez-inhabilitados\/","title":{"rendered":"\u201cCocky\u201d Ch\u00e1vez y \u201cChelo\u201d S\u00e1nchez inhabilitados"},"content":{"rendered":"<p><a href=\"http:\/\/labestiadeportiva.com\/lbd\/wp-content\/uploads\/2015\/02\/534291_558453154177321_2017032342_n.jpg\"><img loading=\"lazy\" class=\"alignleft size-medium wp-image-14410\" title=\"534291_558453154177321_2017032342_n\" src=\"http:\/\/labestiadeportiva.com\/lbd\/wp-content\/uploads\/2015\/02\/534291_558453154177321_2017032342_n-300x116.jpg\" alt=\"\" width=\"300\" height=\"116\" srcset=\"https:\/\/labestiadeportiva.com\/lbd\/wp-content\/uploads\/2015\/02\/534291_558453154177321_2017032342_n-300x116.jpg 300w, https:\/\/labestiadeportiva.com\/lbd\/wp-content\/uploads\/2015\/02\/534291_558453154177321_2017032342_n.jpg 900w\" sizes=\"(max-width: 300px) 100vw, 300px\" \/><\/a>Durante las \u00faltimas horas se dio a conocer la noticia que confirmaron las ligas de ambas ciudades. Desde el Consejo Federal de la Asociaci\u00f3n del F\u00fatbol Argentino mediante comunicaci\u00f3n telef\u00f3nica ratificaron que ambos jugadores, cuyos pases originales son del club Real Madrid, ya no podr\u00e1n actuar como refuerzos de Mercantil.<!--more--><\/p>\n<p>A pesar de no existir una comunicaci\u00f3n por escrito, los se\u00f1ores Moure (Secretario Administrativo) y Morantes (Responsable Torneo Federal \u201cC\u201d) comunicaron a los presidentes de las ligas de Tierra del Fuego, Gonz\u00e1lez (Ushuaia) y Mart\u00ednez (R\u00edo Grande) que por anormalidades administrativas, inexistencia del pase interligas, los jugadores en cuesti\u00f3n quedar\u00e1n al margen del torneo.<\/p>\n<p>De seguir actuando se expondr\u00e1n a p\u00e9rdida de puntos y posibles sanciones a deportistas y clubes involucrados. Nueva complicaci\u00f3n para el t\u00e9cnico Ralinqueo quien a la inc\u00f3moda situaci\u00f3n en la tabla de posiciones se suma la imposibilidad de seguir contando con importantes jugadores de su plantel.<\/p>\n<p><a href=\"http:\/\/labestiadeportiva.com\/lbd\/wp-content\/uploads\/2015\/02\/MG_5438.jpg\"><img loading=\"lazy\" class=\"aligncenter size-medium wp-image-14408\" title=\"_MG_5438\" src=\"http:\/\/labestiadeportiva.com\/lbd\/wp-content\/uploads\/2015\/02\/MG_5438-202x300.jpg\" alt=\"\" width=\"202\" height=\"300\" srcset=\"https:\/\/labestiadeportiva.com\/lbd\/wp-content\/uploads\/2015\/02\/MG_5438-202x300.jpg 202w, https:\/\/labestiadeportiva.com\/lbd\/wp-content\/uploads\/2015\/02\/MG_5438.jpg 546w\" sizes=\"(max-width: 202px) 100vw, 202px\" \/><\/a><\/p>\n<div class='epvc-post-count'><span class='epvc-eye'><\/span>  <span class=\"epvc-count\"> 1.379<\/span><span class='epvc-label'> veces le\u00edda<\/span><\/div>\n<div class=\"jwsharethis\">\nShare this: \n<br \/>\n<a href=\"mailto:?subject=%E2%80%9CCocky%E2%80%9D%20Ch%C3%A1vez%20y%20%E2%80%9CChelo%E2%80%9D%20S%C3%A1nchez%20inhabilitados&amp;body=https%3A%2F%2Flabestiadeportiva.com%2Flbd%2Fcocky-chavez-y-chelo-sanchez-inhabilitados%2F\">\n<img src=\"https:\/\/labestiadeportiva.com\/lbd\/wp-content\/plugins\/jw-share-this\/email.png\" alt=\"Share this page via Email\" \/>\n<\/a>\n<a target=\"_blank\" href=\"http:\/\/www.stumbleupon.com\/submit?url=https%3A%2F%2Flabestiadeportiva.com%2Flbd%2Fcocky-chavez-y-chelo-sanchez-inhabilitados%2F&amp;title=%E2%80%9CCocky%E2%80%9D+Ch%C3%A1vez+y+%E2%80%9CChelo%E2%80%9D+S%C3%A1nchez+inhabilitados\">\n<img src=\"https:\/\/labestiadeportiva.com\/lbd\/wp-content\/plugins\/jw-share-this\/su.png\" alt=\"Share this page via Stumble Upon\" \/>\n<\/a>\n<a target=\"_blank\" href=\"http:\/\/digg.com\/submit?url=https%3A%2F%2Flabestiadeportiva.com%2Flbd%2Fcocky-chavez-y-chelo-sanchez-inhabilitados%2F&amp;title=%E2%80%9CCocky%E2%80%9D+Ch%C3%A1vez+y+%E2%80%9CChelo%E2%80%9D+S%C3%A1nchez+inhabilitados\">\n<img src=\"https:\/\/labestiadeportiva.com\/lbd\/wp-content\/plugins\/jw-share-this\/digg.png\" alt=\"Share this page via Digg this\" \/>\n<\/a>\n<a target=\"_blank\" href=\"http:\/\/www.facebook.com\/sharer.php?u=https%3A%2F%2Flabestiadeportiva.com%2Flbd%2Fcocky-chavez-y-chelo-sanchez-inhabilitados%2F&amp;t=%E2%80%9CCocky%E2%80%9D+Ch%C3%A1vez+y+%E2%80%9CChelo%E2%80%9D+S%C3%A1nchez+inhabilitados\">\n<img src=\"https:\/\/labestiadeportiva.com\/lbd\/wp-content\/plugins\/jw-share-this\/fb.png\" alt=\"Share this page via Facebook\" \/>\n<\/a>\n<a target=\"_blank\" href=\"http:\/\/twitter.com\/intent\/tweet?text=I+like+https%3A%2F%2Flabestiadeportiva.com%2Flbd%2Fcocky-chavez-y-chelo-sanchez-inhabilitados%2F&amp;title=%E2%80%9CCocky%E2%80%9D+Ch%C3%A1vez+y+%E2%80%9CChelo%E2%80%9D+S%C3%A1nchez+inhabilitados\">\n<img src=\"https:\/\/labestiadeportiva.com\/lbd\/wp-content\/plugins\/jw-share-this\/twitter.png\" alt=\"Share this page via Twitter\" \/>\n<\/a>\n<\/div>\n","protected":false},"excerpt":{"rendered":"<p>Durante las \u00faltimas horas se dio a conocer la noticia que confirmaron las ligas de ambas ciudades. Desde el Consejo Federal de la Asociaci\u00f3n del F\u00fatbol Argentino mediante comunicaci\u00f3n telef\u00f3nica ratificaron que ambos jugadores, cuyos pases originales son del club Real Madrid, ya no podr\u00e1n actuar como refuerzos de Mercantil. 1.379 veces le\u00edda Share this:<\/p>\n","protected":false},"author":1,"featured_media":14410,"comment_status":"open","ping_status":"open","sticky":false,"template":"","format":"standard","meta":[],"categories":[5,6,1],"tags":[1968,17,1969,83,1926,1223],"_links":{"self":[{"href":"https:\/\/labestiadeportiva.com\/lbd\/wp-json\/wp\/v2\/posts\/14406"}],"collection":[{"href":"https:\/\/labestiadeportiva.com\/lbd\/wp-json\/wp\/v2\/posts"}],"about":[{"href":"https:\/\/labestiadeportiva.com\/lbd\/wp-json\/wp\/v2\/types\/post"}],"author":[{"embeddable":true,"href":"https:\/\/labestiadeportiva.com\/lbd\/wp-json\/wp\/v2\/users\/1"}],"replies":[{"embeddable":true,"href":"https:\/\/labestiadeportiva.com\/lbd\/wp-json\/wp\/v2\/comments?post=14406"}],"version-history":[{"count":2,"href":"https:\/\/labestiadeportiva.com\/lbd\/wp-json\/wp\/v2\/posts\/14406\/revisions"}],"predecessor-version":[{"id":14411,"href":"https:\/\/labestiadeportiva.com\/lbd\/wp-json\/wp\/v2\/posts\/14406\/revisions\/14411"}],"wp:featuredmedia":[{"embeddable":true,"href":"https:\/\/labestiadeportiva.com\/lbd\/wp-json\/wp\/v2\/media\/14410"}],"wp:attachment":[{"href":"https:\/\/labestiadeportiva.com\/lbd\/wp-json\/wp\/v2\/media?parent=14406"}],"wp:term":[{"taxonomy":"category","embeddable":true,"href":"https:\/\/labestiadeportiva.com\/lbd\/wp-json\/wp\/v2\/categories?post=14406"},{"taxonomy":"post_tag","embeddable":true,"href":"https:\/\/labestiadeportiva.com\/lbd\/wp-json\/wp\/v2\/tags?post=14406"}],"curies":[{"name":"wp","href":"https:\/\/api.w.org\/{rel}","templated":true}]}}