{"id":14549,"date":"2015-02-19T18:13:05","date_gmt":"2015-02-19T21:13:05","guid":{"rendered":"http:\/\/labestiadeportiva.com\/lbd\/?p=14549"},"modified":"2015-02-19T18:16:51","modified_gmt":"2015-02-19T21:16:51","slug":"carlos-es-mundial-en-falun-audio","status":"publish","type":"post","link":"https:\/\/labestiadeportiva.com\/lbd\/carlos-es-mundial-en-falun-audio\/","title":{"rendered":"Carlos es mundial en Falun (Audio)"},"content":{"rendered":"<p><a href=\"http:\/\/labestiadeportiva.com\/lbd\/wp-content\/uploads\/2015\/02\/IMG-20150218-WA00101.jpg\"><img loading=\"lazy\" class=\"alignleft size-medium wp-image-14552\" src=\"http:\/\/labestiadeportiva.com\/lbd\/wp-content\/uploads\/2015\/02\/IMG-20150218-WA00101-283x300.jpg\" alt=\"IMG-20150218-WA0010\" width=\"283\" height=\"300\" srcset=\"https:\/\/labestiadeportiva.com\/lbd\/wp-content\/uploads\/2015\/02\/IMG-20150218-WA00101-283x300.jpg 283w, https:\/\/labestiadeportiva.com\/lbd\/wp-content\/uploads\/2015\/02\/IMG-20150218-WA00101.jpg 960w\" sizes=\"(max-width: 283px) 100vw, 283px\" \/><\/a>El esquiador de elite, Carlos Lannes, se present\u00f3 ayer en Falun Suecia sede del Mundial de Esqu\u00ed N\u00f3rdico. El \u00fanico representante nacional ocup\u00f3 el puesto 30 en la carrera de 10 k modalidad Skating. Este jueves form\u00f3 parte del Sprint de 1.4 kil\u00f3metros. El deportista es asistido por Mart\u00edn Bianchi e Iv\u00e1n Rastelli. Desde LBD nos comunicamos con \u00e9l, estas son sus principales impresiones luego de su presentaci\u00f3n en la competencia internacional. <!--more--><\/p>\n<p><iframe loading=\"lazy\" src=\"https:\/\/www.youtube.com\/embed\/DkxOVtO5xao\" width=\"560\" height=\"315\" frameborder=\"0\" allowfullscreen=\"allowfullscreen\"><\/iframe><\/p>\n<div class='epvc-post-count'><span class='epvc-eye'><\/span>  <span class=\"epvc-count\"> 1.353<\/span><span class='epvc-label'> veces le\u00edda<\/span><\/div>\n<div class=\"jwsharethis\">\nShare this: \n<br \/>\n<a href=\"mailto:?subject=Carlos%20es%20mundial%20en%20Falun%20%28Audio%29&amp;body=https%3A%2F%2Flabestiadeportiva.com%2Flbd%2Fcarlos-es-mundial-en-falun-audio%2F\">\n<img src=\"https:\/\/labestiadeportiva.com\/lbd\/wp-content\/plugins\/jw-share-this\/email.png\" alt=\"Share this page via Email\" \/>\n<\/a>\n<a target=\"_blank\" href=\"http:\/\/www.stumbleupon.com\/submit?url=https%3A%2F%2Flabestiadeportiva.com%2Flbd%2Fcarlos-es-mundial-en-falun-audio%2F&amp;title=Carlos+es+mundial+en+Falun+%28Audio%29\">\n<img src=\"https:\/\/labestiadeportiva.com\/lbd\/wp-content\/plugins\/jw-share-this\/su.png\" alt=\"Share this page via Stumble Upon\" \/>\n<\/a>\n<a target=\"_blank\" href=\"http:\/\/digg.com\/submit?url=https%3A%2F%2Flabestiadeportiva.com%2Flbd%2Fcarlos-es-mundial-en-falun-audio%2F&amp;title=Carlos+es+mundial+en+Falun+%28Audio%29\">\n<img src=\"https:\/\/labestiadeportiva.com\/lbd\/wp-content\/plugins\/jw-share-this\/digg.png\" alt=\"Share this page via Digg this\" \/>\n<\/a>\n<a target=\"_blank\" href=\"http:\/\/www.facebook.com\/sharer.php?u=https%3A%2F%2Flabestiadeportiva.com%2Flbd%2Fcarlos-es-mundial-en-falun-audio%2F&amp;t=Carlos+es+mundial+en+Falun+%28Audio%29\">\n<img src=\"https:\/\/labestiadeportiva.com\/lbd\/wp-content\/plugins\/jw-share-this\/fb.png\" alt=\"Share this page via Facebook\" \/>\n<\/a>\n<a target=\"_blank\" href=\"http:\/\/twitter.com\/intent\/tweet?text=I+like+https%3A%2F%2Flabestiadeportiva.com%2Flbd%2Fcarlos-es-mundial-en-falun-audio%2F&amp;title=Carlos+es+mundial+en+Falun+%28Audio%29\">\n<img src=\"https:\/\/labestiadeportiva.com\/lbd\/wp-content\/plugins\/jw-share-this\/twitter.png\" alt=\"Share this page via Twitter\" \/>\n<\/a>\n<\/div>\n","protected":false},"excerpt":{"rendered":"<p>El esquiador de elite, Carlos Lannes, se present\u00f3 ayer en Falun Suecia sede del Mundial de Esqu\u00ed N\u00f3rdico. El \u00fanico representante nacional ocup\u00f3 el puesto 30 en la carrera de 10 k modalidad Skating. Este jueves form\u00f3 parte del Sprint de 1.4 kil\u00f3metros. El deportista es asistido por Mart\u00edn Bianchi e Iv\u00e1n Rastelli. Desde LBD &hellip; <a href=\"https:\/\/labestiadeportiva.com\/lbd\/carlos-es-mundial-en-falun-audio\/\" class=\"more-link\">Seguir leyendo <span class=\"screen-reader-text\">Carlos es mundial en Falun (Audio)<\/span> <span class=\"meta-nav\">&rarr;<\/span><\/a><\/p>\n","protected":false},"author":1,"featured_media":14552,"comment_status":"open","ping_status":"open","sticky":false,"template":"","format":"standard","meta":[],"categories":[41,60,29],"tags":[1740,1921,1922,1991,1923],"_links":{"self":[{"href":"https:\/\/labestiadeportiva.com\/lbd\/wp-json\/wp\/v2\/posts\/14549"}],"collection":[{"href":"https:\/\/labestiadeportiva.com\/lbd\/wp-json\/wp\/v2\/posts"}],"about":[{"href":"https:\/\/labestiadeportiva.com\/lbd\/wp-json\/wp\/v2\/types\/post"}],"author":[{"embeddable":true,"href":"https:\/\/labestiadeportiva.com\/lbd\/wp-json\/wp\/v2\/users\/1"}],"replies":[{"embeddable":true,"href":"https:\/\/labestiadeportiva.com\/lbd\/wp-json\/wp\/v2\/comments?post=14549"}],"version-history":[{"count":3,"href":"https:\/\/labestiadeportiva.com\/lbd\/wp-json\/wp\/v2\/posts\/14549\/revisions"}],"predecessor-version":[{"id":14554,"href":"https:\/\/labestiadeportiva.com\/lbd\/wp-json\/wp\/v2\/posts\/14549\/revisions\/14554"}],"wp:featuredmedia":[{"embeddable":true,"href":"https:\/\/labestiadeportiva.com\/lbd\/wp-json\/wp\/v2\/media\/14552"}],"wp:attachment":[{"href":"https:\/\/labestiadeportiva.com\/lbd\/wp-json\/wp\/v2\/media?parent=14549"}],"wp:term":[{"taxonomy":"category","embeddable":true,"href":"https:\/\/labestiadeportiva.com\/lbd\/wp-json\/wp\/v2\/categories?post=14549"},{"taxonomy":"post_tag","embeddable":true,"href":"https:\/\/labestiadeportiva.com\/lbd\/wp-json\/wp\/v2\/tags?post=14549"}],"curies":[{"name":"wp","href":"https:\/\/api.w.org\/{rel}","templated":true}]}}