{"id":15542,"date":"2015-05-07T02:01:52","date_gmt":"2015-05-07T05:01:52","guid":{"rendered":"http:\/\/labestiadeportiva.com\/lbd\/?p=15542"},"modified":"2015-05-07T02:01:52","modified_gmt":"2015-05-07T05:01:52","slug":"cambios-para-ir-por-la-victoria","status":"publish","type":"post","link":"https:\/\/labestiadeportiva.com\/lbd\/cambios-para-ir-por-la-victoria\/","title":{"rendered":"Cambios para ir por la victoria"},"content":{"rendered":"<p><a href=\"http:\/\/labestiadeportiva.com\/lbd\/wp-content\/uploads\/2015\/05\/SAM_2220.jpg\"><img loading=\"lazy\" class=\"alignleft size-medium wp-image-15543\" src=\"http:\/\/labestiadeportiva.com\/lbd\/wp-content\/uploads\/2015\/05\/SAM_2220-300x212.jpg\" alt=\"SAM_2220\" width=\"300\" height=\"212\" srcset=\"https:\/\/labestiadeportiva.com\/lbd\/wp-content\/uploads\/2015\/05\/SAM_2220-300x212.jpg 300w, https:\/\/labestiadeportiva.com\/lbd\/wp-content\/uploads\/2015\/05\/SAM_2220.jpg 800w\" sizes=\"(max-width: 300px) 100vw, 300px\" \/><\/a>El pr\u00f3ximo fin de semana en el trazado n\u00b0 8 del aut\u00f3dromo \u201cOscar y Juan G\u00e1lvez\u201d se desarrollar\u00e1 el cuarto compromiso de la temporada dentro de la Clase Tres del Turismo Pista, en donde estar\u00e1 presente el piloto ushuaiense Lucas Yerobi. Modificaciones en el chasis y nuevo motor son las principales modificaciones que presentar\u00e1 el fueguino en el VW trend con las cuales pretende ser protagonista de principio a fin y tratar de terminar de coronar un buen resultado en un circuito donde las chances siempre se emparejan ya que todos lo conocen a la perfecci\u00f3n. Fuente y foto prensa Lucas Yerobi.<!--more--><\/p>\n<p>Apoyado en los buenos tiempos parciales que se han ido consiguiendo en la primera parte de la temporada sobre el VW Trend que atiende Lucas Benincasa y motoriza Sebasti\u00e1n Colombo, la confianza va en aumento con la mente puesta en poder estar adelante todo el fin de semana y conseguir recuperar parte de los puntos perdidos en la pasada competencia, cuando el abandono en el transcurso de la final termin\u00f3 con sus expectativas de protagonismo.<\/p>\n<p>De cara a la fecha que se avecina, los trabajos se centraron en un nuevo juego de amortiguadores delanteros como as\u00ed tambi\u00e9n en un repaso general de todos los elementos, al tiempo que Sebasti\u00e1n Colombo arm\u00f3 un nuevo motor, el cual ya est\u00e1 en condiciones para ser colocado sobre el auto y salir a pista, lo cual ocurrir\u00e1 a partir del pr\u00f3ximo viernes en el marco de los primeros entrenamientos del fin de semana.<\/p>\n<p><span style=\"color: #0000ff;\">\u201cEstamos muy ansiosos para encarar el fin de semana buscando estar entre los protagonistas y sumar puntos en funci\u00f3n del campeonato. Llegamos con algunos cambios que mejoraron visiblemente el rendimiento del Trend y esperemos demostrarlo en pista. Se viene trabajando bien y la suerte no est\u00e1 terminando de acompa\u00f1ar, trataremos de lograrlo en esta fecha para poder volver a estar entre los cinco protagonistas principales del campeonato\u201d\u00a0<\/span> expres\u00f3 Lucas quien en la actualidad ocupa la s\u00e9ptima ubicaci\u00f3n con un total de 54 puntos.<\/p>\n<p>La actividad para la clase mayor comenzar\u00e1 el viernes desde las 10.35 con la primera de las tres tandas de ensayos previstas para la jornada, mientras que a las 16.55 se llevar\u00e1 a cabo la clasificaci\u00f3n. El s\u00e1bado la serie se pondr\u00e1 en marcha a partir de las 14.15 y finalmente el domingo tendr\u00e1 lugar la cuarta final de la temporada a partir de las 12.00 con 16 vueltas por recorrer.<\/p>\n<p>Lucas Yerobi agradece el apoyo brindado a \u201cGr\u00faas Delta, Agua Jony, Hertz, Orange Car Wash, Seinco Servicios y Log\u00edstica, VM Repuestos, Municipalidad de Ushuaia, El Diario Del Fin Del Mundo, Pizza Bely, La 97 Radio Fueguina, Escale Andina, Argentina Publicidad, John Foos, La Cien.1, Azzurra, El Gran Corsini, Almar Construcciones y Club Del Pastor Blanco Suizo\u201d<\/p>\n<div class='epvc-post-count'><span class='epvc-eye'><\/span>  <span class=\"epvc-count\"> 1.063<\/span><span class='epvc-label'> veces le\u00edda<\/span><\/div>\n<div class=\"jwsharethis\">\nShare this: \n<br \/>\n<a href=\"mailto:?subject=Cambios%20para%20ir%20por%20la%20victoria&amp;body=https%3A%2F%2Flabestiadeportiva.com%2Flbd%2Fcambios-para-ir-por-la-victoria%2F\">\n<img src=\"https:\/\/labestiadeportiva.com\/lbd\/wp-content\/plugins\/jw-share-this\/email.png\" alt=\"Share this page via Email\" \/>\n<\/a>\n<a target=\"_blank\" href=\"http:\/\/www.stumbleupon.com\/submit?url=https%3A%2F%2Flabestiadeportiva.com%2Flbd%2Fcambios-para-ir-por-la-victoria%2F&amp;title=Cambios+para+ir+por+la+victoria\">\n<img src=\"https:\/\/labestiadeportiva.com\/lbd\/wp-content\/plugins\/jw-share-this\/su.png\" alt=\"Share this page via Stumble Upon\" \/>\n<\/a>\n<a target=\"_blank\" href=\"http:\/\/digg.com\/submit?url=https%3A%2F%2Flabestiadeportiva.com%2Flbd%2Fcambios-para-ir-por-la-victoria%2F&amp;title=Cambios+para+ir+por+la+victoria\">\n<img src=\"https:\/\/labestiadeportiva.com\/lbd\/wp-content\/plugins\/jw-share-this\/digg.png\" alt=\"Share this page via Digg this\" \/>\n<\/a>\n<a target=\"_blank\" href=\"http:\/\/www.facebook.com\/sharer.php?u=https%3A%2F%2Flabestiadeportiva.com%2Flbd%2Fcambios-para-ir-por-la-victoria%2F&amp;t=Cambios+para+ir+por+la+victoria\">\n<img src=\"https:\/\/labestiadeportiva.com\/lbd\/wp-content\/plugins\/jw-share-this\/fb.png\" alt=\"Share this page via Facebook\" \/>\n<\/a>\n<a target=\"_blank\" href=\"http:\/\/twitter.com\/intent\/tweet?text=I+like+https%3A%2F%2Flabestiadeportiva.com%2Flbd%2Fcambios-para-ir-por-la-victoria%2F&amp;title=Cambios+para+ir+por+la+victoria\">\n<img src=\"https:\/\/labestiadeportiva.com\/lbd\/wp-content\/plugins\/jw-share-this\/twitter.png\" alt=\"Share this page via Twitter\" \/>\n<\/a>\n<\/div>\n","protected":false},"excerpt":{"rendered":"<p>El pr\u00f3ximo fin de semana en el trazado n\u00b0 8 del aut\u00f3dromo \u201cOscar y Juan G\u00e1lvez\u201d se desarrollar\u00e1 el cuarto compromiso de la temporada dentro de la Clase Tres del Turismo Pista, en donde estar\u00e1 presente el piloto ushuaiense Lucas Yerobi. Modificaciones en el chasis y nuevo motor son las principales modificaciones que presentar\u00e1 el &hellip; <a href=\"https:\/\/labestiadeportiva.com\/lbd\/cambios-para-ir-por-la-victoria\/\" class=\"more-link\">Seguir leyendo <span class=\"screen-reader-text\">Cambios para ir por la victoria<\/span> <span class=\"meta-nav\">&rarr;<\/span><\/a><\/p>\n","protected":false},"author":1,"featured_media":15543,"comment_status":"open","ping_status":"open","sticky":false,"template":"","format":"standard","meta":[],"categories":[2135,5,6,1],"tags":[445,86,152,808],"_links":{"self":[{"href":"https:\/\/labestiadeportiva.com\/lbd\/wp-json\/wp\/v2\/posts\/15542"}],"collection":[{"href":"https:\/\/labestiadeportiva.com\/lbd\/wp-json\/wp\/v2\/posts"}],"about":[{"href":"https:\/\/labestiadeportiva.com\/lbd\/wp-json\/wp\/v2\/types\/post"}],"author":[{"embeddable":true,"href":"https:\/\/labestiadeportiva.com\/lbd\/wp-json\/wp\/v2\/users\/1"}],"replies":[{"embeddable":true,"href":"https:\/\/labestiadeportiva.com\/lbd\/wp-json\/wp\/v2\/comments?post=15542"}],"version-history":[{"count":2,"href":"https:\/\/labestiadeportiva.com\/lbd\/wp-json\/wp\/v2\/posts\/15542\/revisions"}],"predecessor-version":[{"id":15545,"href":"https:\/\/labestiadeportiva.com\/lbd\/wp-json\/wp\/v2\/posts\/15542\/revisions\/15545"}],"wp:featuredmedia":[{"embeddable":true,"href":"https:\/\/labestiadeportiva.com\/lbd\/wp-json\/wp\/v2\/media\/15543"}],"wp:attachment":[{"href":"https:\/\/labestiadeportiva.com\/lbd\/wp-json\/wp\/v2\/media?parent=15542"}],"wp:term":[{"taxonomy":"category","embeddable":true,"href":"https:\/\/labestiadeportiva.com\/lbd\/wp-json\/wp\/v2\/categories?post=15542"},{"taxonomy":"post_tag","embeddable":true,"href":"https:\/\/labestiadeportiva.com\/lbd\/wp-json\/wp\/v2\/tags?post=15542"}],"curies":[{"name":"wp","href":"https:\/\/api.w.org\/{rel}","templated":true}]}}