{"id":15546,"date":"2015-05-07T02:58:25","date_gmt":"2015-05-07T05:58:25","guid":{"rendered":"http:\/\/labestiadeportiva.com\/lbd\/?p=15546"},"modified":"2015-05-07T02:58:25","modified_gmt":"2015-05-07T05:58:25","slug":"chavez-esta-de-regreso","status":"publish","type":"post","link":"https:\/\/labestiadeportiva.com\/lbd\/chavez-esta-de-regreso\/","title":{"rendered":"Ch\u00e1vez est\u00e1 de regreso"},"content":{"rendered":"<p><a href=\"http:\/\/labestiadeportiva.com\/lbd\/wp-content\/uploads\/2015\/05\/DSC_5400.jpg\"><img loading=\"lazy\" class=\"alignleft size-medium wp-image-15547\" src=\"http:\/\/labestiadeportiva.com\/lbd\/wp-content\/uploads\/2015\/05\/DSC_5400-300x231.jpg\" alt=\"DSC_5400\" width=\"300\" height=\"231\" srcset=\"https:\/\/labestiadeportiva.com\/lbd\/wp-content\/uploads\/2015\/05\/DSC_5400-300x231.jpg 300w, https:\/\/labestiadeportiva.com\/lbd\/wp-content\/uploads\/2015\/05\/DSC_5400.jpg 780w\" sizes=\"(max-width: 300px) 100vw, 300px\" \/><\/a>D\u00edas atr\u00e1s el sensei Marcelo Ch\u00e1vez, 6\u00b0 Dan local, m\u00e1ximo referente de la Escuela Shorinryu particip\u00f3 en la provincia de Buenos Aires en dos eventos competitivos organizados por Federaciones que nuclean al Karate Do Tradicional Okinawense. Dentro de sus principales producciones obtuvo primeros lugares en Kata Danes y Kata Danes Seniors mientras que fue segundo en Kobudo Bo (Bast\u00f3n Largo).<!--more--><\/p>\n<p>Los mismos se llevaron a cabo en Ituzaing\u00f3 (FAOKKR) y Mor\u00f3n (FAKKO), provincia de Buenos Aires donde participaron diferentes escuelas de Karate Do Tradicional con sede en Okinawa, Jap\u00f3n.<\/p>\n<p>El sensei local particip\u00f3 de dos categor\u00edas para cinturones negros, una de Kata (formas) y otra de Kobudo (manejo de armas). En formas logr\u00f3 el primer lugar en ambas competencias mientras que a la hora de competir en Bast\u00f3n Largo consigui\u00f3 segundos lugares en sendos torneos.<\/p>\n<p>Las competencias contaron con una din\u00e1mica similar donde por la ma\u00f1ana compitieron las categor\u00edas infantiles y por la tarde juveniles y adultos, contando con un importante n\u00famero de competidores.<\/p>\n<p><a href=\"http:\/\/labestiadeportiva.com\/lbd\/wp-content\/uploads\/2015\/05\/podio.jpg\"><img loading=\"lazy\" class=\"aligncenter size-medium wp-image-15548\" src=\"http:\/\/labestiadeportiva.com\/lbd\/wp-content\/uploads\/2015\/05\/podio-241x300.jpg\" alt=\"podio\" width=\"241\" height=\"300\" srcset=\"https:\/\/labestiadeportiva.com\/lbd\/wp-content\/uploads\/2015\/05\/podio-241x300.jpg 241w, https:\/\/labestiadeportiva.com\/lbd\/wp-content\/uploads\/2015\/05\/podio.jpg 600w\" sizes=\"(max-width: 241px) 100vw, 241px\" \/><\/a>Desde LBD nos contactamos brevemente con Ch\u00e1vez quien a modo de balance nos dijo:<span style=\"color: #0000ff;\"> \u00abEstoy conforme con mi desempe\u00f1o, pese a que eran las primeras competencias despu\u00e9s de una lesi\u00f3n en mi hombro izquierdo, que me tuvo parado sin poder practicar durante el verano. Pese a eso empec\u00e9 mi pr\u00e1ctica en febrero y afortunadamente llegu\u00e9 bien y sin dolor a la hora de representar a nuestra provincia. Quiero agradecer al equipo del CRD Ushuaia y en especial al Licenciado Felipe Mosse, por ayudarme en mi recuperaci\u00f3n\u201d<\/span>.<\/p>\n<div class='epvc-post-count'><span class='epvc-eye'><\/span>  <span class=\"epvc-count\"> 1.217<\/span><span class='epvc-label'> veces le\u00edda<\/span><\/div>\n<div class=\"jwsharethis\">\nShare this: \n<br \/>\n<a href=\"mailto:?subject=Ch%C3%A1vez%20est%C3%A1%20de%20regreso&amp;body=https%3A%2F%2Flabestiadeportiva.com%2Flbd%2Fchavez-esta-de-regreso%2F\">\n<img src=\"https:\/\/labestiadeportiva.com\/lbd\/wp-content\/plugins\/jw-share-this\/email.png\" alt=\"Share this page via Email\" \/>\n<\/a>\n<a target=\"_blank\" href=\"http:\/\/www.stumbleupon.com\/submit?url=https%3A%2F%2Flabestiadeportiva.com%2Flbd%2Fchavez-esta-de-regreso%2F&amp;title=Ch%C3%A1vez+est%C3%A1+de+regreso\">\n<img src=\"https:\/\/labestiadeportiva.com\/lbd\/wp-content\/plugins\/jw-share-this\/su.png\" alt=\"Share this page via Stumble Upon\" \/>\n<\/a>\n<a target=\"_blank\" href=\"http:\/\/digg.com\/submit?url=https%3A%2F%2Flabestiadeportiva.com%2Flbd%2Fchavez-esta-de-regreso%2F&amp;title=Ch%C3%A1vez+est%C3%A1+de+regreso\">\n<img src=\"https:\/\/labestiadeportiva.com\/lbd\/wp-content\/plugins\/jw-share-this\/digg.png\" alt=\"Share this page via Digg this\" \/>\n<\/a>\n<a target=\"_blank\" href=\"http:\/\/www.facebook.com\/sharer.php?u=https%3A%2F%2Flabestiadeportiva.com%2Flbd%2Fchavez-esta-de-regreso%2F&amp;t=Ch%C3%A1vez+est%C3%A1+de+regreso\">\n<img src=\"https:\/\/labestiadeportiva.com\/lbd\/wp-content\/plugins\/jw-share-this\/fb.png\" alt=\"Share this page via Facebook\" \/>\n<\/a>\n<a target=\"_blank\" href=\"http:\/\/twitter.com\/intent\/tweet?text=I+like+https%3A%2F%2Flabestiadeportiva.com%2Flbd%2Fchavez-esta-de-regreso%2F&amp;title=Ch%C3%A1vez+est%C3%A1+de+regreso\">\n<img src=\"https:\/\/labestiadeportiva.com\/lbd\/wp-content\/plugins\/jw-share-this\/twitter.png\" alt=\"Share this page via Twitter\" \/>\n<\/a>\n<\/div>\n","protected":false},"excerpt":{"rendered":"<p>D\u00edas atr\u00e1s el sensei Marcelo Ch\u00e1vez, 6\u00b0 Dan local, m\u00e1ximo referente de la Escuela Shorinryu particip\u00f3 en la provincia de Buenos Aires en dos eventos competitivos organizados por Federaciones que nuclean al Karate Do Tradicional Okinawense. Dentro de sus principales producciones obtuvo primeros lugares en Kata Danes y Kata Danes Seniors mientras que fue segundo &hellip; <a href=\"https:\/\/labestiadeportiva.com\/lbd\/chavez-esta-de-regreso\/\" class=\"more-link\">Seguir leyendo <span class=\"screen-reader-text\">Ch\u00e1vez est\u00e1 de regreso<\/span> <span class=\"meta-nav\">&rarr;<\/span><\/a><\/p>\n","protected":false},"author":1,"featured_media":15547,"comment_status":"open","ping_status":"open","sticky":false,"template":"","format":"standard","meta":[],"categories":[2136,5,6,1],"tags":[2138,2137,1136,83],"_links":{"self":[{"href":"https:\/\/labestiadeportiva.com\/lbd\/wp-json\/wp\/v2\/posts\/15546"}],"collection":[{"href":"https:\/\/labestiadeportiva.com\/lbd\/wp-json\/wp\/v2\/posts"}],"about":[{"href":"https:\/\/labestiadeportiva.com\/lbd\/wp-json\/wp\/v2\/types\/post"}],"author":[{"embeddable":true,"href":"https:\/\/labestiadeportiva.com\/lbd\/wp-json\/wp\/v2\/users\/1"}],"replies":[{"embeddable":true,"href":"https:\/\/labestiadeportiva.com\/lbd\/wp-json\/wp\/v2\/comments?post=15546"}],"version-history":[{"count":1,"href":"https:\/\/labestiadeportiva.com\/lbd\/wp-json\/wp\/v2\/posts\/15546\/revisions"}],"predecessor-version":[{"id":15549,"href":"https:\/\/labestiadeportiva.com\/lbd\/wp-json\/wp\/v2\/posts\/15546\/revisions\/15549"}],"wp:featuredmedia":[{"embeddable":true,"href":"https:\/\/labestiadeportiva.com\/lbd\/wp-json\/wp\/v2\/media\/15547"}],"wp:attachment":[{"href":"https:\/\/labestiadeportiva.com\/lbd\/wp-json\/wp\/v2\/media?parent=15546"}],"wp:term":[{"taxonomy":"category","embeddable":true,"href":"https:\/\/labestiadeportiva.com\/lbd\/wp-json\/wp\/v2\/categories?post=15546"},{"taxonomy":"post_tag","embeddable":true,"href":"https:\/\/labestiadeportiva.com\/lbd\/wp-json\/wp\/v2\/tags?post=15546"}],"curies":[{"name":"wp","href":"https:\/\/api.w.org\/{rel}","templated":true}]}}