{"id":15557,"date":"2015-05-08T00:25:10","date_gmt":"2015-05-08T03:25:10","guid":{"rendered":"http:\/\/labestiadeportiva.com\/lbd\/?p=15557"},"modified":"2015-05-08T00:25:58","modified_gmt":"2015-05-08T03:25:58","slug":"para-el-futbol-en-espana","status":"publish","type":"post","link":"https:\/\/labestiadeportiva.com\/lbd\/para-el-futbol-en-espana\/","title":{"rendered":"Para el f\u00fatbol en Espa\u00f1a"},"content":{"rendered":"<p>Por Daniel Campos (Corresponsal LBD en Palma de Mallorca, Espa\u00f1a)<\/p>\n<p><a href=\"http:\/\/labestiadeportiva.com\/lbd\/wp-content\/uploads\/2015\/05\/estadio.jpg\"><img loading=\"lazy\" class=\"alignleft size-medium wp-image-15558\" src=\"http:\/\/labestiadeportiva.com\/lbd\/wp-content\/uploads\/2015\/05\/estadio-300x200.jpg\" alt=\"estadio\" width=\"300\" height=\"200\" srcset=\"https:\/\/labestiadeportiva.com\/lbd\/wp-content\/uploads\/2015\/05\/estadio-300x200.jpg 300w, https:\/\/labestiadeportiva.com\/lbd\/wp-content\/uploads\/2015\/05\/estadio.jpg 640w\" sizes=\"(max-width: 300px) 100vw, 300px\" \/><\/a>La Federaci\u00f3n Espa\u00f1ola de F\u00fatbol,\u00a0 a propuesta de la Asociaci\u00f3n de Futbolistas Espa\u00f1oles, han decidido convocar \u00a0una huelga por tiempo indefinido. \u00a0En un breve y escueto comunicado de prensa la RFEF ha determinado la suspensi\u00f3n indefinida de\u00a0 todas las competiciones, a partir del 16 de mayo del presente a\u00f1o, ya que est\u00e1 en desacuerdo con el decreto sobre derechos de televisi\u00f3n que el pasado 30 de abril fue aprobado por el Consejo de Ministros.<!--more--><\/p>\n<p>El contenido del Real Decreto-ley 5\/2015 entre otras cosas regulariza la venta centralizada de los derechos de televisi\u00f3n, adem\u00e1s de que el gobierno espa\u00f1ol quiere que los jugadores profesionales tributen un 50 % del IRPF (impuesto a la renta de las personas f\u00edsicas) y no el 30 %\u00a0 de \u00a0impuestos de sociedades que utilizan la mayor\u00eda de las estrellas del f\u00fatbol que juegan en Espa\u00f1a.<\/p>\n<p>La organizaci\u00f3n que nuclea a los deportistas la AFE propuso esta medida de fuerza que la Federaci\u00f3n apoya. De seguir adelante con esta medida de fuerza corre peligro la definici\u00f3n de la Liga y tampoco se disputar\u00eda la final de Copa del Rey.\u00a0 No es la primera vez\u00a0 que se convoca una huelga del f\u00fatbol en Espa\u00f1a, hace un par de meses, el llamado f\u00fatbol base, aglutinado en sus diecisiete federaciones territoriales, suspendieron todas sus actividades.<\/p>\n<div class='epvc-post-count'><span class='epvc-eye'><\/span>  <span class=\"epvc-count\"> 1.229<\/span><span class='epvc-label'> veces le\u00edda<\/span><\/div>\n<div class=\"jwsharethis\">\nShare this: \n<br \/>\n<a href=\"mailto:?subject=Para%20el%20f%C3%BAtbol%20en%20Espa%C3%B1a&amp;body=https%3A%2F%2Flabestiadeportiva.com%2Flbd%2Fpara-el-futbol-en-espana%2F\">\n<img src=\"https:\/\/labestiadeportiva.com\/lbd\/wp-content\/plugins\/jw-share-this\/email.png\" alt=\"Share this page via Email\" \/>\n<\/a>\n<a target=\"_blank\" href=\"http:\/\/www.stumbleupon.com\/submit?url=https%3A%2F%2Flabestiadeportiva.com%2Flbd%2Fpara-el-futbol-en-espana%2F&amp;title=Para+el+f%C3%BAtbol+en+Espa%C3%B1a\">\n<img src=\"https:\/\/labestiadeportiva.com\/lbd\/wp-content\/plugins\/jw-share-this\/su.png\" alt=\"Share this page via Stumble Upon\" \/>\n<\/a>\n<a target=\"_blank\" href=\"http:\/\/digg.com\/submit?url=https%3A%2F%2Flabestiadeportiva.com%2Flbd%2Fpara-el-futbol-en-espana%2F&amp;title=Para+el+f%C3%BAtbol+en+Espa%C3%B1a\">\n<img src=\"https:\/\/labestiadeportiva.com\/lbd\/wp-content\/plugins\/jw-share-this\/digg.png\" alt=\"Share this page via Digg this\" \/>\n<\/a>\n<a target=\"_blank\" href=\"http:\/\/www.facebook.com\/sharer.php?u=https%3A%2F%2Flabestiadeportiva.com%2Flbd%2Fpara-el-futbol-en-espana%2F&amp;t=Para+el+f%C3%BAtbol+en+Espa%C3%B1a\">\n<img src=\"https:\/\/labestiadeportiva.com\/lbd\/wp-content\/plugins\/jw-share-this\/fb.png\" alt=\"Share this page via Facebook\" \/>\n<\/a>\n<a target=\"_blank\" href=\"http:\/\/twitter.com\/intent\/tweet?text=I+like+https%3A%2F%2Flabestiadeportiva.com%2Flbd%2Fpara-el-futbol-en-espana%2F&amp;title=Para+el+f%C3%BAtbol+en+Espa%C3%B1a\">\n<img src=\"https:\/\/labestiadeportiva.com\/lbd\/wp-content\/plugins\/jw-share-this\/twitter.png\" alt=\"Share this page via Twitter\" \/>\n<\/a>\n<\/div>\n","protected":false},"excerpt":{"rendered":"<p>Por Daniel Campos (Corresponsal LBD en Palma de Mallorca, Espa\u00f1a) La Federaci\u00f3n Espa\u00f1ola de F\u00fatbol,\u00a0 a propuesta de la Asociaci\u00f3n de Futbolistas Espa\u00f1oles, han decidido convocar \u00a0una huelga por tiempo indefinido. \u00a0En un breve y escueto comunicado de prensa la RFEF ha determinado la suspensi\u00f3n indefinida de\u00a0 todas las competiciones, a partir del 16 de &hellip; <a href=\"https:\/\/labestiadeportiva.com\/lbd\/para-el-futbol-en-espana\/\" class=\"more-link\">Seguir leyendo <span class=\"screen-reader-text\">Para el f\u00fatbol en Espa\u00f1a<\/span> <span class=\"meta-nav\">&rarr;<\/span><\/a><\/p>\n","protected":false},"author":1,"featured_media":15558,"comment_status":"open","ping_status":"open","sticky":false,"template":"","format":"standard","meta":[],"categories":[4,14,1],"tags":[1135,4830,83],"_links":{"self":[{"href":"https:\/\/labestiadeportiva.com\/lbd\/wp-json\/wp\/v2\/posts\/15557"}],"collection":[{"href":"https:\/\/labestiadeportiva.com\/lbd\/wp-json\/wp\/v2\/posts"}],"about":[{"href":"https:\/\/labestiadeportiva.com\/lbd\/wp-json\/wp\/v2\/types\/post"}],"author":[{"embeddable":true,"href":"https:\/\/labestiadeportiva.com\/lbd\/wp-json\/wp\/v2\/users\/1"}],"replies":[{"embeddable":true,"href":"https:\/\/labestiadeportiva.com\/lbd\/wp-json\/wp\/v2\/comments?post=15557"}],"version-history":[{"count":2,"href":"https:\/\/labestiadeportiva.com\/lbd\/wp-json\/wp\/v2\/posts\/15557\/revisions"}],"predecessor-version":[{"id":15560,"href":"https:\/\/labestiadeportiva.com\/lbd\/wp-json\/wp\/v2\/posts\/15557\/revisions\/15560"}],"wp:featuredmedia":[{"embeddable":true,"href":"https:\/\/labestiadeportiva.com\/lbd\/wp-json\/wp\/v2\/media\/15558"}],"wp:attachment":[{"href":"https:\/\/labestiadeportiva.com\/lbd\/wp-json\/wp\/v2\/media?parent=15557"}],"wp:term":[{"taxonomy":"category","embeddable":true,"href":"https:\/\/labestiadeportiva.com\/lbd\/wp-json\/wp\/v2\/categories?post=15557"},{"taxonomy":"post_tag","embeddable":true,"href":"https:\/\/labestiadeportiva.com\/lbd\/wp-json\/wp\/v2\/tags?post=15557"}],"curies":[{"name":"wp","href":"https:\/\/api.w.org\/{rel}","templated":true}]}}