{"id":16240,"date":"2015-06-29T18:12:05","date_gmt":"2015-06-29T21:12:05","guid":{"rendered":"http:\/\/labestiadeportiva.com\/lbd\/?p=16240"},"modified":"2015-06-29T18:12:05","modified_gmt":"2015-06-29T21:12:05","slug":"rumbo-al-titulo","status":"publish","type":"post","link":"https:\/\/labestiadeportiva.com\/lbd\/rumbo-al-titulo\/","title":{"rendered":"Rumbo al t\u00edtulo"},"content":{"rendered":"<p><a href=\"http:\/\/labestiadeportiva.com\/lbd\/wp-content\/uploads\/2015\/06\/Mailing-1-copia.jpg\"><img loading=\"lazy\" class=\"alignleft size-medium wp-image-16241\" src=\"http:\/\/labestiadeportiva.com\/lbd\/wp-content\/uploads\/2015\/06\/Mailing-1-copia-300x196.jpg\" alt=\"Mailing 1 - copia\" width=\"300\" height=\"196\" srcset=\"https:\/\/labestiadeportiva.com\/lbd\/wp-content\/uploads\/2015\/06\/Mailing-1-copia-300x196.jpg 300w, https:\/\/labestiadeportiva.com\/lbd\/wp-content\/uploads\/2015\/06\/Mailing-1-copia-1024x669.jpg 1024w, https:\/\/labestiadeportiva.com\/lbd\/wp-content\/uploads\/2015\/06\/Mailing-1-copia.jpg 1600w\" sizes=\"(max-width: 300px) 100vw, 300px\" \/><\/a>El ushuaiense Lucas Bonetto, representante del YPF Elaion Moto Rally, volvi\u00f3 a demostrar toda su capacidad conductiva en San Juan y se qued\u00f3 con la victoria en la segunda fecha del CARCC. Manejando la diferencia con tranquilidad, supo sumar puntos gordos y quedar a tiro de su bicampeonato en los quads. Fuente y foto prensa Lucas Bonetto.<!--more--><\/p>\n<p>Representante de YPF Elaion Moto Rally, Lucas Bonetto no tuvo mayores inconvenientes salvo un peque\u00f1o error de navegaci\u00f3n en la primera etapa para alzarse con el triunfo en el Rally de San Juan, segunda fecha de la temporada para el Campeonato Argentino de la especialidad, con contundencia y abriendo una brecha en la punta de las posiciones.<\/p>\n<p>El fueguino, que llegaba de ganar una etapa en el Dakar 2015 y triunfar sin atenuantes en el Desaf\u00edo Ruta 40, repiti\u00f3 la faena al conseguir un nuevo \u00e9xito en el CARCC, donde ya lleva cuatro victorias al hilo dentro de los cuatriciclos.<\/p>\n<p>Este domingo dej\u00f3 atr\u00e1s casi 300 km de prueba especial, llegando a la meta en la posici\u00f3n de privilegio y adjudic\u00e1ndose la general tras ser escolta el primer d\u00eda para luego quedarse con los dos subsiguientes.<\/p>\n<p>Al respecto, Bonetto manifest\u00f3: <span style=\"color: #0000ff;\">\u201cFue una etapa linda la de cierre, complicada para ser la \u00faltima. No fue un simple final sino 270 kil\u00f3metros duros y exigentes en los cuales hubo que ser precavidos, caminos rotos, zonas de mucha piedra, fuera de pista, un r\u00edo pantanoso. La verdad que entretenido. Nosotros salimos a preservar la diferencia que ten\u00edamos para coronar un gran fin de semana\u201d.<\/span><\/p>\n<p><span style=\"color: #0000ff;\">\u201cAhora se vendr\u00e1 el Desaf\u00edo Inca en septiembre y en octubre el Gran Premio Coronaci\u00f3n del Campeonato Argentino en sede a designar\u201d<\/span>, enfatiz\u00f3 para concluir sus declaraciones a la prensa.<\/p>\n<p><span style=\"color: #ff6600;\">Rally de San Juan<\/span><br \/>\nEtapa 3 &#8211; Quads<br \/>\n<span style=\"color: #ff0000;\">1) #51 Lucas BONETTO (Arg\/Honda) 2:15.02<\/span><br \/>\n2) #52 Nelson SANABRIA (Par\/Yamaha) +2.53<br \/>\n3) #61 Pablo COPETTI (Arg\/Yamaha) +13.04<br \/>\n4) #55 Carlos VERZA (Arg\/Yamaha) +22.04<\/p>\n<p><span style=\"color: #0000ff;\">Clasificaci\u00f3n General &#8211; Quads<\/span><br \/>\n<span style=\"color: #ff0000;\">1) #51 Lucas BONETTO (Arg\/Honda) 10:32.52<\/span><br \/>\n2) #52 Nelson SANABRIA (Par\/Yamaha) +49.16<br \/>\n3) #61 Pablo COPETTI (Arg\/Yamaha) +1:22.10<br \/>\n4) #60 Gast\u00f3n GONZ\u00c1LEZ (Arg\/Yamaha) +1:34.58<\/p>\n<p>Para escuchar la palabra de Lucas click aqu\u00ed <span style=\"color: #ff0000;\">https:\/\/youtu.be\/-uty-BwzmmY<\/span><\/p>\n<p><a href=\"http:\/\/labestiadeportiva.com\/lbd\/wp-content\/uploads\/2015\/06\/Mailing-23.jpg\"><img loading=\"lazy\" class=\"aligncenter size-medium wp-image-16242\" src=\"http:\/\/labestiadeportiva.com\/lbd\/wp-content\/uploads\/2015\/06\/Mailing-23-300x191.jpg\" alt=\"Mailing 2\" width=\"300\" height=\"191\" srcset=\"https:\/\/labestiadeportiva.com\/lbd\/wp-content\/uploads\/2015\/06\/Mailing-23-300x191.jpg 300w, https:\/\/labestiadeportiva.com\/lbd\/wp-content\/uploads\/2015\/06\/Mailing-23-1024x653.jpg 1024w, https:\/\/labestiadeportiva.com\/lbd\/wp-content\/uploads\/2015\/06\/Mailing-23.jpg 1600w\" sizes=\"(max-width: 300px) 100vw, 300px\" \/><\/a><\/p>\n<p>Lucas Bonetto y equipo agradecen a sus sponsors: YPF Elaion Moto, Mercedes Benz Tierra del Fuego y LS2 Helmets. Asimismo a toda la gente de Tierra del Fuego, familia y amigos que apoyan de manera incondicional.<\/p>\n<div class='epvc-post-count'><span class='epvc-eye'><\/span>  <span class=\"epvc-count\"> 1.244<\/span><span class='epvc-label'> veces le\u00edda<\/span><\/div>\n<div class=\"jwsharethis\">\nShare this: \n<br \/>\n<a href=\"mailto:?subject=Rumbo%20al%20t%C3%ADtulo&amp;body=https%3A%2F%2Flabestiadeportiva.com%2Flbd%2Frumbo-al-titulo%2F\">\n<img src=\"https:\/\/labestiadeportiva.com\/lbd\/wp-content\/plugins\/jw-share-this\/email.png\" alt=\"Share this page via Email\" \/>\n<\/a>\n<a target=\"_blank\" href=\"http:\/\/www.stumbleupon.com\/submit?url=https%3A%2F%2Flabestiadeportiva.com%2Flbd%2Frumbo-al-titulo%2F&amp;title=Rumbo+al+t%C3%ADtulo\">\n<img src=\"https:\/\/labestiadeportiva.com\/lbd\/wp-content\/plugins\/jw-share-this\/su.png\" alt=\"Share this page via Stumble Upon\" \/>\n<\/a>\n<a target=\"_blank\" href=\"http:\/\/digg.com\/submit?url=https%3A%2F%2Flabestiadeportiva.com%2Flbd%2Frumbo-al-titulo%2F&amp;title=Rumbo+al+t%C3%ADtulo\">\n<img src=\"https:\/\/labestiadeportiva.com\/lbd\/wp-content\/plugins\/jw-share-this\/digg.png\" alt=\"Share this page via Digg this\" \/>\n<\/a>\n<a target=\"_blank\" href=\"http:\/\/www.facebook.com\/sharer.php?u=https%3A%2F%2Flabestiadeportiva.com%2Flbd%2Frumbo-al-titulo%2F&amp;t=Rumbo+al+t%C3%ADtulo\">\n<img src=\"https:\/\/labestiadeportiva.com\/lbd\/wp-content\/plugins\/jw-share-this\/fb.png\" alt=\"Share this page via Facebook\" \/>\n<\/a>\n<a target=\"_blank\" href=\"http:\/\/twitter.com\/intent\/tweet?text=I+like+https%3A%2F%2Flabestiadeportiva.com%2Flbd%2Frumbo-al-titulo%2F&amp;title=Rumbo+al+t%C3%ADtulo\">\n<img src=\"https:\/\/labestiadeportiva.com\/lbd\/wp-content\/plugins\/jw-share-this\/twitter.png\" alt=\"Share this page via Twitter\" \/>\n<\/a>\n<\/div>\n","protected":false},"excerpt":{"rendered":"<p>El ushuaiense Lucas Bonetto, representante del YPF Elaion Moto Rally, volvi\u00f3 a demostrar toda su capacidad conductiva en San Juan y se qued\u00f3 con la victoria en la segunda fecha del CARCC. Manejando la diferencia con tranquilidad, supo sumar puntos gordos y quedar a tiro de su bicampeonato en los quads. Fuente y foto prensa &hellip; <a href=\"https:\/\/labestiadeportiva.com\/lbd\/rumbo-al-titulo\/\" class=\"more-link\">Seguir leyendo <span class=\"screen-reader-text\">Rumbo al t\u00edtulo<\/span> <span class=\"meta-nav\">&rarr;<\/span><\/a><\/p>\n","protected":false},"author":1,"featured_media":16241,"comment_status":"open","ping_status":"open","sticky":false,"template":"","format":"standard","meta":[],"categories":[2160,5,4,6,2159,1],"tags":[255,353,71,2224],"_links":{"self":[{"href":"https:\/\/labestiadeportiva.com\/lbd\/wp-json\/wp\/v2\/posts\/16240"}],"collection":[{"href":"https:\/\/labestiadeportiva.com\/lbd\/wp-json\/wp\/v2\/posts"}],"about":[{"href":"https:\/\/labestiadeportiva.com\/lbd\/wp-json\/wp\/v2\/types\/post"}],"author":[{"embeddable":true,"href":"https:\/\/labestiadeportiva.com\/lbd\/wp-json\/wp\/v2\/users\/1"}],"replies":[{"embeddable":true,"href":"https:\/\/labestiadeportiva.com\/lbd\/wp-json\/wp\/v2\/comments?post=16240"}],"version-history":[{"count":1,"href":"https:\/\/labestiadeportiva.com\/lbd\/wp-json\/wp\/v2\/posts\/16240\/revisions"}],"predecessor-version":[{"id":16243,"href":"https:\/\/labestiadeportiva.com\/lbd\/wp-json\/wp\/v2\/posts\/16240\/revisions\/16243"}],"wp:featuredmedia":[{"embeddable":true,"href":"https:\/\/labestiadeportiva.com\/lbd\/wp-json\/wp\/v2\/media\/16241"}],"wp:attachment":[{"href":"https:\/\/labestiadeportiva.com\/lbd\/wp-json\/wp\/v2\/media?parent=16240"}],"wp:term":[{"taxonomy":"category","embeddable":true,"href":"https:\/\/labestiadeportiva.com\/lbd\/wp-json\/wp\/v2\/categories?post=16240"},{"taxonomy":"post_tag","embeddable":true,"href":"https:\/\/labestiadeportiva.com\/lbd\/wp-json\/wp\/v2\/tags?post=16240"}],"curies":[{"name":"wp","href":"https:\/\/api.w.org\/{rel}","templated":true}]}}