{"id":16268,"date":"2015-07-01T18:03:10","date_gmt":"2015-07-01T21:03:10","guid":{"rendered":"http:\/\/labestiadeportiva.com\/lbd\/?p=16268"},"modified":"2015-07-01T18:06:02","modified_gmt":"2015-07-01T21:06:02","slug":"estamos-experimentando-el-nuevo-formato-de-carrera-audio","status":"publish","type":"post","link":"https:\/\/labestiadeportiva.com\/lbd\/estamos-experimentando-el-nuevo-formato-de-carrera-audio\/","title":{"rendered":"\u201cEstamos experimentando el nuevo formato de carrera\u201d (Audio)"},"content":{"rendered":"<p><a href=\"http:\/\/labestiadeportiva.com\/lbd\/wp-content\/uploads\/2015\/07\/11659250_665885940211377_1745500036533291032_n1.jpg\"><img loading=\"lazy\" class=\"alignleft size-full wp-image-16271\" src=\"http:\/\/labestiadeportiva.com\/lbd\/wp-content\/uploads\/2015\/07\/11659250_665885940211377_1745500036533291032_n1.jpg\" alt=\"11659250_665885940211377_1745500036533291032_n\" width=\"262\" height=\"209\" \/><\/a>El joven pilotos ushuaiense de cuatriciclos, Lucas Bonetto, se adjudic\u00f3 la 2\u00b0 fecha del CARCC realizada en la provincia de San Juan. El actual campe\u00f3n argentino en Quads 4&#215;2 defiende el t\u00edtulo y se prepara para un nuevo Dakar en enero pr\u00f3ximo. En septiembre se presentar\u00e1 en el Desaf\u00edo Inca peruano mientras que en octubre estar\u00e1 en el premio coronaci\u00f3n. Desde LBD charlamos con \u00e9l, estas son sus principales declaraciones. <!--more--><\/p>\n<p><iframe loading=\"lazy\" src=\"https:\/\/www.youtube.com\/embed\/NoNpwHzKldM\" width=\"560\" height=\"315\" frameborder=\"0\" allowfullscreen=\"allowfullscreen\"><\/iframe><\/p>\n<div class='epvc-post-count'><span class='epvc-eye'><\/span>  <span class=\"epvc-count\"> 1.215<\/span><span class='epvc-label'> veces le\u00edda<\/span><\/div>\n<div class=\"jwsharethis\">\nShare this: \n<br \/>\n<a href=\"mailto:?subject=%E2%80%9CEstamos%20experimentando%20el%20nuevo%20formato%20de%20carrera%E2%80%9D%20%28Audio%29&amp;body=https%3A%2F%2Flabestiadeportiva.com%2Flbd%2Festamos-experimentando-el-nuevo-formato-de-carrera-audio%2F\">\n<img src=\"https:\/\/labestiadeportiva.com\/lbd\/wp-content\/plugins\/jw-share-this\/email.png\" alt=\"Share this page via Email\" \/>\n<\/a>\n<a target=\"_blank\" href=\"http:\/\/www.stumbleupon.com\/submit?url=https%3A%2F%2Flabestiadeportiva.com%2Flbd%2Festamos-experimentando-el-nuevo-formato-de-carrera-audio%2F&amp;title=%E2%80%9CEstamos+experimentando+el+nuevo+formato+de+carrera%E2%80%9D+%28Audio%29\">\n<img src=\"https:\/\/labestiadeportiva.com\/lbd\/wp-content\/plugins\/jw-share-this\/su.png\" alt=\"Share this page via Stumble Upon\" \/>\n<\/a>\n<a target=\"_blank\" href=\"http:\/\/digg.com\/submit?url=https%3A%2F%2Flabestiadeportiva.com%2Flbd%2Festamos-experimentando-el-nuevo-formato-de-carrera-audio%2F&amp;title=%E2%80%9CEstamos+experimentando+el+nuevo+formato+de+carrera%E2%80%9D+%28Audio%29\">\n<img src=\"https:\/\/labestiadeportiva.com\/lbd\/wp-content\/plugins\/jw-share-this\/digg.png\" alt=\"Share this page via Digg this\" \/>\n<\/a>\n<a target=\"_blank\" href=\"http:\/\/www.facebook.com\/sharer.php?u=https%3A%2F%2Flabestiadeportiva.com%2Flbd%2Festamos-experimentando-el-nuevo-formato-de-carrera-audio%2F&amp;t=%E2%80%9CEstamos+experimentando+el+nuevo+formato+de+carrera%E2%80%9D+%28Audio%29\">\n<img src=\"https:\/\/labestiadeportiva.com\/lbd\/wp-content\/plugins\/jw-share-this\/fb.png\" alt=\"Share this page via Facebook\" \/>\n<\/a>\n<a target=\"_blank\" href=\"http:\/\/twitter.com\/intent\/tweet?text=I+like+https%3A%2F%2Flabestiadeportiva.com%2Flbd%2Festamos-experimentando-el-nuevo-formato-de-carrera-audio%2F&amp;title=%E2%80%9CEstamos+experimentando+el+nuevo+formato+de+carrera%E2%80%9D+%28Audio%29\">\n<img src=\"https:\/\/labestiadeportiva.com\/lbd\/wp-content\/plugins\/jw-share-this\/twitter.png\" alt=\"Share this page via Twitter\" \/>\n<\/a>\n<\/div>\n","protected":false},"excerpt":{"rendered":"<p>El joven pilotos ushuaiense de cuatriciclos, Lucas Bonetto, se adjudic\u00f3 la 2\u00b0 fecha del CARCC realizada en la provincia de San Juan. El actual campe\u00f3n argentino en Quads 4&#215;2 defiende el t\u00edtulo y se prepara para un nuevo Dakar en enero pr\u00f3ximo. En septiembre se presentar\u00e1 en el Desaf\u00edo Inca peruano mientras que en octubre &hellip; <a href=\"https:\/\/labestiadeportiva.com\/lbd\/estamos-experimentando-el-nuevo-formato-de-carrera-audio\/\" class=\"more-link\">Seguir leyendo <span class=\"screen-reader-text\">\u201cEstamos experimentando el nuevo formato de carrera\u201d (Audio)<\/span> <span class=\"meta-nav\">&rarr;<\/span><\/a><\/p>\n","protected":false},"author":1,"featured_media":16271,"comment_status":"open","ping_status":"open","sticky":false,"template":"","format":"standard","meta":[],"categories":[2160,5,4,6,60,2159,1],"tags":[242,255,4838,353,71,2224],"_links":{"self":[{"href":"https:\/\/labestiadeportiva.com\/lbd\/wp-json\/wp\/v2\/posts\/16268"}],"collection":[{"href":"https:\/\/labestiadeportiva.com\/lbd\/wp-json\/wp\/v2\/posts"}],"about":[{"href":"https:\/\/labestiadeportiva.com\/lbd\/wp-json\/wp\/v2\/types\/post"}],"author":[{"embeddable":true,"href":"https:\/\/labestiadeportiva.com\/lbd\/wp-json\/wp\/v2\/users\/1"}],"replies":[{"embeddable":true,"href":"https:\/\/labestiadeportiva.com\/lbd\/wp-json\/wp\/v2\/comments?post=16268"}],"version-history":[{"count":3,"href":"https:\/\/labestiadeportiva.com\/lbd\/wp-json\/wp\/v2\/posts\/16268\/revisions"}],"predecessor-version":[{"id":16273,"href":"https:\/\/labestiadeportiva.com\/lbd\/wp-json\/wp\/v2\/posts\/16268\/revisions\/16273"}],"wp:featuredmedia":[{"embeddable":true,"href":"https:\/\/labestiadeportiva.com\/lbd\/wp-json\/wp\/v2\/media\/16271"}],"wp:attachment":[{"href":"https:\/\/labestiadeportiva.com\/lbd\/wp-json\/wp\/v2\/media?parent=16268"}],"wp:term":[{"taxonomy":"category","embeddable":true,"href":"https:\/\/labestiadeportiva.com\/lbd\/wp-json\/wp\/v2\/categories?post=16268"},{"taxonomy":"post_tag","embeddable":true,"href":"https:\/\/labestiadeportiva.com\/lbd\/wp-json\/wp\/v2\/tags?post=16268"}],"curies":[{"name":"wp","href":"https:\/\/api.w.org\/{rel}","templated":true}]}}