{"id":16715,"date":"2015-08-06T16:08:10","date_gmt":"2015-08-06T19:08:10","guid":{"rendered":"http:\/\/labestiadeportiva.com\/lbd\/?p=16715"},"modified":"2015-08-06T16:08:10","modified_gmt":"2015-08-06T19:08:10","slug":"este-va-a-ser-nuestro-torneo-mas-importante-estaremos-representando-a-la-ciudad-la-provincia-y-el-pais-audio","status":"publish","type":"post","link":"https:\/\/labestiadeportiva.com\/lbd\/este-va-a-ser-nuestro-torneo-mas-importante-estaremos-representando-a-la-ciudad-la-provincia-y-el-pais-audio\/","title":{"rendered":"\u201cEste va a ser nuestro torneo m\u00e1s importante, estaremos representando a la ciudad, la provincia y el pa\u00eds\u201d (Audio)"},"content":{"rendered":"<p><a href=\"http:\/\/labestiadeportiva.com\/lbd\/wp-content\/uploads\/2015\/08\/ampl_magallanes-azul-volvi-triunfo_309.jpg\"><img loading=\"lazy\" src=\"http:\/\/labestiadeportiva.com\/lbd\/wp-content\/uploads\/2015\/08\/ampl_magallanes-azul-volvi-triunfo_309-300x178.jpg\" alt=\"ampl_magallanes-azul-volvi-triunfo_309\" width=\"300\" height=\"178\" class=\"alignleft size-medium wp-image-16716\" srcset=\"https:\/\/labestiadeportiva.com\/lbd\/wp-content\/uploads\/2015\/08\/ampl_magallanes-azul-volvi-triunfo_309-300x178.jpg 300w, https:\/\/labestiadeportiva.com\/lbd\/wp-content\/uploads\/2015\/08\/ampl_magallanes-azul-volvi-triunfo_309.jpg 639w\" sizes=\"(max-width: 300px) 100vw, 300px\" \/><\/a>El multicampe\u00f3n local del f\u00fatbol de sal\u00f3n federado, Casa Magallanes, iniciar\u00e1 este jueves su viaje hacia el torneo sudamericano de clubes que se realizar\u00e1 en Miguel\u00f3polis, Brasil, del 11 al 15 de agosto. Extensa charla con su t\u00e9cnico, Alejandro Vel\u00e1zquez, en donde se repas\u00f3 historia, preparaci\u00f3n y expectativas de la primera e hist\u00f3rica participaci\u00f3n internacional para el conjunto ushuaiense.<!--more--><\/p>\n<p>El plantel magall\u00e1nico<br \/>\nMauricio Ch\u00e1vez, Javier Ortega, Marcelo S\u00e1nchez, Dar\u00edo Parafioritti, An\u00edbal N\u00fa\u00f1ez, Juan Jos\u00e9 Bareiro, Hugo Mu\u00f1oz, Natanael Silva, Sebasti\u00e1n Guala, Mauricio Mart\u00ednez, Federico Martiarena y Walter Hidalgo.<\/p>\n<p>Cuerpo T\u00e9cnico: DT Alejandro Vel\u00e1zquez, AT Alberto Hern\u00e1ndez, AT Marcelo Ullua, PF Gustavo Ferreiro, Videos Claudio Chac\u00f3n, Utilero Daniel Barrios, Delegado Jorge Toledo.<\/p>\n<p><iframe loading=\"lazy\" width=\"560\" height=\"315\" src=\"https:\/\/www.youtube.com\/embed\/ZkO4ClZdkIk\" frameborder=\"0\" allowfullscreen><\/iframe><\/p>\n<div class='epvc-post-count'><span class='epvc-eye'><\/span>  <span class=\"epvc-count\"> 1.213<\/span><span class='epvc-label'> veces le\u00edda<\/span><\/div>\n<div class=\"jwsharethis\">\nShare this: \n<br \/>\n<a href=\"mailto:?subject=%E2%80%9CEste%20va%20a%20ser%20nuestro%20torneo%20m%C3%A1s%20importante%2C%20estaremos%20representando%20a%20la%20ciudad%2C%20la%20provincia%20y%20el%20pa%C3%ADs%E2%80%9D%20%28Audio%29&amp;body=https%3A%2F%2Flabestiadeportiva.com%2Flbd%2Feste-va-a-ser-nuestro-torneo-mas-importante-estaremos-representando-a-la-ciudad-la-provincia-y-el-pais-audio%2F\">\n<img src=\"https:\/\/labestiadeportiva.com\/lbd\/wp-content\/plugins\/jw-share-this\/email.png\" alt=\"Share this page via Email\" \/>\n<\/a>\n<a target=\"_blank\" href=\"http:\/\/www.stumbleupon.com\/submit?url=https%3A%2F%2Flabestiadeportiva.com%2Flbd%2Feste-va-a-ser-nuestro-torneo-mas-importante-estaremos-representando-a-la-ciudad-la-provincia-y-el-pais-audio%2F&amp;title=%E2%80%9CEste+va+a+ser+nuestro+torneo+m%C3%A1s+importante%2C+estaremos+representando+a+la+ciudad%2C+la+provincia+y+el+pa%C3%ADs%E2%80%9D+%28Audio%29\">\n<img src=\"https:\/\/labestiadeportiva.com\/lbd\/wp-content\/plugins\/jw-share-this\/su.png\" alt=\"Share this page via Stumble Upon\" \/>\n<\/a>\n<a target=\"_blank\" href=\"http:\/\/digg.com\/submit?url=https%3A%2F%2Flabestiadeportiva.com%2Flbd%2Feste-va-a-ser-nuestro-torneo-mas-importante-estaremos-representando-a-la-ciudad-la-provincia-y-el-pais-audio%2F&amp;title=%E2%80%9CEste+va+a+ser+nuestro+torneo+m%C3%A1s+importante%2C+estaremos+representando+a+la+ciudad%2C+la+provincia+y+el+pa%C3%ADs%E2%80%9D+%28Audio%29\">\n<img src=\"https:\/\/labestiadeportiva.com\/lbd\/wp-content\/plugins\/jw-share-this\/digg.png\" alt=\"Share this page via Digg this\" \/>\n<\/a>\n<a target=\"_blank\" href=\"http:\/\/www.facebook.com\/sharer.php?u=https%3A%2F%2Flabestiadeportiva.com%2Flbd%2Feste-va-a-ser-nuestro-torneo-mas-importante-estaremos-representando-a-la-ciudad-la-provincia-y-el-pais-audio%2F&amp;t=%E2%80%9CEste+va+a+ser+nuestro+torneo+m%C3%A1s+importante%2C+estaremos+representando+a+la+ciudad%2C+la+provincia+y+el+pa%C3%ADs%E2%80%9D+%28Audio%29\">\n<img src=\"https:\/\/labestiadeportiva.com\/lbd\/wp-content\/plugins\/jw-share-this\/fb.png\" alt=\"Share this page via Facebook\" \/>\n<\/a>\n<a target=\"_blank\" href=\"http:\/\/twitter.com\/intent\/tweet?text=I+like+https%3A%2F%2Flabestiadeportiva.com%2Flbd%2Feste-va-a-ser-nuestro-torneo-mas-importante-estaremos-representando-a-la-ciudad-la-provincia-y-el-pais-audio%2F&amp;title=%E2%80%9CEste+va+a+ser+nuestro+torneo+m%C3%A1s+importante%2C+estaremos+representando+a+la+ciudad%2C+la+provincia+y+el+pa%C3%ADs%E2%80%9D+%28Audio%29\">\n<img src=\"https:\/\/labestiadeportiva.com\/lbd\/wp-content\/plugins\/jw-share-this\/twitter.png\" alt=\"Share this page via Twitter\" \/>\n<\/a>\n<\/div>\n","protected":false},"excerpt":{"rendered":"<p>El multicampe\u00f3n local del f\u00fatbol de sal\u00f3n federado, Casa Magallanes, iniciar\u00e1 este jueves su viaje hacia el torneo sudamericano de clubes que se realizar\u00e1 en Miguel\u00f3polis, Brasil, del 11 al 15 de agosto. Extensa charla con su t\u00e9cnico, Alejandro Vel\u00e1zquez, en donde se repas\u00f3 historia, preparaci\u00f3n y expectativas de la primera e hist\u00f3rica participaci\u00f3n internacional &hellip; <a href=\"https:\/\/labestiadeportiva.com\/lbd\/este-va-a-ser-nuestro-torneo-mas-importante-estaremos-representando-a-la-ciudad-la-provincia-y-el-pais-audio\/\" class=\"more-link\">Seguir leyendo <span class=\"screen-reader-text\">\u201cEste va a ser nuestro torneo m\u00e1s importante, estaremos representando a la ciudad, la provincia y el pa\u00eds\u201d (Audio)<\/span> <span class=\"meta-nav\">&rarr;<\/span><\/a><\/p>\n","protected":false},"author":1,"featured_media":16716,"comment_status":"open","ping_status":"open","sticky":false,"template":"","format":"standard","meta":[],"categories":[5,4,6,31,1],"tags":[2290,114,2291,4838,4833,2289,2287,2288],"_links":{"self":[{"href":"https:\/\/labestiadeportiva.com\/lbd\/wp-json\/wp\/v2\/posts\/16715"}],"collection":[{"href":"https:\/\/labestiadeportiva.com\/lbd\/wp-json\/wp\/v2\/posts"}],"about":[{"href":"https:\/\/labestiadeportiva.com\/lbd\/wp-json\/wp\/v2\/types\/post"}],"author":[{"embeddable":true,"href":"https:\/\/labestiadeportiva.com\/lbd\/wp-json\/wp\/v2\/users\/1"}],"replies":[{"embeddable":true,"href":"https:\/\/labestiadeportiva.com\/lbd\/wp-json\/wp\/v2\/comments?post=16715"}],"version-history":[{"count":1,"href":"https:\/\/labestiadeportiva.com\/lbd\/wp-json\/wp\/v2\/posts\/16715\/revisions"}],"predecessor-version":[{"id":16717,"href":"https:\/\/labestiadeportiva.com\/lbd\/wp-json\/wp\/v2\/posts\/16715\/revisions\/16717"}],"wp:featuredmedia":[{"embeddable":true,"href":"https:\/\/labestiadeportiva.com\/lbd\/wp-json\/wp\/v2\/media\/16716"}],"wp:attachment":[{"href":"https:\/\/labestiadeportiva.com\/lbd\/wp-json\/wp\/v2\/media?parent=16715"}],"wp:term":[{"taxonomy":"category","embeddable":true,"href":"https:\/\/labestiadeportiva.com\/lbd\/wp-json\/wp\/v2\/categories?post=16715"},{"taxonomy":"post_tag","embeddable":true,"href":"https:\/\/labestiadeportiva.com\/lbd\/wp-json\/wp\/v2\/tags?post=16715"}],"curies":[{"name":"wp","href":"https:\/\/api.w.org\/{rel}","templated":true}]}}