{"id":1676,"date":"2012-11-17T17:17:16","date_gmt":"2012-11-17T17:17:16","guid":{"rendered":"http:\/\/labestiadeportiva.com\/lbd\/?p=1676"},"modified":"2012-11-17T17:17:16","modified_gmt":"2012-11-17T17:17:16","slug":"austin-la-incognita-de-la-temporada","status":"publish","type":"post","link":"https:\/\/labestiadeportiva.com\/lbd\/austin-la-incognita-de-la-temporada\/","title":{"rendered":"Austin, la inc\u00f3gnita de la temporada"},"content":{"rendered":"<p>Por Daniel Campos (Corresponsal LBD en Palma de Mallorca, Espa\u00f1a)<\/p>\n<p><a href=\"http:\/\/labestiadeportiva.com\/lbd\/wp-content\/uploads\/2012\/11\/austin.jpg\"><img loading=\"lazy\" class=\"alignleft size-medium wp-image-1677\" title=\"austin\" src=\"http:\/\/labestiadeportiva.com\/lbd\/wp-content\/uploads\/2012\/11\/austin-300x128.jpg\" alt=\"\" width=\"300\" height=\"128\" srcset=\"https:\/\/labestiadeportiva.com\/lbd\/wp-content\/uploads\/2012\/11\/austin-300x128.jpg 300w, https:\/\/labestiadeportiva.com\/lbd\/wp-content\/uploads\/2012\/11\/austin.jpg 630w\" sizes=\"(max-width: 300px) 100vw, 300px\" \/><\/a>Ha llegado el momento en la definici\u00f3n del Mundial de F-1 y el escenario tambi\u00e9n lo es una inc\u00f3gnita, que este fin de semana para los dos candidatos al t\u00edtulo. El alem\u00e1n Sebasti\u00e1n Vettel y Fernando Alonso, Red Bull y Ferrari respectivamente ya han tomado contacto con este nuevo trazado, el Circuito de las Am\u00e9ricas, obra del alem\u00e1n Herman Tilke.<!--morePara leer Click Aqu\u00ed--><\/p>\n<p>El novel aut\u00f3dromo ubicado en la capital del estado norteamericano de Texas, Austin, presenta un dibujo muy particular. Con una longitud de 5516 metros, donde el Gran Premio de E.E.U.U. se disputar\u00e1 a 56 vueltas para completar una distancia de carrera de 308,986 kil\u00f3metros.<\/p>\n<p>Cuenta con 20 curvas,\u00a0 11 a la izquierda y 9 a la derecha. Con desniveles de 40 metros, su primera curva hacia la izquierda es ciega, lo que aumenta en parte la dificultad para la conducci\u00f3n de los pilotos.<\/p>\n<p>En este nuevo dibujo salido del tablero de Tilke, se rinde de alguna manera un homenaje hac\u00eda otros m\u00edticos circuitos de la F\u00f3rmula Uno. Por ejemplo, de la curva 3 a 7, copia las enlazadas de Silverstone.<\/p>\n<p>De la curva 12 a 16, recuerda la zona del estadio en Hockenheim y la 16 a 18, la veloz n\u00famero 8 de Istambul Park. Adem\u00e1s de contar con una recta de 1 kil\u00f3metro de largo donde se alcanza una velocidad punta de 321 km\/h. Por ahora en los primeros entrenamientos libres, el l\u00edder del torneo del Mundial, ha marcado el mejor registro.<\/p>\n<p>Vettel con su Red Bull RB8, con un tiempo de 1:38,125, tras unas treinta vueltas al circuito, dej\u00f3 a m\u00e1s de un segundo al ingl\u00e9s Lewis Hamilton, mientras que a dos segundos y 212 mil\u00e9simas se ubic\u00f3 Fernando Alonso, en tercer lugar. Hoy s\u00e1bado, la clasificaci\u00f3n.<\/p>\n<p><a href=\"http:\/\/labestiadeportiva.com\/lbd\/wp-content\/uploads\/2012\/11\/Austin-2012.jpg\"><img loading=\"lazy\" class=\"aligncenter size-medium wp-image-1678\" title=\"Austin 2012\" src=\"http:\/\/labestiadeportiva.com\/lbd\/wp-content\/uploads\/2012\/11\/Austin-2012-300x173.jpg\" alt=\"\" width=\"300\" height=\"173\" srcset=\"https:\/\/labestiadeportiva.com\/lbd\/wp-content\/uploads\/2012\/11\/Austin-2012-300x173.jpg 300w, https:\/\/labestiadeportiva.com\/lbd\/wp-content\/uploads\/2012\/11\/Austin-2012.jpg 640w\" sizes=\"(max-width: 300px) 100vw, 300px\" \/><\/a><\/p>\n<div class='epvc-post-count'><span class='epvc-eye'><\/span>  <span class=\"epvc-count\"> 1.179<\/span><span class='epvc-label'> veces le\u00edda<\/span><\/div>\n<div class=\"jwsharethis\">\nShare this: \n<br \/>\n<a href=\"mailto:?subject=Austin%2C%20la%20inc%C3%B3gnita%20de%20la%20temporada&amp;body=https%3A%2F%2Flabestiadeportiva.com%2Flbd%2Faustin-la-incognita-de-la-temporada%2F\">\n<img src=\"https:\/\/labestiadeportiva.com\/lbd\/wp-content\/plugins\/jw-share-this\/email.png\" alt=\"Share this page via Email\" \/>\n<\/a>\n<a target=\"_blank\" href=\"http:\/\/www.stumbleupon.com\/submit?url=https%3A%2F%2Flabestiadeportiva.com%2Flbd%2Faustin-la-incognita-de-la-temporada%2F&amp;title=Austin%2C+la+inc%C3%B3gnita+de+la+temporada\">\n<img src=\"https:\/\/labestiadeportiva.com\/lbd\/wp-content\/plugins\/jw-share-this\/su.png\" alt=\"Share this page via Stumble Upon\" \/>\n<\/a>\n<a target=\"_blank\" href=\"http:\/\/digg.com\/submit?url=https%3A%2F%2Flabestiadeportiva.com%2Flbd%2Faustin-la-incognita-de-la-temporada%2F&amp;title=Austin%2C+la+inc%C3%B3gnita+de+la+temporada\">\n<img src=\"https:\/\/labestiadeportiva.com\/lbd\/wp-content\/plugins\/jw-share-this\/digg.png\" alt=\"Share this page via Digg this\" \/>\n<\/a>\n<a target=\"_blank\" href=\"http:\/\/www.facebook.com\/sharer.php?u=https%3A%2F%2Flabestiadeportiva.com%2Flbd%2Faustin-la-incognita-de-la-temporada%2F&amp;t=Austin%2C+la+inc%C3%B3gnita+de+la+temporada\">\n<img src=\"https:\/\/labestiadeportiva.com\/lbd\/wp-content\/plugins\/jw-share-this\/fb.png\" alt=\"Share this page via Facebook\" \/>\n<\/a>\n<a target=\"_blank\" href=\"http:\/\/twitter.com\/intent\/tweet?text=I+like+https%3A%2F%2Flabestiadeportiva.com%2Flbd%2Faustin-la-incognita-de-la-temporada%2F&amp;title=Austin%2C+la+inc%C3%B3gnita+de+la+temporada\">\n<img src=\"https:\/\/labestiadeportiva.com\/lbd\/wp-content\/plugins\/jw-share-this\/twitter.png\" alt=\"Share this page via Twitter\" \/>\n<\/a>\n<\/div>\n","protected":false},"excerpt":{"rendered":"<p>Por Daniel Campos (Corresponsal LBD en Palma de Mallorca, Espa\u00f1a) Ha llegado el momento en la definici\u00f3n del Mundial de F-1 y el escenario tambi\u00e9n lo es una inc\u00f3gnita, que este fin de semana para los dos candidatos al t\u00edtulo. El alem\u00e1n Sebasti\u00e1n Vettel y Fernando Alonso, Red Bull y Ferrari respectivamente ya han tomado &hellip; <a href=\"https:\/\/labestiadeportiva.com\/lbd\/austin-la-incognita-de-la-temporada\/\" class=\"more-link\">Seguir leyendo <span class=\"screen-reader-text\">Austin, la inc\u00f3gnita de la temporada<\/span> <span class=\"meta-nav\">&rarr;<\/span><\/a><\/p>\n","protected":false},"author":1,"featured_media":1677,"comment_status":"open","ping_status":"open","sticky":false,"template":"","format":"standard","meta":[],"categories":[4,33,1],"tags":[4834,232],"_links":{"self":[{"href":"https:\/\/labestiadeportiva.com\/lbd\/wp-json\/wp\/v2\/posts\/1676"}],"collection":[{"href":"https:\/\/labestiadeportiva.com\/lbd\/wp-json\/wp\/v2\/posts"}],"about":[{"href":"https:\/\/labestiadeportiva.com\/lbd\/wp-json\/wp\/v2\/types\/post"}],"author":[{"embeddable":true,"href":"https:\/\/labestiadeportiva.com\/lbd\/wp-json\/wp\/v2\/users\/1"}],"replies":[{"embeddable":true,"href":"https:\/\/labestiadeportiva.com\/lbd\/wp-json\/wp\/v2\/comments?post=1676"}],"version-history":[{"count":1,"href":"https:\/\/labestiadeportiva.com\/lbd\/wp-json\/wp\/v2\/posts\/1676\/revisions"}],"predecessor-version":[{"id":1679,"href":"https:\/\/labestiadeportiva.com\/lbd\/wp-json\/wp\/v2\/posts\/1676\/revisions\/1679"}],"wp:featuredmedia":[{"embeddable":true,"href":"https:\/\/labestiadeportiva.com\/lbd\/wp-json\/wp\/v2\/media\/1677"}],"wp:attachment":[{"href":"https:\/\/labestiadeportiva.com\/lbd\/wp-json\/wp\/v2\/media?parent=1676"}],"wp:term":[{"taxonomy":"category","embeddable":true,"href":"https:\/\/labestiadeportiva.com\/lbd\/wp-json\/wp\/v2\/categories?post=1676"},{"taxonomy":"post_tag","embeddable":true,"href":"https:\/\/labestiadeportiva.com\/lbd\/wp-json\/wp\/v2\/tags?post=1676"}],"curies":[{"name":"wp","href":"https:\/\/api.w.org\/{rel}","templated":true}]}}