{"id":1681,"date":"2012-11-17T17:24:05","date_gmt":"2012-11-17T17:24:05","guid":{"rendered":"http:\/\/labestiadeportiva.com\/lbd\/?p=1681"},"modified":"2012-11-17T17:24:05","modified_gmt":"2012-11-17T17:24:05","slug":"primer-punto-para-espana","status":"publish","type":"post","link":"https:\/\/labestiadeportiva.com\/lbd\/primer-punto-para-espana\/","title":{"rendered":"Primer punto para Espa\u00f1a"},"content":{"rendered":"<p>Por Daniel Campos (Corresponsal LBD en Palma de Mallorca, Espa\u00f1a)<\/p>\n<p><a href=\"http:\/\/labestiadeportiva.com\/lbd\/wp-content\/uploads\/2012\/11\/ferrer.jpg\"><img loading=\"lazy\" class=\"alignleft size-medium wp-image-1682\" title=\"ferrer\" src=\"http:\/\/labestiadeportiva.com\/lbd\/wp-content\/uploads\/2012\/11\/ferrer-200x300.jpg\" alt=\"\" width=\"200\" height=\"300\" srcset=\"https:\/\/labestiadeportiva.com\/lbd\/wp-content\/uploads\/2012\/11\/ferrer-200x300.jpg 200w, https:\/\/labestiadeportiva.com\/lbd\/wp-content\/uploads\/2012\/11\/ferrer.jpg 400w\" sizes=\"(max-width: 200px) 100vw, 200px\" \/><\/a>David Ferrer ha\u00a0 conseguido el primer punto para Espa\u00f1a en la final de la Copa Davis que est\u00e1 disputando en contra la Rep\u00fablica Checa. El jugador espa\u00f1ol consigui\u00f3 as\u00ed su victoria n\u00famero 75\u00a0 de la temporada despu\u00e9s de derrotar por 6-3, 6-4 y 6-4\u00a0 a Radek Stepanek.<\/p>\n<p>La clave\u00a0 del partido estuvo en el primer set en un interminable sexto juego, de 24 minutos, en el que Ferrer, termin\u00f3 por minar el\u00a0 esfuerzo de su rival. Fue entonces que Stepanek perdi\u00f3 la concentraci\u00f3n y el set, el checo concedi\u00f3 25 puntos de rotura para cederlo en cinco ocasiones y acab\u00f3 desesperado quej\u00e1ndose hasta de la presi\u00f3n de las pelotas.<!--morePara leer Click Aqu\u00ed--><\/p>\n<p>De esta manera Espa\u00f1a lograr salvar el primer obst\u00e1culo, que era ganar el primer punto para pemitir que Nicol\u00e1s Almagro, saltar\u00e1 a la carpeta sint\u00e9tica del O2 Arena de Praga, con cierta tranquilidad y disputar su encuentro con Tomas Berdych.<\/p>\n<div class='epvc-post-count'><span class='epvc-eye'><\/span>  <span class=\"epvc-count\"> 1.223<\/span><span class='epvc-label'> veces le\u00edda<\/span><\/div>\n<div class=\"jwsharethis\">\nShare this: \n<br \/>\n<a href=\"mailto:?subject=Primer%20punto%20para%20Espa%C3%B1a&amp;body=https%3A%2F%2Flabestiadeportiva.com%2Flbd%2Fprimer-punto-para-espana%2F\">\n<img src=\"https:\/\/labestiadeportiva.com\/lbd\/wp-content\/plugins\/jw-share-this\/email.png\" alt=\"Share this page via Email\" \/>\n<\/a>\n<a target=\"_blank\" href=\"http:\/\/www.stumbleupon.com\/submit?url=https%3A%2F%2Flabestiadeportiva.com%2Flbd%2Fprimer-punto-para-espana%2F&amp;title=Primer+punto+para+Espa%C3%B1a\">\n<img src=\"https:\/\/labestiadeportiva.com\/lbd\/wp-content\/plugins\/jw-share-this\/su.png\" alt=\"Share this page via Stumble Upon\" \/>\n<\/a>\n<a target=\"_blank\" href=\"http:\/\/digg.com\/submit?url=https%3A%2F%2Flabestiadeportiva.com%2Flbd%2Fprimer-punto-para-espana%2F&amp;title=Primer+punto+para+Espa%C3%B1a\">\n<img src=\"https:\/\/labestiadeportiva.com\/lbd\/wp-content\/plugins\/jw-share-this\/digg.png\" alt=\"Share this page via Digg this\" \/>\n<\/a>\n<a target=\"_blank\" href=\"http:\/\/www.facebook.com\/sharer.php?u=https%3A%2F%2Flabestiadeportiva.com%2Flbd%2Fprimer-punto-para-espana%2F&amp;t=Primer+punto+para+Espa%C3%B1a\">\n<img src=\"https:\/\/labestiadeportiva.com\/lbd\/wp-content\/plugins\/jw-share-this\/fb.png\" alt=\"Share this page via Facebook\" \/>\n<\/a>\n<a target=\"_blank\" href=\"http:\/\/twitter.com\/intent\/tweet?text=I+like+https%3A%2F%2Flabestiadeportiva.com%2Flbd%2Fprimer-punto-para-espana%2F&amp;title=Primer+punto+para+Espa%C3%B1a\">\n<img src=\"https:\/\/labestiadeportiva.com\/lbd\/wp-content\/plugins\/jw-share-this\/twitter.png\" alt=\"Share this page via Twitter\" \/>\n<\/a>\n<\/div>\n","protected":false},"excerpt":{"rendered":"<p>Por Daniel Campos (Corresponsal LBD en Palma de Mallorca, Espa\u00f1a) David Ferrer ha\u00a0 conseguido el primer punto para Espa\u00f1a en la final de la Copa Davis que est\u00e1 disputando en contra la Rep\u00fablica Checa. El jugador espa\u00f1ol consigui\u00f3 as\u00ed su victoria n\u00famero 75\u00a0 de la temporada despu\u00e9s de derrotar por 6-3, 6-4 y 6-4\u00a0 a &hellip; <a href=\"https:\/\/labestiadeportiva.com\/lbd\/primer-punto-para-espana\/\" class=\"more-link\">Seguir leyendo <span class=\"screen-reader-text\">Primer punto para Espa\u00f1a<\/span> <span class=\"meta-nav\">&rarr;<\/span><\/a><\/p>\n","protected":false},"author":1,"featured_media":1682,"comment_status":"open","ping_status":"open","sticky":false,"template":"","format":"standard","meta":[],"categories":[4,1,39],"tags":[230,233],"_links":{"self":[{"href":"https:\/\/labestiadeportiva.com\/lbd\/wp-json\/wp\/v2\/posts\/1681"}],"collection":[{"href":"https:\/\/labestiadeportiva.com\/lbd\/wp-json\/wp\/v2\/posts"}],"about":[{"href":"https:\/\/labestiadeportiva.com\/lbd\/wp-json\/wp\/v2\/types\/post"}],"author":[{"embeddable":true,"href":"https:\/\/labestiadeportiva.com\/lbd\/wp-json\/wp\/v2\/users\/1"}],"replies":[{"embeddable":true,"href":"https:\/\/labestiadeportiva.com\/lbd\/wp-json\/wp\/v2\/comments?post=1681"}],"version-history":[{"count":1,"href":"https:\/\/labestiadeportiva.com\/lbd\/wp-json\/wp\/v2\/posts\/1681\/revisions"}],"predecessor-version":[{"id":1683,"href":"https:\/\/labestiadeportiva.com\/lbd\/wp-json\/wp\/v2\/posts\/1681\/revisions\/1683"}],"wp:featuredmedia":[{"embeddable":true,"href":"https:\/\/labestiadeportiva.com\/lbd\/wp-json\/wp\/v2\/media\/1682"}],"wp:attachment":[{"href":"https:\/\/labestiadeportiva.com\/lbd\/wp-json\/wp\/v2\/media?parent=1681"}],"wp:term":[{"taxonomy":"category","embeddable":true,"href":"https:\/\/labestiadeportiva.com\/lbd\/wp-json\/wp\/v2\/categories?post=1681"},{"taxonomy":"post_tag","embeddable":true,"href":"https:\/\/labestiadeportiva.com\/lbd\/wp-json\/wp\/v2\/tags?post=1681"}],"curies":[{"name":"wp","href":"https:\/\/api.w.org\/{rel}","templated":true}]}}