{"id":1703,"date":"2012-11-19T03:29:12","date_gmt":"2012-11-19T03:29:12","guid":{"rendered":"http:\/\/labestiadeportiva.com\/lbd\/?p=1703"},"modified":"2012-11-19T03:29:12","modified_gmt":"2012-11-19T03:29:12","slug":"el-dobles-fue-para-la-republica-checa","status":"publish","type":"post","link":"https:\/\/labestiadeportiva.com\/lbd\/el-dobles-fue-para-la-republica-checa\/","title":{"rendered":"El dobles fue para la Rep\u00fablica Checa"},"content":{"rendered":"<p>Por Daniel Campos (Corresponsal LBD en Palma de Mallorca, Espa\u00f1a)<\/p>\n<p><a href=\"http:\/\/labestiadeportiva.com\/lbd\/wp-content\/uploads\/2012\/11\/DavisDob.jpg\"><img loading=\"lazy\" class=\"alignleft size-medium wp-image-1704\" title=\"DavisDob\" src=\"http:\/\/labestiadeportiva.com\/lbd\/wp-content\/uploads\/2012\/11\/DavisDob-300x178.jpg\" alt=\"\" width=\"300\" height=\"178\" srcset=\"https:\/\/labestiadeportiva.com\/lbd\/wp-content\/uploads\/2012\/11\/DavisDob-300x178.jpg 300w, https:\/\/labestiadeportiva.com\/lbd\/wp-content\/uploads\/2012\/11\/DavisDob.jpg 489w\" sizes=\"(max-width: 300px) 100vw, 300px\" \/><\/a>Espa\u00f1a cae en el partido de dobles en Praga tras mas de tres horas de intenso partido. Tal como nos tiene acostumbrados el t\u00e9cnico checo, Jaroslav Navratil, anunci\u00f3 una pareja de dobles (Rosol-Minar) y luego sobre la pista se decanta por sus dos singlistas estrellas, Stepanek-Berdych.<br \/>\n<!--morePara leer Click Aqu\u00ed--><br \/>\nY la apuesta le sali\u00f3 muy bien, con un marcador de 3-6, 7-5, 7-5 y 6-3. De esta manera la Rep\u00fablica Checa amplia su ventaja de 2 a 1 ante el vigente campe\u00f3n de Copa Davis.<\/p>\n<p>Ma\u00f1ana al mediod\u00eda en el estadio O2 de Praga, Tomas Berdych y Radek Stepanek tendr\u00e1n dos oportunidades de sellar su triunfo.<\/p>\n<div class='epvc-post-count'><span class='epvc-eye'><\/span>  <span class=\"epvc-count\"> 1.269<\/span><span class='epvc-label'> veces le\u00edda<\/span><\/div>\n<div class=\"jwsharethis\">\nShare this: \n<br \/>\n<a href=\"mailto:?subject=El%20dobles%20fue%20para%20la%20Rep%C3%BAblica%20Checa&amp;body=https%3A%2F%2Flabestiadeportiva.com%2Flbd%2Fel-dobles-fue-para-la-republica-checa%2F\">\n<img src=\"https:\/\/labestiadeportiva.com\/lbd\/wp-content\/plugins\/jw-share-this\/email.png\" alt=\"Share this page via Email\" \/>\n<\/a>\n<a target=\"_blank\" href=\"http:\/\/www.stumbleupon.com\/submit?url=https%3A%2F%2Flabestiadeportiva.com%2Flbd%2Fel-dobles-fue-para-la-republica-checa%2F&amp;title=El+dobles+fue+para+la+Rep%C3%BAblica+Checa\">\n<img src=\"https:\/\/labestiadeportiva.com\/lbd\/wp-content\/plugins\/jw-share-this\/su.png\" alt=\"Share this page via Stumble Upon\" \/>\n<\/a>\n<a target=\"_blank\" href=\"http:\/\/digg.com\/submit?url=https%3A%2F%2Flabestiadeportiva.com%2Flbd%2Fel-dobles-fue-para-la-republica-checa%2F&amp;title=El+dobles+fue+para+la+Rep%C3%BAblica+Checa\">\n<img src=\"https:\/\/labestiadeportiva.com\/lbd\/wp-content\/plugins\/jw-share-this\/digg.png\" alt=\"Share this page via Digg this\" \/>\n<\/a>\n<a target=\"_blank\" href=\"http:\/\/www.facebook.com\/sharer.php?u=https%3A%2F%2Flabestiadeportiva.com%2Flbd%2Fel-dobles-fue-para-la-republica-checa%2F&amp;t=El+dobles+fue+para+la+Rep%C3%BAblica+Checa\">\n<img src=\"https:\/\/labestiadeportiva.com\/lbd\/wp-content\/plugins\/jw-share-this\/fb.png\" alt=\"Share this page via Facebook\" \/>\n<\/a>\n<a target=\"_blank\" href=\"http:\/\/twitter.com\/intent\/tweet?text=I+like+https%3A%2F%2Flabestiadeportiva.com%2Flbd%2Fel-dobles-fue-para-la-republica-checa%2F&amp;title=El+dobles+fue+para+la+Rep%C3%BAblica+Checa\">\n<img src=\"https:\/\/labestiadeportiva.com\/lbd\/wp-content\/plugins\/jw-share-this\/twitter.png\" alt=\"Share this page via Twitter\" \/>\n<\/a>\n<\/div>\n","protected":false},"excerpt":{"rendered":"<p>Por Daniel Campos (Corresponsal LBD en Palma de Mallorca, Espa\u00f1a) Espa\u00f1a cae en el partido de dobles en Praga tras mas de tres horas de intenso partido. Tal como nos tiene acostumbrados el t\u00e9cnico checo, Jaroslav Navratil, anunci\u00f3 una pareja de dobles (Rosol-Minar) y luego sobre la pista se decanta por sus dos singlistas estrellas, &hellip; <a href=\"https:\/\/labestiadeportiva.com\/lbd\/el-dobles-fue-para-la-republica-checa\/\" class=\"more-link\">Seguir leyendo <span class=\"screen-reader-text\">El dobles fue para la Rep\u00fablica Checa<\/span> <span class=\"meta-nav\">&rarr;<\/span><\/a><\/p>\n","protected":false},"author":1,"featured_media":1704,"comment_status":"open","ping_status":"open","sticky":false,"template":"","format":"standard","meta":[],"categories":[4,1,39],"tags":[230,233],"_links":{"self":[{"href":"https:\/\/labestiadeportiva.com\/lbd\/wp-json\/wp\/v2\/posts\/1703"}],"collection":[{"href":"https:\/\/labestiadeportiva.com\/lbd\/wp-json\/wp\/v2\/posts"}],"about":[{"href":"https:\/\/labestiadeportiva.com\/lbd\/wp-json\/wp\/v2\/types\/post"}],"author":[{"embeddable":true,"href":"https:\/\/labestiadeportiva.com\/lbd\/wp-json\/wp\/v2\/users\/1"}],"replies":[{"embeddable":true,"href":"https:\/\/labestiadeportiva.com\/lbd\/wp-json\/wp\/v2\/comments?post=1703"}],"version-history":[{"count":1,"href":"https:\/\/labestiadeportiva.com\/lbd\/wp-json\/wp\/v2\/posts\/1703\/revisions"}],"predecessor-version":[{"id":1705,"href":"https:\/\/labestiadeportiva.com\/lbd\/wp-json\/wp\/v2\/posts\/1703\/revisions\/1705"}],"wp:featuredmedia":[{"embeddable":true,"href":"https:\/\/labestiadeportiva.com\/lbd\/wp-json\/wp\/v2\/media\/1704"}],"wp:attachment":[{"href":"https:\/\/labestiadeportiva.com\/lbd\/wp-json\/wp\/v2\/media?parent=1703"}],"wp:term":[{"taxonomy":"category","embeddable":true,"href":"https:\/\/labestiadeportiva.com\/lbd\/wp-json\/wp\/v2\/categories?post=1703"},{"taxonomy":"post_tag","embeddable":true,"href":"https:\/\/labestiadeportiva.com\/lbd\/wp-json\/wp\/v2\/tags?post=1703"}],"curies":[{"name":"wp","href":"https:\/\/api.w.org\/{rel}","templated":true}]}}