{"id":1720,"date":"2012-11-19T14:25:27","date_gmt":"2012-11-19T14:25:27","guid":{"rendered":"http:\/\/labestiadeportiva.com\/lbd\/?p=1720"},"modified":"2012-11-19T14:27:33","modified_gmt":"2012-11-19T14:27:33","slug":"ferrer-iguala-la-final","status":"publish","type":"post","link":"https:\/\/labestiadeportiva.com\/lbd\/ferrer-iguala-la-final\/","title":{"rendered":"Ferrer iguala la final"},"content":{"rendered":"<p>Por Daniel Campos (Corresponsal LBD en Palma de Mallorca, Espa\u00f1a)<\/p>\n<p><a href=\"http:\/\/labestiadeportiva.com\/lbd\/wp-content\/uploads\/2012\/11\/ferrer2.jpg\"><img loading=\"lazy\" class=\"alignleft size-medium wp-image-1721\" title=\"ferrer2\" src=\"http:\/\/labestiadeportiva.com\/lbd\/wp-content\/uploads\/2012\/11\/ferrer2-300x150.jpg\" alt=\"\" width=\"300\" height=\"150\" srcset=\"https:\/\/labestiadeportiva.com\/lbd\/wp-content\/uploads\/2012\/11\/ferrer2-300x150.jpg 300w, https:\/\/labestiadeportiva.com\/lbd\/wp-content\/uploads\/2012\/11\/ferrer2.jpg 640w\" sizes=\"(max-width: 300px) 100vw, 300px\" \/><\/a>David Ferrer igual\u00f3 la final de Copa Davis para Espa\u00f1a 2 a 2, tras derrotar al n\u00famero uno checo Tomas Berdych en tres set por 6-2,6-3 y 7-5.<\/p>\n<p>En un gran encuentro donde demostr\u00f3 su \u00f3ptimo estado. Ferrer comenz\u00f3 el partido avasallando al jugador local, que ten\u00eda problemas para entra en el match, quiz\u00e1 acusando la fatiga acumulada por sus dos encuentros previos en la final.<!--morePara leer Click Aqu\u00ed--><\/p>\n<p>Tomas Berdych no mostr\u00f3 una fuerte oposici\u00f3n ante el espa\u00f1ol, aunque en el \u00faltimo set, donde estuvo a punto de ponerse a un juego de la victoria, pero Ferrer se rehizo, rompiendo el servicio checo y gan\u00f3.<\/p>\n<div class='epvc-post-count'><span class='epvc-eye'><\/span>  <span class=\"epvc-count\"> 1.044<\/span><span class='epvc-label'> veces le\u00edda<\/span><\/div>\n<div class=\"jwsharethis\">\nShare this: \n<br \/>\n<a href=\"mailto:?subject=Ferrer%20iguala%20la%20final&amp;body=https%3A%2F%2Flabestiadeportiva.com%2Flbd%2Fferrer-iguala-la-final%2F\">\n<img src=\"https:\/\/labestiadeportiva.com\/lbd\/wp-content\/plugins\/jw-share-this\/email.png\" alt=\"Share this page via Email\" \/>\n<\/a>\n<a target=\"_blank\" href=\"http:\/\/www.stumbleupon.com\/submit?url=https%3A%2F%2Flabestiadeportiva.com%2Flbd%2Fferrer-iguala-la-final%2F&amp;title=Ferrer+iguala+la+final\">\n<img src=\"https:\/\/labestiadeportiva.com\/lbd\/wp-content\/plugins\/jw-share-this\/su.png\" alt=\"Share this page via Stumble Upon\" \/>\n<\/a>\n<a target=\"_blank\" href=\"http:\/\/digg.com\/submit?url=https%3A%2F%2Flabestiadeportiva.com%2Flbd%2Fferrer-iguala-la-final%2F&amp;title=Ferrer+iguala+la+final\">\n<img src=\"https:\/\/labestiadeportiva.com\/lbd\/wp-content\/plugins\/jw-share-this\/digg.png\" alt=\"Share this page via Digg this\" \/>\n<\/a>\n<a target=\"_blank\" href=\"http:\/\/www.facebook.com\/sharer.php?u=https%3A%2F%2Flabestiadeportiva.com%2Flbd%2Fferrer-iguala-la-final%2F&amp;t=Ferrer+iguala+la+final\">\n<img src=\"https:\/\/labestiadeportiva.com\/lbd\/wp-content\/plugins\/jw-share-this\/fb.png\" alt=\"Share this page via Facebook\" \/>\n<\/a>\n<a target=\"_blank\" href=\"http:\/\/twitter.com\/intent\/tweet?text=I+like+https%3A%2F%2Flabestiadeportiva.com%2Flbd%2Fferrer-iguala-la-final%2F&amp;title=Ferrer+iguala+la+final\">\n<img src=\"https:\/\/labestiadeportiva.com\/lbd\/wp-content\/plugins\/jw-share-this\/twitter.png\" alt=\"Share this page via Twitter\" \/>\n<\/a>\n<\/div>\n","protected":false},"excerpt":{"rendered":"<p>Por Daniel Campos (Corresponsal LBD en Palma de Mallorca, Espa\u00f1a) David Ferrer igual\u00f3 la final de Copa Davis para Espa\u00f1a 2 a 2, tras derrotar al n\u00famero uno checo Tomas Berdych en tres set por 6-2,6-3 y 7-5. En un gran encuentro donde demostr\u00f3 su \u00f3ptimo estado. Ferrer comenz\u00f3 el partido avasallando al jugador local, &hellip; <a href=\"https:\/\/labestiadeportiva.com\/lbd\/ferrer-iguala-la-final\/\" class=\"more-link\">Seguir leyendo <span class=\"screen-reader-text\">Ferrer iguala la final<\/span> <span class=\"meta-nav\">&rarr;<\/span><\/a><\/p>\n","protected":false},"author":1,"featured_media":1721,"comment_status":"open","ping_status":"open","sticky":false,"template":"","format":"standard","meta":[],"categories":[4,1,39],"tags":[230,233],"_links":{"self":[{"href":"https:\/\/labestiadeportiva.com\/lbd\/wp-json\/wp\/v2\/posts\/1720"}],"collection":[{"href":"https:\/\/labestiadeportiva.com\/lbd\/wp-json\/wp\/v2\/posts"}],"about":[{"href":"https:\/\/labestiadeportiva.com\/lbd\/wp-json\/wp\/v2\/types\/post"}],"author":[{"embeddable":true,"href":"https:\/\/labestiadeportiva.com\/lbd\/wp-json\/wp\/v2\/users\/1"}],"replies":[{"embeddable":true,"href":"https:\/\/labestiadeportiva.com\/lbd\/wp-json\/wp\/v2\/comments?post=1720"}],"version-history":[{"count":2,"href":"https:\/\/labestiadeportiva.com\/lbd\/wp-json\/wp\/v2\/posts\/1720\/revisions"}],"predecessor-version":[{"id":1723,"href":"https:\/\/labestiadeportiva.com\/lbd\/wp-json\/wp\/v2\/posts\/1720\/revisions\/1723"}],"wp:featuredmedia":[{"embeddable":true,"href":"https:\/\/labestiadeportiva.com\/lbd\/wp-json\/wp\/v2\/media\/1721"}],"wp:attachment":[{"href":"https:\/\/labestiadeportiva.com\/lbd\/wp-json\/wp\/v2\/media?parent=1720"}],"wp:term":[{"taxonomy":"category","embeddable":true,"href":"https:\/\/labestiadeportiva.com\/lbd\/wp-json\/wp\/v2\/categories?post=1720"},{"taxonomy":"post_tag","embeddable":true,"href":"https:\/\/labestiadeportiva.com\/lbd\/wp-json\/wp\/v2\/tags?post=1720"}],"curies":[{"name":"wp","href":"https:\/\/api.w.org\/{rel}","templated":true}]}}