{"id":17353,"date":"2015-09-24T10:41:47","date_gmt":"2015-09-24T13:41:47","guid":{"rendered":"http:\/\/labestiadeportiva.com\/lbd\/?p=17353"},"modified":"2015-09-24T10:41:47","modified_gmt":"2015-09-24T13:41:47","slug":"una-ushuaiense-en-la-seleccion-de-beach-handball-audio","status":"publish","type":"post","link":"https:\/\/labestiadeportiva.com\/lbd\/una-ushuaiense-en-la-seleccion-de-beach-handball-audio\/","title":{"rendered":"Una ushuaiense en la selecci\u00f3n de Beach Handball (Audio)"},"content":{"rendered":"<p><a href=\"http:\/\/labestiadeportiva.com\/lbd\/wp-content\/uploads\/2015\/09\/DSCN3466.jpg\"><img loading=\"lazy\" class=\"alignleft size-medium wp-image-17354\" src=\"http:\/\/labestiadeportiva.com\/lbd\/wp-content\/uploads\/2015\/09\/DSCN3466-232x300.jpg\" alt=\"DSCN3466\" width=\"232\" height=\"300\" srcset=\"https:\/\/labestiadeportiva.com\/lbd\/wp-content\/uploads\/2015\/09\/DSCN3466-232x300.jpg 232w, https:\/\/labestiadeportiva.com\/lbd\/wp-content\/uploads\/2015\/09\/DSCN3466.jpg 600w\" sizes=\"(max-width: 232px) 100vw, 232px\" \/><\/a>La joven deportista, Araceli Mart\u00ednez, quien en la actualidad se encuentra radicada en la localidad rionegrina de Viedma forma parte de la preselecci\u00f3n argentina de beach handball. El conjunto nacional conducido por Salvador Comparone competir\u00e1 en octubre en la provincia de Mendoza ante Paraguay, Uruguay y Chile. En el torneo quedar\u00e1 definido el plantel que viajar\u00e1 al Sudamericano de Per\u00fa a disputarse en marzo del 2016. La Fueguina de 20 a\u00f1os, cursa el primer a\u00f1o de la carrera de Educaci\u00f3n F\u00edsica y forma parte del Club Goliat. Desde LBD nos comunicamos con ella, compartimos la breve entrevista lograda este martes en la 94.1 FM del Sur.<!--more--><\/p>\n<p><span style=\"color: #0000ff;\">El Plantel Argentino<\/span><\/p>\n<p>Daniela Aguzzi, Rosario Siciliani, Antonela Fusca (Argentinos Juniors), Samanta Brizuela, Agustina Mirota, Jesica Presas, (V\u00e9lez Sarsfield), Carolina Rossi, Lucia Gasparini (Mitre), Florencia Ibarra, Ivana Eliges, (CI.DE.CO.), Marina Imbrogno, Ana Mostoni (Luj\u00e1n), Celeste Meccia (Deportivo Amigos del Rocha), Roc\u00edo Barros (SAG Villa Ballester), Luciana Scordamaglia (Dorrego), <span style=\"color: #ff0000;\">Araceli Mart\u00ednez<\/span>, Mara Soule, Mar\u00eda C\u00e1rdenas, Noelia Bordato, Yamila Unchaque (Goliat), Gabriela Fondo (Merlo), Macarena Piccinini (Esatudiantes de La Plata) y Ayel\u00e9n \u00c1vila (UAI Urquiza).<\/p>\n<p><iframe loading=\"lazy\" src=\"https:\/\/www.youtube.com\/embed\/fyseXPTDgpM\" width=\"420\" height=\"315\" frameborder=\"0\" allowfullscreen=\"allowfullscreen\"><\/iframe><\/p>\n<div class='epvc-post-count'><span class='epvc-eye'><\/span>  <span class=\"epvc-count\"> 1.399<\/span><span class='epvc-label'> veces le\u00edda<\/span><\/div>\n<div class=\"jwsharethis\">\nShare this: \n<br \/>\n<a href=\"mailto:?subject=Una%20ushuaiense%20en%20la%20selecci%C3%B3n%20de%20Beach%20Handball%20%28Audio%29&amp;body=https%3A%2F%2Flabestiadeportiva.com%2Flbd%2Funa-ushuaiense-en-la-seleccion-de-beach-handball-audio%2F\">\n<img src=\"https:\/\/labestiadeportiva.com\/lbd\/wp-content\/plugins\/jw-share-this\/email.png\" alt=\"Share this page via Email\" \/>\n<\/a>\n<a target=\"_blank\" href=\"http:\/\/www.stumbleupon.com\/submit?url=https%3A%2F%2Flabestiadeportiva.com%2Flbd%2Funa-ushuaiense-en-la-seleccion-de-beach-handball-audio%2F&amp;title=Una+ushuaiense+en+la+selecci%C3%B3n+de+Beach+Handball+%28Audio%29\">\n<img src=\"https:\/\/labestiadeportiva.com\/lbd\/wp-content\/plugins\/jw-share-this\/su.png\" alt=\"Share this page via Stumble Upon\" \/>\n<\/a>\n<a target=\"_blank\" href=\"http:\/\/digg.com\/submit?url=https%3A%2F%2Flabestiadeportiva.com%2Flbd%2Funa-ushuaiense-en-la-seleccion-de-beach-handball-audio%2F&amp;title=Una+ushuaiense+en+la+selecci%C3%B3n+de+Beach+Handball+%28Audio%29\">\n<img src=\"https:\/\/labestiadeportiva.com\/lbd\/wp-content\/plugins\/jw-share-this\/digg.png\" alt=\"Share this page via Digg this\" \/>\n<\/a>\n<a target=\"_blank\" href=\"http:\/\/www.facebook.com\/sharer.php?u=https%3A%2F%2Flabestiadeportiva.com%2Flbd%2Funa-ushuaiense-en-la-seleccion-de-beach-handball-audio%2F&amp;t=Una+ushuaiense+en+la+selecci%C3%B3n+de+Beach+Handball+%28Audio%29\">\n<img src=\"https:\/\/labestiadeportiva.com\/lbd\/wp-content\/plugins\/jw-share-this\/fb.png\" alt=\"Share this page via Facebook\" \/>\n<\/a>\n<a target=\"_blank\" href=\"http:\/\/twitter.com\/intent\/tweet?text=I+like+https%3A%2F%2Flabestiadeportiva.com%2Flbd%2Funa-ushuaiense-en-la-seleccion-de-beach-handball-audio%2F&amp;title=Una+ushuaiense+en+la+selecci%C3%B3n+de+Beach+Handball+%28Audio%29\">\n<img src=\"https:\/\/labestiadeportiva.com\/lbd\/wp-content\/plugins\/jw-share-this\/twitter.png\" alt=\"Share this page via Twitter\" \/>\n<\/a>\n<\/div>\n","protected":false},"excerpt":{"rendered":"<p>La joven deportista, Araceli Mart\u00ednez, quien en la actualidad se encuentra radicada en la localidad rionegrina de Viedma forma parte de la preselecci\u00f3n argentina de beach handball. El conjunto nacional conducido por Salvador Comparone competir\u00e1 en octubre en la provincia de Mendoza ante Paraguay, Uruguay y Chile. En el torneo quedar\u00e1 definido el plantel que &hellip; <a href=\"https:\/\/labestiadeportiva.com\/lbd\/una-ushuaiense-en-la-seleccion-de-beach-handball-audio\/\" class=\"more-link\">Seguir leyendo <span class=\"screen-reader-text\">Una ushuaiense en la selecci\u00f3n de Beach Handball (Audio)<\/span> <span class=\"meta-nav\">&rarr;<\/span><\/a><\/p>\n","protected":false},"author":1,"featured_media":17354,"comment_status":"open","ping_status":"open","sticky":false,"template":"","format":"standard","meta":[],"categories":[2362,5,4,6,60,1],"tags":[2364,2363,4838,83,88],"_links":{"self":[{"href":"https:\/\/labestiadeportiva.com\/lbd\/wp-json\/wp\/v2\/posts\/17353"}],"collection":[{"href":"https:\/\/labestiadeportiva.com\/lbd\/wp-json\/wp\/v2\/posts"}],"about":[{"href":"https:\/\/labestiadeportiva.com\/lbd\/wp-json\/wp\/v2\/types\/post"}],"author":[{"embeddable":true,"href":"https:\/\/labestiadeportiva.com\/lbd\/wp-json\/wp\/v2\/users\/1"}],"replies":[{"embeddable":true,"href":"https:\/\/labestiadeportiva.com\/lbd\/wp-json\/wp\/v2\/comments?post=17353"}],"version-history":[{"count":1,"href":"https:\/\/labestiadeportiva.com\/lbd\/wp-json\/wp\/v2\/posts\/17353\/revisions"}],"predecessor-version":[{"id":17356,"href":"https:\/\/labestiadeportiva.com\/lbd\/wp-json\/wp\/v2\/posts\/17353\/revisions\/17356"}],"wp:featuredmedia":[{"embeddable":true,"href":"https:\/\/labestiadeportiva.com\/lbd\/wp-json\/wp\/v2\/media\/17354"}],"wp:attachment":[{"href":"https:\/\/labestiadeportiva.com\/lbd\/wp-json\/wp\/v2\/media?parent=17353"}],"wp:term":[{"taxonomy":"category","embeddable":true,"href":"https:\/\/labestiadeportiva.com\/lbd\/wp-json\/wp\/v2\/categories?post=17353"},{"taxonomy":"post_tag","embeddable":true,"href":"https:\/\/labestiadeportiva.com\/lbd\/wp-json\/wp\/v2\/tags?post=17353"}],"curies":[{"name":"wp","href":"https:\/\/api.w.org\/{rel}","templated":true}]}}