{"id":17359,"date":"2015-09-25T00:24:40","date_gmt":"2015-09-25T03:24:40","guid":{"rendered":"http:\/\/labestiadeportiva.com\/lbd\/?p=17359"},"modified":"2015-09-25T00:24:40","modified_gmt":"2015-09-25T03:24:40","slug":"ahora-manda-el-real-madrid","status":"publish","type":"post","link":"https:\/\/labestiadeportiva.com\/lbd\/ahora-manda-el-real-madrid\/","title":{"rendered":"Ahora manda el Real Madrid"},"content":{"rendered":"<p>Por Daniel Campos (Corresponsal LBD en Palma de Mallorca, Espa\u00f1a)<\/p>\n<p><a href=\"http:\/\/labestiadeportiva.com\/lbd\/wp-content\/uploads\/2015\/09\/Nolito.jpg\"><img loading=\"lazy\" class=\"alignleft size-medium wp-image-17360\" src=\"http:\/\/labestiadeportiva.com\/lbd\/wp-content\/uploads\/2015\/09\/Nolito-300x169.jpg\" alt=\"Nolito\" width=\"300\" height=\"169\" srcset=\"https:\/\/labestiadeportiva.com\/lbd\/wp-content\/uploads\/2015\/09\/Nolito-300x169.jpg 300w, https:\/\/labestiadeportiva.com\/lbd\/wp-content\/uploads\/2015\/09\/Nolito.jpg 630w\" sizes=\"(max-width: 300px) 100vw, 300px\" \/><\/a>El Real Madrid es el nuevo l\u00edder de la Liga en Espa\u00f1a, tras vencer en Bilbao al Athletic. Duro traspi\u00e9 del Barcelona en Vigo ante el Celta, y tambi\u00e9n triunfos del Atl\u00e9tico de Madrid, Villarreal y Rayo Vallecano. Aqu\u00ed, el resumen de esta fecha adelantada del torneo local.<!--more--><\/p>\n<p>En el Vicente Calder\u00f3n, el Atl\u00e9tico de Madrid, con la inestimable ayuda del franc\u00e9s Griezmann, quien aport\u00f3 los dos goles de la victoria rojiblanca ante el Getafe por 2 a 0. A pesar del resultado favorable para los hombres de Simeone, poco f\u00fatbol se vio a orillas del Manzanares.<\/p>\n<p>En Barcelona, el Espanyol con apenas un tanto, un cabezazo de V\u00edctor \u00c1lvarez, super\u00f3 al Valencia y pone contra las cuerdas al t\u00e9cnico \u201cche\u201d. El panorama para Nuno Espirito Santo es muy negativo y el pr\u00f3ximo viernes tiene un nuevo examen.<\/p>\n<p>En Los C\u00e1rmenes, el Granada nada pudo hacer ante la Real Sociedad que le endos\u00f3 un 3 a 0, obra de un s\u00f3lo hombre Imanol Aguirretxe. Mi\u00e9rcoles por la noche y continu\u00f3 la jornada n\u00famero cinco del f\u00fatbol espa\u00f1ol.<\/p>\n<p>Sorpresa en Bala\u00eddos, el Celta gan\u00f3 con contundencia al Barcelona, 4 a 1, inobjetable victoria de los hombres del \u201cToto\u201d Berizzo. El conjunto gallego hizo todo bien, atac\u00f3 y defendi\u00f3 con igual calidad, borrando de la cancha a los catalanes. Primero fue Nolito, luego Aspas en dos ocasiones.<\/p>\n<p>Descont\u00f3 para el Bar\u00e7a Neymar y remat\u00f3 la faena Guidetti.\u00a0 En San Mam\u00e9s, Karim Benzema se aprovech\u00f3 de los errores en defensa del Athletic de Bilbao para superarlo 2 a 1 y hacerse con el liderato del torneo. Primero fue San Jos\u00e9 que cedi\u00f3 a su arquero sin darse cuenta de la presencia del galo.<\/p>\n<p>Tras el empate de Merino, en una contra del conjunto blanco, pase de Isco, y Benzema anota el segundo gol. Con esta victoria los de Ben\u00edtez son primeros junto al Celta de Vigo.\u00a0 En el Ciutat de Valencia, un empate sobre la hora para que el Levante salve un punto ante un duro rival como el Eibar.<\/p>\n<p>Gran partido del equipo armero, ganaba por 2 a 0 en la primera parte, gracias al doblete de Borja Baston. En la segunda mitad,\u00a0 Morales y luego Deyverson cerraron cifras.<\/p>\n<p>En el sur de Madrid, nuevo triunfo del Rayo Vallecano que con goles de Javi Guerra y Trashorras, gan\u00f3 al Sporting de Gijon, 2 a 1.<\/p>\n<p>El tanto de los asturianos lo marc\u00f3 Jony. En el archipi\u00e9lago canario, primera victoria de la temporada para Las Palmas, que super\u00f3 por 2 a 0 al Sevilla. Anotaron para el conjunto local, Mesa y Alcaraz.<\/p>\n<p>Los andaluces con este resultado se ubican en el fondo de la tabla. En la Rosaleda, el M\u00e1laga perdi\u00f3 su encuentro ante el Villarreal por la m\u00ednima diferencia, gracias a un gol en contra, anotado por el argentino Tissone.<\/p>\n<p>Cierran esta noche, en el Benito Villamar\u00edn, esta jornada de f\u00fatbol entre semanas, el Betis y el Deportivo La Coru\u00f1a.<\/p>\n<div class='epvc-post-count'><span class='epvc-eye'><\/span>  <span class=\"epvc-count\"> 2.045<\/span><span class='epvc-label'> veces le\u00edda<\/span><\/div>\n<div class=\"jwsharethis\">\nShare this: \n<br \/>\n<a href=\"mailto:?subject=Ahora%20manda%20el%20Real%20Madrid&amp;body=https%3A%2F%2Flabestiadeportiva.com%2Flbd%2Fahora-manda-el-real-madrid%2F\">\n<img src=\"https:\/\/labestiadeportiva.com\/lbd\/wp-content\/plugins\/jw-share-this\/email.png\" alt=\"Share this page via Email\" \/>\n<\/a>\n<a target=\"_blank\" href=\"http:\/\/www.stumbleupon.com\/submit?url=https%3A%2F%2Flabestiadeportiva.com%2Flbd%2Fahora-manda-el-real-madrid%2F&amp;title=Ahora+manda+el+Real+Madrid\">\n<img src=\"https:\/\/labestiadeportiva.com\/lbd\/wp-content\/plugins\/jw-share-this\/su.png\" alt=\"Share this page via Stumble Upon\" \/>\n<\/a>\n<a target=\"_blank\" href=\"http:\/\/digg.com\/submit?url=https%3A%2F%2Flabestiadeportiva.com%2Flbd%2Fahora-manda-el-real-madrid%2F&amp;title=Ahora+manda+el+Real+Madrid\">\n<img src=\"https:\/\/labestiadeportiva.com\/lbd\/wp-content\/plugins\/jw-share-this\/digg.png\" alt=\"Share this page via Digg this\" \/>\n<\/a>\n<a target=\"_blank\" href=\"http:\/\/www.facebook.com\/sharer.php?u=https%3A%2F%2Flabestiadeportiva.com%2Flbd%2Fahora-manda-el-real-madrid%2F&amp;t=Ahora+manda+el+Real+Madrid\">\n<img src=\"https:\/\/labestiadeportiva.com\/lbd\/wp-content\/plugins\/jw-share-this\/fb.png\" alt=\"Share this page via Facebook\" \/>\n<\/a>\n<a target=\"_blank\" href=\"http:\/\/twitter.com\/intent\/tweet?text=I+like+https%3A%2F%2Flabestiadeportiva.com%2Flbd%2Fahora-manda-el-real-madrid%2F&amp;title=Ahora+manda+el+Real+Madrid\">\n<img src=\"https:\/\/labestiadeportiva.com\/lbd\/wp-content\/plugins\/jw-share-this\/twitter.png\" alt=\"Share this page via Twitter\" \/>\n<\/a>\n<\/div>\n","protected":false},"excerpt":{"rendered":"<p>Por Daniel Campos (Corresponsal LBD en Palma de Mallorca, Espa\u00f1a) El Real Madrid es el nuevo l\u00edder de la Liga en Espa\u00f1a, tras vencer en Bilbao al Athletic. Duro traspi\u00e9 del Barcelona en Vigo ante el Celta, y tambi\u00e9n triunfos del Atl\u00e9tico de Madrid, Villarreal y Rayo Vallecano. Aqu\u00ed, el resumen de esta fecha adelantada &hellip; <a href=\"https:\/\/labestiadeportiva.com\/lbd\/ahora-manda-el-real-madrid\/\" class=\"more-link\">Seguir leyendo <span class=\"screen-reader-text\">Ahora manda el Real Madrid<\/span> <span class=\"meta-nav\">&rarr;<\/span><\/a><\/p>\n","protected":false},"author":1,"featured_media":17360,"comment_status":"open","ping_status":"open","sticky":false,"template":"","format":"standard","meta":[],"categories":[4,14,1],"tags":[17,35,83],"_links":{"self":[{"href":"https:\/\/labestiadeportiva.com\/lbd\/wp-json\/wp\/v2\/posts\/17359"}],"collection":[{"href":"https:\/\/labestiadeportiva.com\/lbd\/wp-json\/wp\/v2\/posts"}],"about":[{"href":"https:\/\/labestiadeportiva.com\/lbd\/wp-json\/wp\/v2\/types\/post"}],"author":[{"embeddable":true,"href":"https:\/\/labestiadeportiva.com\/lbd\/wp-json\/wp\/v2\/users\/1"}],"replies":[{"embeddable":true,"href":"https:\/\/labestiadeportiva.com\/lbd\/wp-json\/wp\/v2\/comments?post=17359"}],"version-history":[{"count":2,"href":"https:\/\/labestiadeportiva.com\/lbd\/wp-json\/wp\/v2\/posts\/17359\/revisions"}],"predecessor-version":[{"id":17363,"href":"https:\/\/labestiadeportiva.com\/lbd\/wp-json\/wp\/v2\/posts\/17359\/revisions\/17363"}],"wp:featuredmedia":[{"embeddable":true,"href":"https:\/\/labestiadeportiva.com\/lbd\/wp-json\/wp\/v2\/media\/17360"}],"wp:attachment":[{"href":"https:\/\/labestiadeportiva.com\/lbd\/wp-json\/wp\/v2\/media?parent=17359"}],"wp:term":[{"taxonomy":"category","embeddable":true,"href":"https:\/\/labestiadeportiva.com\/lbd\/wp-json\/wp\/v2\/categories?post=17359"},{"taxonomy":"post_tag","embeddable":true,"href":"https:\/\/labestiadeportiva.com\/lbd\/wp-json\/wp\/v2\/tags?post=17359"}],"curies":[{"name":"wp","href":"https:\/\/api.w.org\/{rel}","templated":true}]}}