{"id":17371,"date":"2015-09-25T10:26:52","date_gmt":"2015-09-25T13:26:52","guid":{"rendered":"http:\/\/labestiadeportiva.com\/lbd\/?p=17371"},"modified":"2015-09-25T10:26:52","modified_gmt":"2015-09-25T13:26:52","slug":"fue-un-fin-de-semana-sonado-audio","status":"publish","type":"post","link":"https:\/\/labestiadeportiva.com\/lbd\/fue-un-fin-de-semana-sonado-audio\/","title":{"rendered":"\u201cFue un fin de semana so\u00f1ado\u201d (Audio)"},"content":{"rendered":"<p><a href=\"http:\/\/labestiadeportiva.com\/lbd\/wp-content\/uploads\/2015\/09\/12003343_982506608482541_3286730321746427711_n.jpg\"><img loading=\"lazy\" class=\"alignleft size-medium wp-image-17373\" src=\"http:\/\/labestiadeportiva.com\/lbd\/wp-content\/uploads\/2015\/09\/12003343_982506608482541_3286730321746427711_n-300x300.jpg\" alt=\"12003343_982506608482541_3286730321746427711_n\" width=\"300\" height=\"300\" srcset=\"https:\/\/labestiadeportiva.com\/lbd\/wp-content\/uploads\/2015\/09\/12003343_982506608482541_3286730321746427711_n-300x300.jpg 300w, https:\/\/labestiadeportiva.com\/lbd\/wp-content\/uploads\/2015\/09\/12003343_982506608482541_3286730321746427711_n-150x150.jpg 150w, https:\/\/labestiadeportiva.com\/lbd\/wp-content\/uploads\/2015\/09\/12003343_982506608482541_3286730321746427711_n-160x160.jpg 160w, https:\/\/labestiadeportiva.com\/lbd\/wp-content\/uploads\/2015\/09\/12003343_982506608482541_3286730321746427711_n-320x320.jpg 320w, https:\/\/labestiadeportiva.com\/lbd\/wp-content\/uploads\/2015\/09\/12003343_982506608482541_3286730321746427711_n.jpg 640w\" sizes=\"(max-width: 300px) 100vw, 300px\" \/><\/a>El piloto ushuaiense, Lucas Yerobi, hizo su debut en el TC 2000. Fue en el aut\u00f3dromo \u201cRoberto Mouras\u201d de La Plata. Condujo el VW Vento del equipo FE que comanda Rub\u00e9n Salerno. El fueguino pudo demostrar su capacidad conductiva remontando m\u00e1s de diez posiciones. Desde LBD dialogamos con \u00e9l, compartimos parte de la entrevista lograda este mi\u00e9rcoles en la 94.1 FM del Sur.<!--more--><\/p>\n<p><iframe loading=\"lazy\" src=\"https:\/\/www.youtube.com\/embed\/d-RCNCU6V5w\" width=\"420\" height=\"315\" frameborder=\"0\" allowfullscreen=\"allowfullscreen\"><\/iframe><\/p>\n<div class='epvc-post-count'><span class='epvc-eye'><\/span>  <span class=\"epvc-count\"> 1.040<\/span><span class='epvc-label'> veces le\u00edda<\/span><\/div>\n<div class=\"jwsharethis\">\nShare this: \n<br \/>\n<a href=\"mailto:?subject=%E2%80%9CFue%20un%20fin%20de%20semana%20so%C3%B1ado%E2%80%9D%20%28Audio%29&amp;body=https%3A%2F%2Flabestiadeportiva.com%2Flbd%2Ffue-un-fin-de-semana-sonado-audio%2F\">\n<img src=\"https:\/\/labestiadeportiva.com\/lbd\/wp-content\/plugins\/jw-share-this\/email.png\" alt=\"Share this page via Email\" \/>\n<\/a>\n<a target=\"_blank\" href=\"http:\/\/www.stumbleupon.com\/submit?url=https%3A%2F%2Flabestiadeportiva.com%2Flbd%2Ffue-un-fin-de-semana-sonado-audio%2F&amp;title=%E2%80%9CFue+un+fin+de+semana+so%C3%B1ado%E2%80%9D+%28Audio%29\">\n<img src=\"https:\/\/labestiadeportiva.com\/lbd\/wp-content\/plugins\/jw-share-this\/su.png\" alt=\"Share this page via Stumble Upon\" \/>\n<\/a>\n<a target=\"_blank\" href=\"http:\/\/digg.com\/submit?url=https%3A%2F%2Flabestiadeportiva.com%2Flbd%2Ffue-un-fin-de-semana-sonado-audio%2F&amp;title=%E2%80%9CFue+un+fin+de+semana+so%C3%B1ado%E2%80%9D+%28Audio%29\">\n<img src=\"https:\/\/labestiadeportiva.com\/lbd\/wp-content\/plugins\/jw-share-this\/digg.png\" alt=\"Share this page via Digg this\" \/>\n<\/a>\n<a target=\"_blank\" href=\"http:\/\/www.facebook.com\/sharer.php?u=https%3A%2F%2Flabestiadeportiva.com%2Flbd%2Ffue-un-fin-de-semana-sonado-audio%2F&amp;t=%E2%80%9CFue+un+fin+de+semana+so%C3%B1ado%E2%80%9D+%28Audio%29\">\n<img src=\"https:\/\/labestiadeportiva.com\/lbd\/wp-content\/plugins\/jw-share-this\/fb.png\" alt=\"Share this page via Facebook\" \/>\n<\/a>\n<a target=\"_blank\" href=\"http:\/\/twitter.com\/intent\/tweet?text=I+like+https%3A%2F%2Flabestiadeportiva.com%2Flbd%2Ffue-un-fin-de-semana-sonado-audio%2F&amp;title=%E2%80%9CFue+un+fin+de+semana+so%C3%B1ado%E2%80%9D+%28Audio%29\">\n<img src=\"https:\/\/labestiadeportiva.com\/lbd\/wp-content\/plugins\/jw-share-this\/twitter.png\" alt=\"Share this page via Twitter\" \/>\n<\/a>\n<\/div>\n","protected":false},"excerpt":{"rendered":"<p>El piloto ushuaiense, Lucas Yerobi, hizo su debut en el TC 2000. Fue en el aut\u00f3dromo \u201cRoberto Mouras\u201d de La Plata. Condujo el VW Vento del equipo FE que comanda Rub\u00e9n Salerno. El fueguino pudo demostrar su capacidad conductiva remontando m\u00e1s de diez posiciones. Desde LBD dialogamos con \u00e9l, compartimos parte de la entrevista lograda &hellip; <a href=\"https:\/\/labestiadeportiva.com\/lbd\/fue-un-fin-de-semana-sonado-audio\/\" class=\"more-link\">Seguir leyendo <span class=\"screen-reader-text\">\u201cFue un fin de semana so\u00f1ado\u201d (Audio)<\/span> <span class=\"meta-nav\">&rarr;<\/span><\/a><\/p>\n","protected":false},"author":1,"featured_media":17373,"comment_status":"open","ping_status":"open","sticky":false,"template":"","format":"standard","meta":[],"categories":[2135,5,6,60,1],"tags":[86,4838,152,83,2323],"_links":{"self":[{"href":"https:\/\/labestiadeportiva.com\/lbd\/wp-json\/wp\/v2\/posts\/17371"}],"collection":[{"href":"https:\/\/labestiadeportiva.com\/lbd\/wp-json\/wp\/v2\/posts"}],"about":[{"href":"https:\/\/labestiadeportiva.com\/lbd\/wp-json\/wp\/v2\/types\/post"}],"author":[{"embeddable":true,"href":"https:\/\/labestiadeportiva.com\/lbd\/wp-json\/wp\/v2\/users\/1"}],"replies":[{"embeddable":true,"href":"https:\/\/labestiadeportiva.com\/lbd\/wp-json\/wp\/v2\/comments?post=17371"}],"version-history":[{"count":1,"href":"https:\/\/labestiadeportiva.com\/lbd\/wp-json\/wp\/v2\/posts\/17371\/revisions"}],"predecessor-version":[{"id":17374,"href":"https:\/\/labestiadeportiva.com\/lbd\/wp-json\/wp\/v2\/posts\/17371\/revisions\/17374"}],"wp:featuredmedia":[{"embeddable":true,"href":"https:\/\/labestiadeportiva.com\/lbd\/wp-json\/wp\/v2\/media\/17373"}],"wp:attachment":[{"href":"https:\/\/labestiadeportiva.com\/lbd\/wp-json\/wp\/v2\/media?parent=17371"}],"wp:term":[{"taxonomy":"category","embeddable":true,"href":"https:\/\/labestiadeportiva.com\/lbd\/wp-json\/wp\/v2\/categories?post=17371"},{"taxonomy":"post_tag","embeddable":true,"href":"https:\/\/labestiadeportiva.com\/lbd\/wp-json\/wp\/v2\/tags?post=17371"}],"curies":[{"name":"wp","href":"https:\/\/api.w.org\/{rel}","templated":true}]}}