{"id":17615,"date":"2015-10-08T23:54:27","date_gmt":"2015-10-09T02:54:27","guid":{"rendered":"http:\/\/labestiadeportiva.com\/lbd\/?p=17615"},"modified":"2015-10-08T23:54:27","modified_gmt":"2015-10-09T02:54:27","slug":"los-juveniles-a-rosario","status":"publish","type":"post","link":"https:\/\/labestiadeportiva.com\/lbd\/los-juveniles-a-rosario\/","title":{"rendered":"Los juveniles a Rosario"},"content":{"rendered":"<p><a href=\"http:\/\/labestiadeportiva.com\/lbd\/wp-content\/uploads\/2015\/10\/12115905_988483424551526_118503062922413370_n.jpg\"><img loading=\"lazy\" class=\"alignleft size-medium wp-image-17616\" src=\"http:\/\/labestiadeportiva.com\/lbd\/wp-content\/uploads\/2015\/10\/12115905_988483424551526_118503062922413370_n-300x142.jpg\" alt=\"12115905_988483424551526_118503062922413370_n\" width=\"300\" height=\"142\" srcset=\"https:\/\/labestiadeportiva.com\/lbd\/wp-content\/uploads\/2015\/10\/12115905_988483424551526_118503062922413370_n-300x142.jpg 300w, https:\/\/labestiadeportiva.com\/lbd\/wp-content\/uploads\/2015\/10\/12115905_988483424551526_118503062922413370_n-520x245.jpg 520w, https:\/\/labestiadeportiva.com\/lbd\/wp-content\/uploads\/2015\/10\/12115905_988483424551526_118503062922413370_n-720x340.jpg 720w, https:\/\/labestiadeportiva.com\/lbd\/wp-content\/uploads\/2015\/10\/12115905_988483424551526_118503062922413370_n.jpg 862w\" sizes=\"(max-width: 300px) 100vw, 300px\" \/><\/a>Este jueves por la tarde noche, desde las 20.30, parti\u00f3 hacia la sede de la competencia la selecci\u00f3n local perteneciente a la Federaci\u00f3n Ushuaiense de Futsal. El primer tramo del recorrido ser\u00e1 v\u00eda a\u00e9rea para una vez en la Ciudad Aut\u00f3noma de Buenos Aires completar el trayecto en micro. La competencia nacional se desarrollar\u00e1 \u00a0del domingo 11 al s\u00e1bado 17 de octubre.<!--more--><\/p>\n<p>Un nuevo sue\u00f1o comienza para una categor\u00eda acostumbrada a darle alegr\u00edas a la gente salonera de nuestra ciudad. \u00a0El estadio cubierto del club Newell\u00b4s Old oys ser\u00e1 la sede de la acci\u00f3n donde 12 selecciones ir\u00e1n en busca del t\u00edtulo 2015.<\/p>\n<p>Horas antes de partir LBD se contact\u00f3 brevemente con el entrenador Alberto \u201cBeto\u201d Hern\u00e1ndez quien nos dijo: <span style=\"color: #0000ff;\">\u201cVamos con el plantel completo, llegaron los cuatro chicos que nos faltaban que estaban en la Araucan\u00eda. El objetivo es llegar en competencia al \u00faltimo d\u00eda del torneo que es el s\u00e1bado. Hemos tenido la suerte de ganar el torneo en varias oportunidades trataremos, \u00a0como siempre, de dejar a Ushuaia en lo m\u00e1s alto\u201d.<\/span><\/p>\n<p>A partir del pr\u00f3ximo lunes en nuestro programa radial que se emite por la 94.1 FM del Sur de 13 a 14 horas nos contactaremos diariamente con los integrantes del plantel para tener la palabra de los protagonistas luego de cada jornada de competencia, material que reflejaremos regularmente en nuestro sitio web. (www.labestiadeportiva.com)<\/p>\n<p><a href=\"http:\/\/labestiadeportiva.com\/lbd\/wp-content\/uploads\/2015\/10\/12079084_988484231218112_7086700260156703855_n.jpg\"><img loading=\"lazy\" class=\"aligncenter size-medium wp-image-17617\" src=\"http:\/\/labestiadeportiva.com\/lbd\/wp-content\/uploads\/2015\/10\/12079084_988484231218112_7086700260156703855_n-300x165.jpg\" alt=\"12079084_988484231218112_7086700260156703855_n\" width=\"300\" height=\"165\" srcset=\"https:\/\/labestiadeportiva.com\/lbd\/wp-content\/uploads\/2015\/10\/12079084_988484231218112_7086700260156703855_n-300x165.jpg 300w, https:\/\/labestiadeportiva.com\/lbd\/wp-content\/uploads\/2015\/10\/12079084_988484231218112_7086700260156703855_n.jpg 649w\" sizes=\"(max-width: 300px) 100vw, 300px\" \/><\/a><\/p>\n<div class='epvc-post-count'><span class='epvc-eye'><\/span>  <span class=\"epvc-count\"> 1.073<\/span><span class='epvc-label'> veces le\u00edda<\/span><\/div>\n<div class=\"jwsharethis\">\nShare this: \n<br \/>\n<a href=\"mailto:?subject=Los%20juveniles%20a%20Rosario&amp;body=https%3A%2F%2Flabestiadeportiva.com%2Flbd%2Flos-juveniles-a-rosario%2F\">\n<img src=\"https:\/\/labestiadeportiva.com\/lbd\/wp-content\/plugins\/jw-share-this\/email.png\" alt=\"Share this page via Email\" \/>\n<\/a>\n<a target=\"_blank\" href=\"http:\/\/www.stumbleupon.com\/submit?url=https%3A%2F%2Flabestiadeportiva.com%2Flbd%2Flos-juveniles-a-rosario%2F&amp;title=Los+juveniles+a+Rosario\">\n<img src=\"https:\/\/labestiadeportiva.com\/lbd\/wp-content\/plugins\/jw-share-this\/su.png\" alt=\"Share this page via Stumble Upon\" \/>\n<\/a>\n<a target=\"_blank\" href=\"http:\/\/digg.com\/submit?url=https%3A%2F%2Flabestiadeportiva.com%2Flbd%2Flos-juveniles-a-rosario%2F&amp;title=Los+juveniles+a+Rosario\">\n<img src=\"https:\/\/labestiadeportiva.com\/lbd\/wp-content\/plugins\/jw-share-this\/digg.png\" alt=\"Share this page via Digg this\" \/>\n<\/a>\n<a target=\"_blank\" href=\"http:\/\/www.facebook.com\/sharer.php?u=https%3A%2F%2Flabestiadeportiva.com%2Flbd%2Flos-juveniles-a-rosario%2F&amp;t=Los+juveniles+a+Rosario\">\n<img src=\"https:\/\/labestiadeportiva.com\/lbd\/wp-content\/plugins\/jw-share-this\/fb.png\" alt=\"Share this page via Facebook\" \/>\n<\/a>\n<a target=\"_blank\" href=\"http:\/\/twitter.com\/intent\/tweet?text=I+like+https%3A%2F%2Flabestiadeportiva.com%2Flbd%2Flos-juveniles-a-rosario%2F&amp;title=Los+juveniles+a+Rosario\">\n<img src=\"https:\/\/labestiadeportiva.com\/lbd\/wp-content\/plugins\/jw-share-this\/twitter.png\" alt=\"Share this page via Twitter\" \/>\n<\/a>\n<\/div>\n","protected":false},"excerpt":{"rendered":"<p>Este jueves por la tarde noche, desde las 20.30, parti\u00f3 hacia la sede de la competencia la selecci\u00f3n local perteneciente a la Federaci\u00f3n Ushuaiense de Futsal. El primer tramo del recorrido ser\u00e1 v\u00eda a\u00e9rea para una vez en la Ciudad Aut\u00f3noma de Buenos Aires completar el trayecto en micro. La competencia nacional se desarrollar\u00e1 \u00a0del &hellip; <a href=\"https:\/\/labestiadeportiva.com\/lbd\/los-juveniles-a-rosario\/\" class=\"more-link\">Seguir leyendo <span class=\"screen-reader-text\">Los juveniles a Rosario<\/span> <span class=\"meta-nav\">&rarr;<\/span><\/a><\/p>\n","protected":false},"author":1,"featured_media":17616,"comment_status":"open","ping_status":"open","sticky":false,"template":"","format":"standard","meta":[],"categories":[5,6,31,1],"tags":[928,117,501,2386],"_links":{"self":[{"href":"https:\/\/labestiadeportiva.com\/lbd\/wp-json\/wp\/v2\/posts\/17615"}],"collection":[{"href":"https:\/\/labestiadeportiva.com\/lbd\/wp-json\/wp\/v2\/posts"}],"about":[{"href":"https:\/\/labestiadeportiva.com\/lbd\/wp-json\/wp\/v2\/types\/post"}],"author":[{"embeddable":true,"href":"https:\/\/labestiadeportiva.com\/lbd\/wp-json\/wp\/v2\/users\/1"}],"replies":[{"embeddable":true,"href":"https:\/\/labestiadeportiva.com\/lbd\/wp-json\/wp\/v2\/comments?post=17615"}],"version-history":[{"count":1,"href":"https:\/\/labestiadeportiva.com\/lbd\/wp-json\/wp\/v2\/posts\/17615\/revisions"}],"predecessor-version":[{"id":17618,"href":"https:\/\/labestiadeportiva.com\/lbd\/wp-json\/wp\/v2\/posts\/17615\/revisions\/17618"}],"wp:featuredmedia":[{"embeddable":true,"href":"https:\/\/labestiadeportiva.com\/lbd\/wp-json\/wp\/v2\/media\/17616"}],"wp:attachment":[{"href":"https:\/\/labestiadeportiva.com\/lbd\/wp-json\/wp\/v2\/media?parent=17615"}],"wp:term":[{"taxonomy":"category","embeddable":true,"href":"https:\/\/labestiadeportiva.com\/lbd\/wp-json\/wp\/v2\/categories?post=17615"},{"taxonomy":"post_tag","embeddable":true,"href":"https:\/\/labestiadeportiva.com\/lbd\/wp-json\/wp\/v2\/tags?post=17615"}],"curies":[{"name":"wp","href":"https:\/\/api.w.org\/{rel}","templated":true}]}}