{"id":17626,"date":"2015-10-09T13:07:44","date_gmt":"2015-10-09T16:07:44","guid":{"rendered":"http:\/\/labestiadeportiva.com\/lbd\/?p=17626"},"modified":"2015-10-09T13:07:44","modified_gmt":"2015-10-09T16:07:44","slug":"el-cau-a-caba","status":"publish","type":"post","link":"https:\/\/labestiadeportiva.com\/lbd\/el-cau-a-caba\/","title":{"rendered":"El CAU a CABA"},"content":{"rendered":"<p><a href=\"http:\/\/labestiadeportiva.com\/lbd\/wp-content\/uploads\/2015\/10\/12074777_943171845719918_8161516884742874197_n.jpg\"><img loading=\"lazy\" class=\"alignleft size-medium wp-image-17627\" src=\"http:\/\/labestiadeportiva.com\/lbd\/wp-content\/uploads\/2015\/10\/12074777_943171845719918_8161516884742874197_n-300x180.jpg\" alt=\"12074777_943171845719918_8161516884742874197_n\" width=\"300\" height=\"180\" srcset=\"https:\/\/labestiadeportiva.com\/lbd\/wp-content\/uploads\/2015\/10\/12074777_943171845719918_8161516884742874197_n-300x180.jpg 300w, https:\/\/labestiadeportiva.com\/lbd\/wp-content\/uploads\/2015\/10\/12074777_943171845719918_8161516884742874197_n.jpg 900w\" sizes=\"(max-width: 300px) 100vw, 300px\" \/><\/a>Este viernes 9 parti\u00f3 la delegaci\u00f3n del Club Andino Ushuaia hacia la capital del pa\u00eds. Los ushuaienses formar\u00e1n parte de la IX edici\u00f3n de la \u201cCopa Honor y Respeto\u201d. La competencia de hockey sobre hielo se realizar\u00e1 en la pista Alpina, ubicada en el barrio de Flores, extendi\u00e9ndose hasta el lunes 11.<!--more--><\/p>\n<p>La delegaci\u00f3n del Club Andino Ushuaia, conformada por 28 jugadores distribuidos en las categor\u00edas Sub12, Sub14, Sub16 y Sub18, participar\u00e1n de la IX Edici\u00f3n de Copa Honor y Respeto organizada por la Federaci\u00f3n Argentina de Hockey sobre Hielo (FAHH).<\/p>\n<p>Del evento tambi\u00e9n participar\u00e1n los equipos Asociaci\u00f3n Civil Escuela Metropolitana de Hockey sobre Hielo (ACEMHH), Winter Club de Hockey sobre Hielo (WCHH), Club de Hockey sobre Hielo y en L\u00ednea (CHHL) y Mar del Plata, entre los que sumar\u00e1n m\u00e1s de 120 jugadores.<\/p>\n<p>Los encuentros comenzaron en la noche del jueves extendi\u00e9ndose hasta la tarde del lunes mientras que por la noche se realizar\u00e1 la entrega de premios, todo esto en la pista de Alpina en el barrio porte\u00f1o de Flores.<\/p>\n<div class='epvc-post-count'><span class='epvc-eye'><\/span>  <span class=\"epvc-count\"> 1.248<\/span><span class='epvc-label'> veces le\u00edda<\/span><\/div>\n<div class=\"jwsharethis\">\nShare this: \n<br \/>\n<a href=\"mailto:?subject=El%20CAU%20a%20CABA&amp;body=https%3A%2F%2Flabestiadeportiva.com%2Flbd%2Fel-cau-a-caba%2F\">\n<img src=\"https:\/\/labestiadeportiva.com\/lbd\/wp-content\/plugins\/jw-share-this\/email.png\" alt=\"Share this page via Email\" \/>\n<\/a>\n<a target=\"_blank\" href=\"http:\/\/www.stumbleupon.com\/submit?url=https%3A%2F%2Flabestiadeportiva.com%2Flbd%2Fel-cau-a-caba%2F&amp;title=El+CAU+a+CABA\">\n<img src=\"https:\/\/labestiadeportiva.com\/lbd\/wp-content\/plugins\/jw-share-this\/su.png\" alt=\"Share this page via Stumble Upon\" \/>\n<\/a>\n<a target=\"_blank\" href=\"http:\/\/digg.com\/submit?url=https%3A%2F%2Flabestiadeportiva.com%2Flbd%2Fel-cau-a-caba%2F&amp;title=El+CAU+a+CABA\">\n<img src=\"https:\/\/labestiadeportiva.com\/lbd\/wp-content\/plugins\/jw-share-this\/digg.png\" alt=\"Share this page via Digg this\" \/>\n<\/a>\n<a target=\"_blank\" href=\"http:\/\/www.facebook.com\/sharer.php?u=https%3A%2F%2Flabestiadeportiva.com%2Flbd%2Fel-cau-a-caba%2F&amp;t=El+CAU+a+CABA\">\n<img src=\"https:\/\/labestiadeportiva.com\/lbd\/wp-content\/plugins\/jw-share-this\/fb.png\" alt=\"Share this page via Facebook\" \/>\n<\/a>\n<a target=\"_blank\" href=\"http:\/\/twitter.com\/intent\/tweet?text=I+like+https%3A%2F%2Flabestiadeportiva.com%2Flbd%2Fel-cau-a-caba%2F&amp;title=El+CAU+a+CABA\">\n<img src=\"https:\/\/labestiadeportiva.com\/lbd\/wp-content\/plugins\/jw-share-this\/twitter.png\" alt=\"Share this page via Twitter\" \/>\n<\/a>\n<\/div>\n","protected":false},"excerpt":{"rendered":"<p>Este viernes 9 parti\u00f3 la delegaci\u00f3n del Club Andino Ushuaia hacia la capital del pa\u00eds. Los ushuaienses formar\u00e1n parte de la IX edici\u00f3n de la \u201cCopa Honor y Respeto\u201d. La competencia de hockey sobre hielo se realizar\u00e1 en la pista Alpina, ubicada en el barrio de Flores, extendi\u00e9ndose hasta el lunes 11. 1.248 veces le\u00edda &hellip; <a href=\"https:\/\/labestiadeportiva.com\/lbd\/el-cau-a-caba\/\" class=\"more-link\">Seguir leyendo <span class=\"screen-reader-text\">El CAU a CABA<\/span> <span class=\"meta-nav\">&rarr;<\/span><\/a><\/p>\n","protected":false},"author":1,"featured_media":17627,"comment_status":"open","ping_status":"open","sticky":false,"template":"","format":"standard","meta":[],"categories":[5,6,41,2233,1],"tags":[1729,42,140,139],"_links":{"self":[{"href":"https:\/\/labestiadeportiva.com\/lbd\/wp-json\/wp\/v2\/posts\/17626"}],"collection":[{"href":"https:\/\/labestiadeportiva.com\/lbd\/wp-json\/wp\/v2\/posts"}],"about":[{"href":"https:\/\/labestiadeportiva.com\/lbd\/wp-json\/wp\/v2\/types\/post"}],"author":[{"embeddable":true,"href":"https:\/\/labestiadeportiva.com\/lbd\/wp-json\/wp\/v2\/users\/1"}],"replies":[{"embeddable":true,"href":"https:\/\/labestiadeportiva.com\/lbd\/wp-json\/wp\/v2\/comments?post=17626"}],"version-history":[{"count":1,"href":"https:\/\/labestiadeportiva.com\/lbd\/wp-json\/wp\/v2\/posts\/17626\/revisions"}],"predecessor-version":[{"id":17628,"href":"https:\/\/labestiadeportiva.com\/lbd\/wp-json\/wp\/v2\/posts\/17626\/revisions\/17628"}],"wp:featuredmedia":[{"embeddable":true,"href":"https:\/\/labestiadeportiva.com\/lbd\/wp-json\/wp\/v2\/media\/17627"}],"wp:attachment":[{"href":"https:\/\/labestiadeportiva.com\/lbd\/wp-json\/wp\/v2\/media?parent=17626"}],"wp:term":[{"taxonomy":"category","embeddable":true,"href":"https:\/\/labestiadeportiva.com\/lbd\/wp-json\/wp\/v2\/categories?post=17626"},{"taxonomy":"post_tag","embeddable":true,"href":"https:\/\/labestiadeportiva.com\/lbd\/wp-json\/wp\/v2\/tags?post=17626"}],"curies":[{"name":"wp","href":"https:\/\/api.w.org\/{rel}","templated":true}]}}