{"id":17896,"date":"2015-10-28T17:15:41","date_gmt":"2015-10-28T20:15:41","guid":{"rendered":"http:\/\/labestiadeportiva.com\/lbd\/?p=17896"},"modified":"2015-10-28T17:15:41","modified_gmt":"2015-10-28T20:15:41","slug":"el-flaco-en-vicente-lopez-audio","status":"publish","type":"post","link":"https:\/\/labestiadeportiva.com\/lbd\/el-flaco-en-vicente-lopez-audio\/","title":{"rendered":"El \u201cFlaco\u201d en Vicente L\u00f3pez (Audio)"},"content":{"rendered":"<p><a href=\"http:\/\/labestiadeportiva.com\/lbd\/wp-content\/uploads\/2015\/10\/12191546_10207464459559350_5786925064215175505_n.jpg\"><img loading=\"lazy\" class=\"alignleft size-medium wp-image-17897\" src=\"http:\/\/labestiadeportiva.com\/lbd\/wp-content\/uploads\/2015\/10\/12191546_10207464459559350_5786925064215175505_n-300x202.jpg\" alt=\"12191546_10207464459559350_5786925064215175505_n\" width=\"300\" height=\"202\" srcset=\"https:\/\/labestiadeportiva.com\/lbd\/wp-content\/uploads\/2015\/10\/12191546_10207464459559350_5786925064215175505_n-300x202.jpg 300w, https:\/\/labestiadeportiva.com\/lbd\/wp-content\/uploads\/2015\/10\/12191546_10207464459559350_5786925064215175505_n.jpg 960w\" sizes=\"(max-width: 300px) 100vw, 300px\" \/><\/a>Sebasti\u00e1n Morales, el m\u00e1ximo representante del b\u00e1squet de Tierra del Fuego a nivel nacional, defiende los colores de Platense en la nueva temporada del TNA. El pivot de 2,01 y 27 a\u00f1os ha construido una carrera de 11 a\u00f1os donde visti\u00f3 por lo menos 12 camisetas de diferentes clubes. Gimnasia de Comodoro, Firmat, El Sure\u00f1o, Almagro de Esperanza, Banda Norte, San Mart\u00edn de Marcos Ju\u00e1rez, Hebraica, Sport de Ca\u00f1ada de G\u00f3mez, Instituto, San Lorenzo y Estudiantil Porte\u00f1o. Desde LBD dialogamos con \u00e9l, repaso de su presente deportivo y personal como as\u00ed tambi\u00e9n su trayectoria un verdadero ejemplo de sacrificio y conducta tanto dentro como fuera de la cancha. Compartimos la entrevista lograda este martes en la 94.1 FM del Sur.<\/p>\n<p><a href=\"http:\/\/labestiadeportiva.com\/lbd\/wp-content\/uploads\/2015\/10\/11108217_10206261922727644_2744238311726905363_n.jpg\"><img loading=\"lazy\" class=\"aligncenter size-full wp-image-17898\" src=\"http:\/\/labestiadeportiva.com\/lbd\/wp-content\/uploads\/2015\/10\/11108217_10206261922727644_2744238311726905363_n.jpg\" alt=\"11108217_10206261922727644_2744238311726905363_n\" width=\"274\" height=\"206\" \/><\/a><br \/>\n<!--more--><\/p>\n<p><iframe loading=\"lazy\" src=\"https:\/\/www.youtube.com\/embed\/nb00sK6i5BU\" width=\"420\" height=\"315\" frameborder=\"0\" allowfullscreen=\"allowfullscreen\"><\/iframe><\/p>\n<div class='epvc-post-count'><span class='epvc-eye'><\/span>  <span class=\"epvc-count\"> 1.023<\/span><span class='epvc-label'> veces le\u00edda<\/span><\/div>\n<div class=\"jwsharethis\">\nShare this: \n<br \/>\n<a href=\"mailto:?subject=El%20%E2%80%9CFlaco%E2%80%9D%20en%20Vicente%20L%C3%B3pez%20%28Audio%29&amp;body=https%3A%2F%2Flabestiadeportiva.com%2Flbd%2Fel-flaco-en-vicente-lopez-audio%2F\">\n<img src=\"https:\/\/labestiadeportiva.com\/lbd\/wp-content\/plugins\/jw-share-this\/email.png\" alt=\"Share this page via Email\" \/>\n<\/a>\n<a target=\"_blank\" href=\"http:\/\/www.stumbleupon.com\/submit?url=https%3A%2F%2Flabestiadeportiva.com%2Flbd%2Fel-flaco-en-vicente-lopez-audio%2F&amp;title=El+%E2%80%9CFlaco%E2%80%9D+en+Vicente+L%C3%B3pez+%28Audio%29\">\n<img src=\"https:\/\/labestiadeportiva.com\/lbd\/wp-content\/plugins\/jw-share-this\/su.png\" alt=\"Share this page via Stumble Upon\" \/>\n<\/a>\n<a target=\"_blank\" href=\"http:\/\/digg.com\/submit?url=https%3A%2F%2Flabestiadeportiva.com%2Flbd%2Fel-flaco-en-vicente-lopez-audio%2F&amp;title=El+%E2%80%9CFlaco%E2%80%9D+en+Vicente+L%C3%B3pez+%28Audio%29\">\n<img src=\"https:\/\/labestiadeportiva.com\/lbd\/wp-content\/plugins\/jw-share-this\/digg.png\" alt=\"Share this page via Digg this\" \/>\n<\/a>\n<a target=\"_blank\" href=\"http:\/\/www.facebook.com\/sharer.php?u=https%3A%2F%2Flabestiadeportiva.com%2Flbd%2Fel-flaco-en-vicente-lopez-audio%2F&amp;t=El+%E2%80%9CFlaco%E2%80%9D+en+Vicente+L%C3%B3pez+%28Audio%29\">\n<img src=\"https:\/\/labestiadeportiva.com\/lbd\/wp-content\/plugins\/jw-share-this\/fb.png\" alt=\"Share this page via Facebook\" \/>\n<\/a>\n<a target=\"_blank\" href=\"http:\/\/twitter.com\/intent\/tweet?text=I+like+https%3A%2F%2Flabestiadeportiva.com%2Flbd%2Fel-flaco-en-vicente-lopez-audio%2F&amp;title=El+%E2%80%9CFlaco%E2%80%9D+en+Vicente+L%C3%B3pez+%28Audio%29\">\n<img src=\"https:\/\/labestiadeportiva.com\/lbd\/wp-content\/plugins\/jw-share-this\/twitter.png\" alt=\"Share this page via Twitter\" \/>\n<\/a>\n<\/div>\n","protected":false},"excerpt":{"rendered":"<p>Sebasti\u00e1n Morales, el m\u00e1ximo representante del b\u00e1squet de Tierra del Fuego a nivel nacional, defiende los colores de Platense en la nueva temporada del TNA. El pivot de 2,01 y 27 a\u00f1os ha construido una carrera de 11 a\u00f1os donde visti\u00f3 por lo menos 12 camisetas de diferentes clubes. Gimnasia de Comodoro, Firmat, El Sure\u00f1o, &hellip; <a href=\"https:\/\/labestiadeportiva.com\/lbd\/el-flaco-en-vicente-lopez-audio\/\" class=\"more-link\">Seguir leyendo <span class=\"screen-reader-text\">El \u201cFlaco\u201d en Vicente L\u00f3pez (Audio)<\/span> <span class=\"meta-nav\">&rarr;<\/span><\/a><\/p>\n","protected":false},"author":1,"featured_media":17897,"comment_status":"open","ping_status":"open","sticky":false,"template":"","format":"standard","meta":[],"categories":[2413,5,6,60,1],"tags":[171,4838,83,2414,645,258],"_links":{"self":[{"href":"https:\/\/labestiadeportiva.com\/lbd\/wp-json\/wp\/v2\/posts\/17896"}],"collection":[{"href":"https:\/\/labestiadeportiva.com\/lbd\/wp-json\/wp\/v2\/posts"}],"about":[{"href":"https:\/\/labestiadeportiva.com\/lbd\/wp-json\/wp\/v2\/types\/post"}],"author":[{"embeddable":true,"href":"https:\/\/labestiadeportiva.com\/lbd\/wp-json\/wp\/v2\/users\/1"}],"replies":[{"embeddable":true,"href":"https:\/\/labestiadeportiva.com\/lbd\/wp-json\/wp\/v2\/comments?post=17896"}],"version-history":[{"count":1,"href":"https:\/\/labestiadeportiva.com\/lbd\/wp-json\/wp\/v2\/posts\/17896\/revisions"}],"predecessor-version":[{"id":17899,"href":"https:\/\/labestiadeportiva.com\/lbd\/wp-json\/wp\/v2\/posts\/17896\/revisions\/17899"}],"wp:featuredmedia":[{"embeddable":true,"href":"https:\/\/labestiadeportiva.com\/lbd\/wp-json\/wp\/v2\/media\/17897"}],"wp:attachment":[{"href":"https:\/\/labestiadeportiva.com\/lbd\/wp-json\/wp\/v2\/media?parent=17896"}],"wp:term":[{"taxonomy":"category","embeddable":true,"href":"https:\/\/labestiadeportiva.com\/lbd\/wp-json\/wp\/v2\/categories?post=17896"},{"taxonomy":"post_tag","embeddable":true,"href":"https:\/\/labestiadeportiva.com\/lbd\/wp-json\/wp\/v2\/tags?post=17896"}],"curies":[{"name":"wp","href":"https:\/\/api.w.org\/{rel}","templated":true}]}}