{"id":17957,"date":"2015-11-02T01:50:35","date_gmt":"2015-11-02T04:50:35","guid":{"rendered":"http:\/\/labestiadeportiva.com\/lbd\/?p=17957"},"modified":"2015-11-02T01:53:23","modified_gmt":"2015-11-02T04:53:23","slug":"llego-el-primer-podio-en-el-tc-2000","status":"publish","type":"post","link":"https:\/\/labestiadeportiva.com\/lbd\/llego-el-primer-podio-en-el-tc-2000\/","title":{"rendered":"Lleg\u00f3 el primer podio en el TC 2000"},"content":{"rendered":"<p><a href=\"http:\/\/labestiadeportiva.com\/lbd\/wp-content\/uploads\/2015\/11\/Yerobi-.-Podio.jpg\"><img loading=\"lazy\" class=\"alignleft size-medium wp-image-17958\" src=\"http:\/\/labestiadeportiva.com\/lbd\/wp-content\/uploads\/2015\/11\/Yerobi-.-Podio-300x157.jpg\" alt=\"Yerobi . Podio\" width=\"300\" height=\"157\" srcset=\"https:\/\/labestiadeportiva.com\/lbd\/wp-content\/uploads\/2015\/11\/Yerobi-.-Podio-300x157.jpg 300w, https:\/\/labestiadeportiva.com\/lbd\/wp-content\/uploads\/2015\/11\/Yerobi-.-Podio.jpg 856w\" sizes=\"(max-width: 300px) 100vw, 300px\" \/><\/a>El piloto ushuaiense, Lucas Yerobi, consigui\u00f3 su mejor resultado dentro del TC 2000 completando un fin de semana pr\u00e1cticamente perfecto y demostrando todo lo que tiene para dar dentro de la categor\u00eda. En el aut\u00f3dromo de R\u00edo IV complet\u00f3 la fecha siendo escolta del ganador Juan Rosso. Fuente prensa Lucas Yerobi. Las fotos son gentileza de Dami\u00e1n Barischpolski.<!--more--><\/p>\n<p>El fueguino pon\u00eda en marcha su competencia final yendo en busca de la primera colocaci\u00f3n pr\u00e1cticamente desde el inicio, llegando a tocarse con el l\u00edder de la competencia sin poder superarlo pero manteni\u00e9ndose por detr\u00e1s y sin dar posibilidad de alejarse en las primeras tres vueltas de actividad, cuando el Auto de Seguridad aparec\u00eda en pista neutralizando diferencias.<\/p>\n<p>En busca de la primera ubicaci\u00f3n, Lucas lleg\u00f3 a poner nuevamente su VW Vento a la par de quien lideraba en una maniobra que deriv\u00f3 en el ingreso algo pasado en una de las variantes del circuito, perdiendo la condici\u00f3n de escolta y pasando a ser nuevo tercero, manteni\u00e9ndose siempre cerca de los dos primeros lugares.<\/p>\n<p>La paridad era total entre los tres l\u00edderes, llegando a ubicarse a la par en sectores del trazado y permitiendo que Lucas pase a ser escolta nuevamente con s\u00f3lo un tercio de competencia consumada y mucho por transcurrir.<\/p>\n<p>Con el correr de las vueltas la competencia parec\u00eda entrar en una peque\u00f1a meseta, pese que la misma no permit\u00eda ning\u00fan tipo de distracci\u00f3n ya que las diferencias siempre eran m\u00ednimas respecto a las primeras posiciones.<\/p>\n<p>En ese marco, Lucas se afianzaba en el lugar de escolta tras la deserci\u00f3n de quien era tercero e intentaba atacar la posici\u00f3n de l\u00edder, dejando el resto de rendimiento que ten\u00eda el VW Vento que le brinda la Escuderia FE.<\/p>\n<p>Lleg\u00f3 la bandera a cuadros y Lucas pudo coronar el resultado que siempre busc\u00f3 y que lleg\u00f3 mucho antes de lo previsto, demostrando lo bien que le sienta la categor\u00eda, el auto con el cual cuenta y el equipo que integra, demostrando que lo mejor est\u00e1 por venir.<\/p>\n<p><span style=\"color: #ff0000;\">\u201cSab\u00eda que era un circuito complicado para el sobrepaso, lo intent\u00e9 pero no pude. Despu\u00e9s trat\u00e9 de correrlo sin descuidarme de la presi\u00f3n recibida por detr\u00e1s, dimos batalla hasta la \u00faltima curva y coronamos un gran resultado. <\/span><\/p>\n<p><span style=\"color: #ff0000;\">Se lo debo a la Escuderia Fe, encabezada por Ruben Salerno y todo el equipo que tengo, el cual trabaja de manera permanente. Ahora a seguir para mantenernos en esa l\u00ednea\u201d<\/span> coment\u00f3 Yerobi una vez terminada la prueba.<\/p>\n<p>La pr\u00f3xima fecha dentro del TC 2000 ser\u00e1 la \u00faltima de la temporada y tendr\u00e1 lugar en el aut\u00f3dromo de Concepci\u00f3n del Uruguay, entre los d\u00edas 20 y 21 de noviembre.<\/p>\n<p><a href=\"http:\/\/labestiadeportiva.com\/lbd\/wp-content\/uploads\/2015\/11\/Yerobi-Domingo.jpg\"><img loading=\"lazy\" class=\"aligncenter size-medium wp-image-17959\" src=\"http:\/\/labestiadeportiva.com\/lbd\/wp-content\/uploads\/2015\/11\/Yerobi-Domingo-300x176.jpg\" alt=\"Yerobi - Domingo\" width=\"300\" height=\"176\" srcset=\"https:\/\/labestiadeportiva.com\/lbd\/wp-content\/uploads\/2015\/11\/Yerobi-Domingo-300x176.jpg 300w, https:\/\/labestiadeportiva.com\/lbd\/wp-content\/uploads\/2015\/11\/Yerobi-Domingo.jpg 883w\" sizes=\"(max-width: 300px) 100vw, 300px\" \/><\/a>Lucas Yerobi agradece el apoyo brindado a \u201cGr\u00faas Delta, Agua Jony, Hertz, Orange Car Wash, Seinco Servicios y Log\u00edstica, VM Repuestos, Municipalidad de Ushuaia, El Diario Del Fin Del Mundo, Pizza Bely, La 97 Radio Fueguina, Escale Andina, Argentina Publicidad, John Foos, La Cien.1, Azzurra, El Gran Corsini, Almar Construcciones, Club Del Pastor Blanco Suizo y Drogueria Express\u201d<\/p>\n<div class='epvc-post-count'><span class='epvc-eye'><\/span>  <span class=\"epvc-count\"> 1.202<\/span><span class='epvc-label'> veces le\u00edda<\/span><\/div>\n<div class=\"jwsharethis\">\nShare this: \n<br \/>\n<a href=\"mailto:?subject=Lleg%C3%B3%20el%20primer%20podio%20en%20el%20TC%202000&amp;body=https%3A%2F%2Flabestiadeportiva.com%2Flbd%2Fllego-el-primer-podio-en-el-tc-2000%2F\">\n<img src=\"https:\/\/labestiadeportiva.com\/lbd\/wp-content\/plugins\/jw-share-this\/email.png\" alt=\"Share this page via Email\" \/>\n<\/a>\n<a target=\"_blank\" href=\"http:\/\/www.stumbleupon.com\/submit?url=https%3A%2F%2Flabestiadeportiva.com%2Flbd%2Fllego-el-primer-podio-en-el-tc-2000%2F&amp;title=Lleg%C3%B3+el+primer+podio+en+el+TC+2000\">\n<img src=\"https:\/\/labestiadeportiva.com\/lbd\/wp-content\/plugins\/jw-share-this\/su.png\" alt=\"Share this page via Stumble Upon\" \/>\n<\/a>\n<a target=\"_blank\" href=\"http:\/\/digg.com\/submit?url=https%3A%2F%2Flabestiadeportiva.com%2Flbd%2Fllego-el-primer-podio-en-el-tc-2000%2F&amp;title=Lleg%C3%B3+el+primer+podio+en+el+TC+2000\">\n<img src=\"https:\/\/labestiadeportiva.com\/lbd\/wp-content\/plugins\/jw-share-this\/digg.png\" alt=\"Share this page via Digg this\" \/>\n<\/a>\n<a target=\"_blank\" href=\"http:\/\/www.facebook.com\/sharer.php?u=https%3A%2F%2Flabestiadeportiva.com%2Flbd%2Fllego-el-primer-podio-en-el-tc-2000%2F&amp;t=Lleg%C3%B3+el+primer+podio+en+el+TC+2000\">\n<img src=\"https:\/\/labestiadeportiva.com\/lbd\/wp-content\/plugins\/jw-share-this\/fb.png\" alt=\"Share this page via Facebook\" \/>\n<\/a>\n<a target=\"_blank\" href=\"http:\/\/twitter.com\/intent\/tweet?text=I+like+https%3A%2F%2Flabestiadeportiva.com%2Flbd%2Fllego-el-primer-podio-en-el-tc-2000%2F&amp;title=Lleg%C3%B3+el+primer+podio+en+el+TC+2000\">\n<img src=\"https:\/\/labestiadeportiva.com\/lbd\/wp-content\/plugins\/jw-share-this\/twitter.png\" alt=\"Share this page via Twitter\" \/>\n<\/a>\n<\/div>\n","protected":false},"excerpt":{"rendered":"<p>El piloto ushuaiense, Lucas Yerobi, consigui\u00f3 su mejor resultado dentro del TC 2000 completando un fin de semana pr\u00e1cticamente perfecto y demostrando todo lo que tiene para dar dentro de la categor\u00eda. En el aut\u00f3dromo de R\u00edo IV complet\u00f3 la fecha siendo escolta del ganador Juan Rosso. Fuente prensa Lucas Yerobi. Las fotos son gentileza &hellip; <a href=\"https:\/\/labestiadeportiva.com\/lbd\/llego-el-primer-podio-en-el-tc-2000\/\" class=\"more-link\">Seguir leyendo <span class=\"screen-reader-text\">Lleg\u00f3 el primer podio en el TC 2000<\/span> <span class=\"meta-nav\">&rarr;<\/span><\/a><\/p>\n","protected":false},"author":1,"featured_media":17958,"comment_status":"open","ping_status":"open","sticky":false,"template":"","format":"standard","meta":[],"categories":[2135,5,6,1],"tags":[2418,86,152,2323],"_links":{"self":[{"href":"https:\/\/labestiadeportiva.com\/lbd\/wp-json\/wp\/v2\/posts\/17957"}],"collection":[{"href":"https:\/\/labestiadeportiva.com\/lbd\/wp-json\/wp\/v2\/posts"}],"about":[{"href":"https:\/\/labestiadeportiva.com\/lbd\/wp-json\/wp\/v2\/types\/post"}],"author":[{"embeddable":true,"href":"https:\/\/labestiadeportiva.com\/lbd\/wp-json\/wp\/v2\/users\/1"}],"replies":[{"embeddable":true,"href":"https:\/\/labestiadeportiva.com\/lbd\/wp-json\/wp\/v2\/comments?post=17957"}],"version-history":[{"count":3,"href":"https:\/\/labestiadeportiva.com\/lbd\/wp-json\/wp\/v2\/posts\/17957\/revisions"}],"predecessor-version":[{"id":17962,"href":"https:\/\/labestiadeportiva.com\/lbd\/wp-json\/wp\/v2\/posts\/17957\/revisions\/17962"}],"wp:featuredmedia":[{"embeddable":true,"href":"https:\/\/labestiadeportiva.com\/lbd\/wp-json\/wp\/v2\/media\/17958"}],"wp:attachment":[{"href":"https:\/\/labestiadeportiva.com\/lbd\/wp-json\/wp\/v2\/media?parent=17957"}],"wp:term":[{"taxonomy":"category","embeddable":true,"href":"https:\/\/labestiadeportiva.com\/lbd\/wp-json\/wp\/v2\/categories?post=17957"},{"taxonomy":"post_tag","embeddable":true,"href":"https:\/\/labestiadeportiva.com\/lbd\/wp-json\/wp\/v2\/tags?post=17957"}],"curies":[{"name":"wp","href":"https:\/\/api.w.org\/{rel}","templated":true}]}}