{"id":18230,"date":"2015-11-18T20:03:15","date_gmt":"2015-11-18T23:03:15","guid":{"rendered":"http:\/\/labestiadeportiva.com\/lbd\/?p=18230"},"modified":"2015-11-18T20:03:15","modified_gmt":"2015-11-18T23:03:15","slug":"en-busca-de-un-cierre-a-lo-grande","status":"publish","type":"post","link":"https:\/\/labestiadeportiva.com\/lbd\/en-busca-de-un-cierre-a-lo-grande\/","title":{"rendered":"En busca de un cierre a lo grande"},"content":{"rendered":"<p><a href=\"http:\/\/labestiadeportiva.com\/lbd\/wp-content\/uploads\/2015\/11\/100_2452.jpg\"><img loading=\"lazy\" class=\"alignleft size-medium wp-image-18231\" src=\"http:\/\/labestiadeportiva.com\/lbd\/wp-content\/uploads\/2015\/11\/100_2452-300x220.jpg\" alt=\"100_2452\" width=\"300\" height=\"220\" srcset=\"https:\/\/labestiadeportiva.com\/lbd\/wp-content\/uploads\/2015\/11\/100_2452-300x220.jpg 300w, https:\/\/labestiadeportiva.com\/lbd\/wp-content\/uploads\/2015\/11\/100_2452-1024x750.jpg 1024w\" sizes=\"(max-width: 300px) 100vw, 300px\" \/><\/a>Tras alcanzar su primer podio dentro del TC 2000, el piloto ushuaiense, Lucas Yerobi intentar\u00e1 ir por otro buen resultado en el Gran Premio Coronaci\u00f3n a realizarse en el aut\u00f3dromo de Concepci\u00f3n del Uruguay. Fuente y foto Prensa Lucas Yerobi.<!--more--><\/p>\n<p>El a\u00f1o deportivo del fueguino llegar\u00e1 a su punto final este fin de semana en el aut\u00f3dromo de Concepci\u00f3n del Uruguay, escenario en el cual formar\u00e1 parte de la \u00faltima competencia del a\u00f1o para el TC 2000 donde intentar\u00e1 cumplir con un buen trabajo contando con el antecedente inmediato que significa haber logrado el segundo escal\u00f3n del podio en la \u00faltima carrera.<\/p>\n<p>Con la idea de poder seguir por ese camino y volver a estar entre los protagonistas, pero siempre manteniendo la calma respecto al desaf\u00edo deportivo que se avecina, Lucas volver\u00e1 a subirse al VW Vento de la Escuder\u00eda FE siempre tratando de estar lo m\u00e1s adelante posible pero manteniendo la calma y la meta de estar afirm\u00e1ndose entre los diez principales protagonistas de la carrera.<\/p>\n<p>Para ello, el equipo ha trabajado de lleno con el importante reto por delante de poder sostener el rendimiento del auto, entreg\u00e1ndole nuevamente una unidad competitiva al piloto sure\u00f1o, tal como ocurre desde su llegada a la categor\u00eda.<\/p>\n<p><span style=\"color: #0000ff;\">\u201cLlegamos al cierre de temporada muy motivados manteniendo los pies sobre la tierra porque sabemos que en R\u00edo Cuarto la suerte nos acompa\u00f1\u00f3 para terminar de coronar el resultado obtenido. <\/span><\/p>\n<p><span style=\"color: #0000ff;\">Vamos a tratar de mantenernos entre los diez pilotos de adelante y cerrar de la mejor manera posible esta primera temporada dentro del TC 2000, agradeci\u00e9ndole como siempre al equipo y todos los que me acompa\u00f1an de manera permanente\u201d<\/span> expres\u00f3 Lucas.<\/p>\n<p>La \u00faltima competencia del a\u00f1o tendr\u00e1 lugar entre los d\u00edas viernes 20 y s\u00e1bado 21 debido al ballotage del \u00a0domingo. De esta manera, el viernes se desarrollar\u00e1n dos tandas de entrenamientos dispuestas para las 09.10 y 12.45 respectivamente, mientras que 15.50 se pondr\u00e1 en disputa la tanda de clasificaci\u00f3n previa al sprint, el cual se desarrollar\u00e1 desde las 16.45 horas.<\/p>\n<p>El d\u00eda s\u00e1bado, la competencia final tendr\u00e1 lugar a partir de las 11.45 contando con televisaci\u00f3n, en vivo y en directo, por la pantalla de Canal 13 junto al equipo period\u00edstico de \u201cCarburando\u201d.<\/p>\n<p>Lucas Yerobi agradece el apoyo brindado a \u201cGr\u00faas Delta, Agua Jony, Hertz, Orange Car Wash, Seinco Servicios y Log\u00edstica, VM Repuestos, Municipalidad de Ushuaia, El Diario Del Fin Del Mundo, Pizza Bely, La 97 Radio Fueguina, Escale Andina, Argentina Publicidad, John Foos, La Cien.1, Azzurra, El Gran Corsini, Almar Construcciones, Club Del Pastor Blanco Suizo y Drogueria Express\u201d<\/p>\n<div class='epvc-post-count'><span class='epvc-eye'><\/span>  <span class=\"epvc-count\"> 1.103<\/span><span class='epvc-label'> veces le\u00edda<\/span><\/div>\n<div class=\"jwsharethis\">\nShare this: \n<br \/>\n<a href=\"mailto:?subject=En%20busca%20de%20un%20cierre%20a%20lo%20grande&amp;body=https%3A%2F%2Flabestiadeportiva.com%2Flbd%2Fen-busca-de-un-cierre-a-lo-grande%2F\">\n<img src=\"https:\/\/labestiadeportiva.com\/lbd\/wp-content\/plugins\/jw-share-this\/email.png\" alt=\"Share this page via Email\" \/>\n<\/a>\n<a target=\"_blank\" href=\"http:\/\/www.stumbleupon.com\/submit?url=https%3A%2F%2Flabestiadeportiva.com%2Flbd%2Fen-busca-de-un-cierre-a-lo-grande%2F&amp;title=En+busca+de+un+cierre+a+lo+grande\">\n<img src=\"https:\/\/labestiadeportiva.com\/lbd\/wp-content\/plugins\/jw-share-this\/su.png\" alt=\"Share this page via Stumble Upon\" \/>\n<\/a>\n<a target=\"_blank\" href=\"http:\/\/digg.com\/submit?url=https%3A%2F%2Flabestiadeportiva.com%2Flbd%2Fen-busca-de-un-cierre-a-lo-grande%2F&amp;title=En+busca+de+un+cierre+a+lo+grande\">\n<img src=\"https:\/\/labestiadeportiva.com\/lbd\/wp-content\/plugins\/jw-share-this\/digg.png\" alt=\"Share this page via Digg this\" \/>\n<\/a>\n<a target=\"_blank\" href=\"http:\/\/www.facebook.com\/sharer.php?u=https%3A%2F%2Flabestiadeportiva.com%2Flbd%2Fen-busca-de-un-cierre-a-lo-grande%2F&amp;t=En+busca+de+un+cierre+a+lo+grande\">\n<img src=\"https:\/\/labestiadeportiva.com\/lbd\/wp-content\/plugins\/jw-share-this\/fb.png\" alt=\"Share this page via Facebook\" \/>\n<\/a>\n<a target=\"_blank\" href=\"http:\/\/twitter.com\/intent\/tweet?text=I+like+https%3A%2F%2Flabestiadeportiva.com%2Flbd%2Fen-busca-de-un-cierre-a-lo-grande%2F&amp;title=En+busca+de+un+cierre+a+lo+grande\">\n<img src=\"https:\/\/labestiadeportiva.com\/lbd\/wp-content\/plugins\/jw-share-this\/twitter.png\" alt=\"Share this page via Twitter\" \/>\n<\/a>\n<\/div>\n","protected":false},"excerpt":{"rendered":"<p>Tras alcanzar su primer podio dentro del TC 2000, el piloto ushuaiense, Lucas Yerobi intentar\u00e1 ir por otro buen resultado en el Gran Premio Coronaci\u00f3n a realizarse en el aut\u00f3dromo de Concepci\u00f3n del Uruguay. Fuente y foto Prensa Lucas Yerobi. 1.103 veces le\u00edda Share this:<\/p>\n","protected":false},"author":1,"featured_media":18231,"comment_status":"open","ping_status":"open","sticky":false,"template":"","format":"standard","meta":[],"categories":[2135,5,6,1],"tags":[86,152,83,2323],"_links":{"self":[{"href":"https:\/\/labestiadeportiva.com\/lbd\/wp-json\/wp\/v2\/posts\/18230"}],"collection":[{"href":"https:\/\/labestiadeportiva.com\/lbd\/wp-json\/wp\/v2\/posts"}],"about":[{"href":"https:\/\/labestiadeportiva.com\/lbd\/wp-json\/wp\/v2\/types\/post"}],"author":[{"embeddable":true,"href":"https:\/\/labestiadeportiva.com\/lbd\/wp-json\/wp\/v2\/users\/1"}],"replies":[{"embeddable":true,"href":"https:\/\/labestiadeportiva.com\/lbd\/wp-json\/wp\/v2\/comments?post=18230"}],"version-history":[{"count":1,"href":"https:\/\/labestiadeportiva.com\/lbd\/wp-json\/wp\/v2\/posts\/18230\/revisions"}],"predecessor-version":[{"id":18232,"href":"https:\/\/labestiadeportiva.com\/lbd\/wp-json\/wp\/v2\/posts\/18230\/revisions\/18232"}],"wp:featuredmedia":[{"embeddable":true,"href":"https:\/\/labestiadeportiva.com\/lbd\/wp-json\/wp\/v2\/media\/18231"}],"wp:attachment":[{"href":"https:\/\/labestiadeportiva.com\/lbd\/wp-json\/wp\/v2\/media?parent=18230"}],"wp:term":[{"taxonomy":"category","embeddable":true,"href":"https:\/\/labestiadeportiva.com\/lbd\/wp-json\/wp\/v2\/categories?post=18230"},{"taxonomy":"post_tag","embeddable":true,"href":"https:\/\/labestiadeportiva.com\/lbd\/wp-json\/wp\/v2\/tags?post=18230"}],"curies":[{"name":"wp","href":"https:\/\/api.w.org\/{rel}","templated":true}]}}