{"id":18396,"date":"2015-12-04T17:34:08","date_gmt":"2015-12-04T20:34:08","guid":{"rendered":"http:\/\/labestiadeportiva.com\/lbd\/?p=18396"},"modified":"2015-12-04T17:34:08","modified_gmt":"2015-12-04T20:34:08","slug":"agenda-deportiva-110","status":"publish","type":"post","link":"https:\/\/labestiadeportiva.com\/lbd\/agenda-deportiva-110\/","title":{"rendered":"Agenda Deportiva"},"content":{"rendered":"<p><a href=\"http:\/\/labestiadeportiva.com\/lbd\/wp-content\/uploads\/2015\/12\/volante.png\"><img loading=\"lazy\" class=\"alignleft size-medium wp-image-18397\" src=\"http:\/\/labestiadeportiva.com\/lbd\/wp-content\/uploads\/2015\/12\/volante-213x300.png\" alt=\"volante\" width=\"213\" height=\"300\" srcset=\"https:\/\/labestiadeportiva.com\/lbd\/wp-content\/uploads\/2015\/12\/volante-213x300.png 213w, https:\/\/labestiadeportiva.com\/lbd\/wp-content\/uploads\/2015\/12\/volante-726x1024.png 726w\" sizes=\"(max-width: 213px) 100vw, 213px\" \/><\/a>A partir de este viernes se pondr\u00e1 en marcha el pen\u00faltimo fin de semana competitivo de la temporada. Ser\u00e1 el momento de varias definiciones y por ende la llegada de nuevos campeones. En cuanto a las disciplinas que ver\u00e1n acci\u00f3n podemos citar atletismo, hockey pista, futsal federado, rugby, b\u00e1squet y f\u00fatbol 11. Desde LBD todos los detalles.<!--more--><\/p>\n<p><span style=\"color: #0000ff;\">Atletismo<\/span><br \/>\nEste domingo desde las diez de la ma\u00f1ana se pondr\u00e1 en marcha la edici\u00f3n inicial del Medio Marat\u00f3n Glaciar Martial. La competencia de 21 k ser\u00e1 acompa\u00f1ada por una prueba alternativa de 10.000 metros.<\/p>\n<p>El trayecto elegido por los organizadores comenzar\u00e1 en la base del Glaciar recorriendo caminos de asfalto, ripio como as\u00ed tambi\u00e9n senderos con tramos de turba y barro. Ambos recorridos finalizar\u00e1n en la zona del Yamana Bar ubicado en la Avenida Prefectura Naval y 12 de Octubre.<\/p>\n<p><span style=\"color: #0000ff;\">Hockey Pista<\/span><br \/>\nDoble actividad para la disciplina durante el fin de semana. De jueves a domingo se disputar\u00e1 la competencia organizada por el URC, en esta oportunidad el Torneo del Fin del Mundo ser\u00e1 para los segmentos de 1\u00ba damas y caballeros.<\/p>\n<p>Competir\u00e1n catorce equipos, diez de mujeres y cuatro de varones. A las instituciones locales se le sumar\u00e1n combinados santacruce\u00f1os de las localidades de El Calafate y El Chalt\u00e9n.<\/p>\n<p>Se jugar\u00e1n 37 partidos, las finales comenzar\u00e1n el domingo a partir de las cuatro de la tarde.<\/p>\n<p>Asimismo con la organizaci\u00f3n de la Polic\u00eda Provincial se realizar\u00e1 el torneo de mamis \u201cCopa de la Mujer\u201d de la cual formar\u00e1n parte 8 equipos.<\/p>\n<p>Se jugar\u00e1 en el gimnasio policial \u201cSargento 1\u00ba Salvador Molina\u201d el lunes de 10 a 19 mientras que el martes feriado la carga horaria ser\u00e1 de 10 a 16 horas.<\/p>\n<p><span style=\"color: #0000ff;\"><a href=\"http:\/\/labestiadeportiva.com\/lbd\/wp-content\/uploads\/2015\/12\/Imagen-1613.jpg\"><img loading=\"lazy\" class=\"aligncenter size-medium wp-image-18398\" src=\"http:\/\/labestiadeportiva.com\/lbd\/wp-content\/uploads\/2015\/12\/Imagen-1613-300x164.jpg\" alt=\"Imagen 1613\" width=\"300\" height=\"164\" srcset=\"https:\/\/labestiadeportiva.com\/lbd\/wp-content\/uploads\/2015\/12\/Imagen-1613-300x164.jpg 300w, https:\/\/labestiadeportiva.com\/lbd\/wp-content\/uploads\/2015\/12\/Imagen-1613.jpg 800w\" sizes=\"(max-width: 300px) 100vw, 300px\" \/><\/a>Futsal Federado<\/span><br \/>\nMomento de definiciones en la Federaci\u00f3n Ushuaiense, alguna de ellas hist\u00f3ricas. Con epicentro en el gimnasio de Campolter, ubicado en el barrio 640 Viviendas se jugar\u00e1n partidos de cadetes, juveniles y mayores dentro de los segmentos \u201cA\u201d y \u201cB\u201d.<\/p>\n<p>El domingo a las 22 se medir\u00e1n \u00d3ptica Social ante Comercio, de ganar los primeros ser\u00e1n los campeones de la principal categor\u00eda cortando una hegemon\u00eda magall\u00e1nica de una d\u00e9cada.<\/p>\n<p><span style=\"color: #0000ff;\">Rugby<\/span><br \/>\nEn un nuevo cronograma oficial de juego de la URTF, se destaca el cierre del rugby Tag el s\u00e1bado desde las diez de la ma\u00f1ana en la cancha municipal \u201cAgust\u00edn Pichot\u201d actividad que se extender\u00e1 hasta pasado el mediod\u00eda donde la gente menuda de ambos sexos despedir\u00e1 la temporada.<\/p>\n<p>Asimismo desde las tres y media de la tarde en la cancha principal del \u201ctricolor\u201d se jugar\u00e1 el partido de primera divisi\u00f3n entre URC y R\u00edo Grande RHC que entregar\u00e1 el nuevo campe\u00f3n del torneo provincial 2015\/2016.<\/p>\n<p><span style=\"color: #0000ff;\"><a href=\"http:\/\/labestiadeportiva.com\/lbd\/wp-content\/uploads\/2015\/12\/12108011_10153772684498482_8883979513948073250_n.jpg\"><img loading=\"lazy\" class=\"aligncenter size-medium wp-image-18399\" src=\"http:\/\/labestiadeportiva.com\/lbd\/wp-content\/uploads\/2015\/12\/12108011_10153772684498482_8883979513948073250_n-203x300.jpg\" alt=\"12108011_10153772684498482_8883979513948073250_n\" width=\"203\" height=\"300\" srcset=\"https:\/\/labestiadeportiva.com\/lbd\/wp-content\/uploads\/2015\/12\/12108011_10153772684498482_8883979513948073250_n-203x300.jpg 203w, https:\/\/labestiadeportiva.com\/lbd\/wp-content\/uploads\/2015\/12\/12108011_10153772684498482_8883979513948073250_n.jpg 267w\" sizes=\"(max-width: 203px) 100vw, 203px\" \/><\/a>B\u00e1squet<\/span><br \/>\nDefinici\u00f3n para el \u00faltimo torneo local de primera divisi\u00f3n. El s\u00e1bado a las 22 en la cancha 4 del \u201cHugo Italo Favale\u201d chocar\u00e1n Club de Amigos \u201cA\u201d ante Club Municipal.<\/p>\n<p>Un verdadero duelo Ushuaia\/R\u00edo Grande, si favorece a los capitalinos se habr\u00e1n consagrado bicampeones.<\/p>\n<p><span style=\"color: #0000ff;\">F\u00fatbol 11<\/span><br \/>\nLa Liga Ushuaiense contin\u00faa con la recta final de sus campeonatos de primera divisi\u00f3n. La acci\u00f3n del fin de semana comenzar\u00e1 este viernes por la noche, desde las 21, con el partido entre CAEF y Centro Galicia.<\/p>\n<p>El s\u00e1bado se competir\u00e1 de 17 a 22.30 mientras que la jornada dominguera ser\u00e1 de 13 a 22.30, el l\u00edder Los Cuervos enfrentar\u00e1 a Campolter mientras que su escolta Lasserre FC lo har\u00e1 ante Arturo Prat.<\/p>\n<p><span style=\"color: #ff0000;\">F\u00fatbol 11 Liga Ushuaiense<\/span><br \/>\nViernes 4<br \/>\nSint\u00e9tico \u201cHugo Lumbreras\u201d<br \/>\n21.00 CAEF\/Centro Galicia<br \/>\nS\u00e1bado 5<br \/>\n17.00 Guemes\/AATEDYC<br \/>\n19.00 Los Andes\/La UOM<br \/>\n21.00 El Duende\/Andes del Sur<br \/>\nDomingo 6<br \/>\n13.00 Los Cuervos FDM\/Campolter<br \/>\n15.00 Filial Ferro\/Centro Galicia<\/p>\n<p>17.00 Mercantil\/Mutual BTF<br \/>\n19.00 CAEF\/Camioneros<br \/>\n21.00 Lasserre FC\/Arturo Prat<\/p>\n<p><span style=\"color: #ff0000;\"><a href=\"http:\/\/labestiadeportiva.com\/lbd\/wp-content\/uploads\/2015\/12\/Imagen-1509.jpg\"><img loading=\"lazy\" class=\"aligncenter size-medium wp-image-18400\" src=\"http:\/\/labestiadeportiva.com\/lbd\/wp-content\/uploads\/2015\/12\/Imagen-1509-300x149.jpg\" alt=\"Imagen 1509\" width=\"300\" height=\"149\" srcset=\"https:\/\/labestiadeportiva.com\/lbd\/wp-content\/uploads\/2015\/12\/Imagen-1509-300x149.jpg 300w, https:\/\/labestiadeportiva.com\/lbd\/wp-content\/uploads\/2015\/12\/Imagen-1509.jpg 800w\" sizes=\"(max-width: 300px) 100vw, 300px\" \/><\/a>B\u00e1squet<\/span><br \/>\n1\u00ba Divisi\u00f3n<br \/>\nFinal Torneo Local<br \/>\nS\u00e1bado 5<br \/>\nCancha 4 \u00abHugo Italo Favale\u00bb<br \/>\n22.00 Club de Amigos \u201cA\u201d\/Club Municipal<\/p>\n<p><span style=\"color: #ff0000;\">Hockey Pista<\/span><\/p>\n<p>Torneo del Fin del Mundo<br \/>\nCopa Challenger \u201cNew San\u201d<br \/>\n1\u00ba Damas y Caballeros<br \/>\nGimnasio URC<\/p>\n<p>Jueves 3<br \/>\nEQUIPO\/EQUIPO<br \/>\n20.00 LOS \u00d1IRES\/URC AZUL<br \/>\n20.45 EL CALAFATE\/COLEGIO PASION<br \/>\n21.30 URC ROJO\/URC MAMIS<\/p>\n<p>Viernes 4<br \/>\n19.00 CLUB COL DEL SUR\/LOS ANGELES<br \/>\n19.45 EL CALAFATE\/CHALTEN<br \/>\n20.30 SERPIENTES\/URC ROJO<br \/>\n21.15 CHALTEN\/URC ROJO<br \/>\n22.00 SERPIENTES\/URC AZUL<\/p>\n<p>S\u00e1bado 5<br \/>\n09.00 CHALTEN\/COLEGIO PASION<br \/>\n09.45 LOS \u00d1IRES\/EL CALAFATE<br \/>\n10.30 CHALTEN\/SERPIENTES<br \/>\n11.15 URC ROJO\/URC AZUL<br \/>\n12.00 SERPIENTES\/URC MAMIS<br \/>\n12.45 URC ROJO\/CLUB COL DEL SUR<br \/>\n13.30 URC AZUL\/EL CALAFATE<br \/>\n14.15 CHALTEN\/LOS \u00d1IRES<br \/>\n15.00 LOS ANGELES\/URC MAMIS<br \/>\n15.45 SERPIENTES\/URC ROJO<br \/>\n16.30 CHALTEN\/URC AZUL<br \/>\n17.15 COLEGIO PASION\/URC AZUL<br \/>\n18.00 SERPIENTES\/CLUB COL DEL SUR<br \/>\n18.45 LOS ANGELES\/URC ROJO<br \/>\n19.30 COLEGIO PASION\/LOS \u00d1IRES<br \/>\n20.15 URC AZUL\/CHALTEN<br \/>\n21.00 SERPIENTES\/LOS ANGELES<br \/>\n21.45 URC MAMIS\/CLUB COL DEL SUR<\/p>\n<p>Domingo 6<br \/>\n09.00 1\u00b0z A\/2\u00b0z B<br \/>\n09.45 1\u00b0z B\/2\u00b0z A<br \/>\n10.30 1\u00b0 P\/4\u00b0 P<br \/>\n11.15 2\u00b0 P\/3\u00b0 P<br \/>\n12.00 5\u00b0z A\/5\u00b0z B<br \/>\n12.45 4\u00b0z A\/4\u00b0z B<br \/>\n13.30 3\u00b0z A\/3\u00b0z B<br \/>\n14.15 Perd Semi 1\/Perd Semi 2<br \/>\n15.15 Perd Semi 1\/Perd Semi 2<br \/>\n16.15 gan semi 1\/gan semi 2<br \/>\n17.15 gan semi 1\/gan semi 2<br \/>\n18.15 Premiaci\u00f3n<\/p>\n<p><a href=\"http:\/\/labestiadeportiva.com\/lbd\/wp-content\/uploads\/2015\/12\/12308789_549059971913558_4854025949248175661_n.png\"><img loading=\"lazy\" class=\"aligncenter size-medium wp-image-18401\" src=\"http:\/\/labestiadeportiva.com\/lbd\/wp-content\/uploads\/2015\/12\/12308789_549059971913558_4854025949248175661_n-244x300.png\" alt=\"12308789_549059971913558_4854025949248175661_n\" width=\"244\" height=\"300\" srcset=\"https:\/\/labestiadeportiva.com\/lbd\/wp-content\/uploads\/2015\/12\/12308789_549059971913558_4854025949248175661_n-244x300.png 244w, https:\/\/labestiadeportiva.com\/lbd\/wp-content\/uploads\/2015\/12\/12308789_549059971913558_4854025949248175661_n.png 653w\" sizes=\"(max-width: 244px) 100vw, 244px\" \/><\/a><\/p>\n<div class='epvc-post-count'><span class='epvc-eye'><\/span>  <span class=\"epvc-count\"> 930<\/span><span class='epvc-label'> veces le\u00edda<\/span><\/div>\n<div class=\"jwsharethis\">\nShare this: \n<br \/>\n<a href=\"mailto:?subject=Agenda%20Deportiva&amp;body=https%3A%2F%2Flabestiadeportiva.com%2Flbd%2Fagenda-deportiva-110%2F\">\n<img src=\"https:\/\/labestiadeportiva.com\/lbd\/wp-content\/plugins\/jw-share-this\/email.png\" alt=\"Share this page via Email\" \/>\n<\/a>\n<a target=\"_blank\" href=\"http:\/\/www.stumbleupon.com\/submit?url=https%3A%2F%2Flabestiadeportiva.com%2Flbd%2Fagenda-deportiva-110%2F&amp;title=Agenda+Deportiva\">\n<img src=\"https:\/\/labestiadeportiva.com\/lbd\/wp-content\/plugins\/jw-share-this\/su.png\" alt=\"Share this page via Stumble Upon\" \/>\n<\/a>\n<a target=\"_blank\" href=\"http:\/\/digg.com\/submit?url=https%3A%2F%2Flabestiadeportiva.com%2Flbd%2Fagenda-deportiva-110%2F&amp;title=Agenda+Deportiva\">\n<img src=\"https:\/\/labestiadeportiva.com\/lbd\/wp-content\/plugins\/jw-share-this\/digg.png\" alt=\"Share this page via Digg this\" \/>\n<\/a>\n<a target=\"_blank\" href=\"http:\/\/www.facebook.com\/sharer.php?u=https%3A%2F%2Flabestiadeportiva.com%2Flbd%2Fagenda-deportiva-110%2F&amp;t=Agenda+Deportiva\">\n<img src=\"https:\/\/labestiadeportiva.com\/lbd\/wp-content\/plugins\/jw-share-this\/fb.png\" alt=\"Share this page via Facebook\" \/>\n<\/a>\n<a target=\"_blank\" href=\"http:\/\/twitter.com\/intent\/tweet?text=I+like+https%3A%2F%2Flabestiadeportiva.com%2Flbd%2Fagenda-deportiva-110%2F&amp;title=Agenda+Deportiva\">\n<img src=\"https:\/\/labestiadeportiva.com\/lbd\/wp-content\/plugins\/jw-share-this\/twitter.png\" alt=\"Share this page via Twitter\" \/>\n<\/a>\n<\/div>\n","protected":false},"excerpt":{"rendered":"<p>A partir de este viernes se pondr\u00e1 en marcha el pen\u00faltimo fin de semana competitivo de la temporada. Ser\u00e1 el momento de varias definiciones y por ende la llegada de nuevos campeones. En cuanto a las disciplinas que ver\u00e1n acci\u00f3n podemos citar atletismo, hockey pista, futsal federado, rugby, b\u00e1squet y f\u00fatbol 11. Desde LBD todos &hellip; <a href=\"https:\/\/labestiadeportiva.com\/lbd\/agenda-deportiva-110\/\" class=\"more-link\">Seguir leyendo <span class=\"screen-reader-text\">Agenda Deportiva<\/span> <span class=\"meta-nav\">&rarr;<\/span><\/a><\/p>\n","protected":false},"author":1,"featured_media":18397,"comment_status":"open","ping_status":"open","sticky":false,"template":"","format":"standard","meta":[],"categories":[5,1],"tags":[62,83],"_links":{"self":[{"href":"https:\/\/labestiadeportiva.com\/lbd\/wp-json\/wp\/v2\/posts\/18396"}],"collection":[{"href":"https:\/\/labestiadeportiva.com\/lbd\/wp-json\/wp\/v2\/posts"}],"about":[{"href":"https:\/\/labestiadeportiva.com\/lbd\/wp-json\/wp\/v2\/types\/post"}],"author":[{"embeddable":true,"href":"https:\/\/labestiadeportiva.com\/lbd\/wp-json\/wp\/v2\/users\/1"}],"replies":[{"embeddable":true,"href":"https:\/\/labestiadeportiva.com\/lbd\/wp-json\/wp\/v2\/comments?post=18396"}],"version-history":[{"count":1,"href":"https:\/\/labestiadeportiva.com\/lbd\/wp-json\/wp\/v2\/posts\/18396\/revisions"}],"predecessor-version":[{"id":18402,"href":"https:\/\/labestiadeportiva.com\/lbd\/wp-json\/wp\/v2\/posts\/18396\/revisions\/18402"}],"wp:featuredmedia":[{"embeddable":true,"href":"https:\/\/labestiadeportiva.com\/lbd\/wp-json\/wp\/v2\/media\/18397"}],"wp:attachment":[{"href":"https:\/\/labestiadeportiva.com\/lbd\/wp-json\/wp\/v2\/media?parent=18396"}],"wp:term":[{"taxonomy":"category","embeddable":true,"href":"https:\/\/labestiadeportiva.com\/lbd\/wp-json\/wp\/v2\/categories?post=18396"},{"taxonomy":"post_tag","embeddable":true,"href":"https:\/\/labestiadeportiva.com\/lbd\/wp-json\/wp\/v2\/tags?post=18396"}],"curies":[{"name":"wp","href":"https:\/\/api.w.org\/{rel}","templated":true}]}}