{"id":18422,"date":"2015-12-10T02:49:59","date_gmt":"2015-12-10T05:49:59","guid":{"rendered":"http:\/\/labestiadeportiva.com\/lbd\/?p=18422"},"modified":"2015-12-10T03:17:46","modified_gmt":"2015-12-10T06:17:46","slug":"mano-a-mano","status":"publish","type":"post","link":"https:\/\/labestiadeportiva.com\/lbd\/mano-a-mano\/","title":{"rendered":"Mano a mano"},"content":{"rendered":"<p><a href=\"http:\/\/labestiadeportiva.com\/lbd\/wp-content\/uploads\/2015\/12\/Imagen-1764.jpg\"><img loading=\"lazy\" class=\"alignleft size-medium wp-image-18423\" src=\"http:\/\/labestiadeportiva.com\/lbd\/wp-content\/uploads\/2015\/12\/Imagen-1764-300x184.jpg\" alt=\"Imagen 1764\" width=\"300\" height=\"184\" srcset=\"https:\/\/labestiadeportiva.com\/lbd\/wp-content\/uploads\/2015\/12\/Imagen-1764-300x184.jpg 300w, https:\/\/labestiadeportiva.com\/lbd\/wp-content\/uploads\/2015\/12\/Imagen-1764.jpg 800w\" sizes=\"(max-width: 300px) 100vw, 300px\" \/><\/a>Nueva doble fecha para la principal categor\u00eda de la Liga Ushuaiense de f\u00fatbol. Martes y domingo de competencia donde el l\u00edder, Los Cuervos FDM (44), venci\u00f3 a Campolter y Centro Galicia sin sobrarle nada. Lasserre FC (40) derrot\u00f3 a Prat y Mutual en l\u00ednea y no le pierde pisada. Fundaci\u00f3n Deportiva K\u00b4Mal se transform\u00f3 en el \u00faltimo descendido de la categor\u00eda, al torneo le quedan seis puntos en disputa. El puntero y su escolta se clasificaron al Torneo Federal \u201cC\u201d 2017.<!--more--><\/p>\n<p>La primera jornada oficial para la primera \u201cA\u201d lleg\u00f3 el domingo donde Los Cuervos FDM con ostensibles bajas en su 11 titular consigui\u00f3 una enorme victoria ante el siempre complicado Campolter.<\/p>\n<p>&nbsp;<\/p>\n<p>Un solitario gol en el complemento y el rendimiento superlativo en el arco del \u201cLoco\u201d Romero le dieron la victoria, injusta pues el elenco policial hizo el m\u00e9rito para por lo menos llevarse el empate, los tres puntos se festejaron como un t\u00edtulo en el cuerpo t\u00e9cnico encabezado por el entrenador Eposto.<\/p>\n<p>Filial Ferro est\u00e1 de racha. En un partido sumamente equilibrado ante Centro Galicia con una \u201cayudita\u201d del viento se qued\u00f3 con el duelo que parec\u00eda condenado a la igualdad.<\/p>\n<p><a href=\"http:\/\/labestiadeportiva.com\/lbd\/wp-content\/uploads\/2015\/12\/Imagen-1761.jpg\"><img loading=\"lazy\" class=\"aligncenter size-medium wp-image-18424\" src=\"http:\/\/labestiadeportiva.com\/lbd\/wp-content\/uploads\/2015\/12\/Imagen-1761-300x144.jpg\" alt=\"Imagen 1761\" width=\"300\" height=\"144\" srcset=\"https:\/\/labestiadeportiva.com\/lbd\/wp-content\/uploads\/2015\/12\/Imagen-1761-300x144.jpg 300w, https:\/\/labestiadeportiva.com\/lbd\/wp-content\/uploads\/2015\/12\/Imagen-1761.jpg 800w\" sizes=\"(max-width: 300px) 100vw, 300px\" \/><\/a>Los \u201cverdolagas\u201d comienzan a olvidarse del fondo de la tabla mientras que los gallegos dejan en el camino tres puntos cruciales en su lucha ante Mercantil por el tercer lugar de la clasificaci\u00f3n.<\/p>\n<p>Un par de interesantes empates. Mercantil y Mutual BTF lo hicieron en un tanto, los mercantiles vuelven a bajar su rendimiento mientras que los bancarios amagaron una peque\u00f1a recuperaci\u00f3n que se diluy\u00f3 el martes feriado.<\/p>\n<p>CAEF y Camioneros se brindaron en un choque lleno de goles. A decir verdad ambos elencos marchan sin inconvenientes a la vista lejos del fondo y la parte superior de la tabla.<\/p>\n<p>El juvenil plantel de la educaci\u00f3n fueguina se encuentra realizando experiencia en la principal categor\u00eda mientras que los transportistas parecen mejorar en la recta final del torneo aunque la campa\u00f1a es hasta el momento tan solo regular.<\/p>\n<p><a href=\"http:\/\/labestiadeportiva.com\/lbd\/wp-content\/uploads\/2015\/12\/Imagen-1768.jpg\"><img loading=\"lazy\" class=\"aligncenter size-medium wp-image-18425\" src=\"http:\/\/labestiadeportiva.com\/lbd\/wp-content\/uploads\/2015\/12\/Imagen-1768-300x180.jpg\" alt=\"Imagen 1768\" width=\"300\" height=\"180\" srcset=\"https:\/\/labestiadeportiva.com\/lbd\/wp-content\/uploads\/2015\/12\/Imagen-1768-300x180.jpg 300w, https:\/\/labestiadeportiva.com\/lbd\/wp-content\/uploads\/2015\/12\/Imagen-1768.jpg 800w\" sizes=\"(max-width: 300px) 100vw, 300px\" \/><\/a>El cierre de la jornada entreg\u00f3 una nueva victoria de Lasserre. Fue por 3 a 1 ante el irregular Arturo Prat que parece haber hecho todo lo bueno en la primera rueda, por el lado del plantel conducido por Ra\u00fal Portillo no luce pero suma. Tiene claro sus virtudes y falencias tanto individuales como colectivas luch\u00e1ndole el torneo hasta el final al plantel \u201ccuervo\u201d.<\/p>\n<p>El martes feriado Lasserre no tuvo piedad con Mutual. Lo gole\u00f3 por un categ\u00f3rico 7 a 0 meti\u00e9ndole presi\u00f3n al l\u00edder. Por el lado de los bancarios muy lejos de los a\u00f1os donde fue protagonista, en una campa\u00f1a para el olvido debe agradecer la presencia de K\u00b4Mal que le permiti\u00f3 mantener la categor\u00eda.<\/p>\n<p>Mercantil le gan\u00f3 un duro partido a Campolter. La victoria le permite consolidarse como tercero aunque muy lejos de los punteros. De haber sido un poco m\u00e1s regular la historia podr\u00eda haber sido otra.<\/p>\n<p>Los \u201cpoliciales\u201d cosechan buenas y malas, la campa\u00f1a es aceptable si tenemos en cuenta que tiene poco tiempo jugando en la \u201cA\u201d.<\/p>\n<p>Partidazo entre Los Cuervos y Centro Galicia. Con resultado cambiante, los gallegos quienes mostraron varios regresos fueron al frente en un par de oportunidades, los azulgranas se rehicieron y sobre el final torcieron la historia con un cabezazo goleador de \u201cNico\u201d Mart\u00ednez.<\/p>\n<p>Los azulgranas de conseguir los tres puntos en la pr\u00f3xima fecha ser\u00e1n campeones aunque no ser\u00e1 nada f\u00e1cil dado que los rivales por venir ser\u00e1n los duros Mercantil y Lasserre en ese orden.<\/p>\n<p><a href=\"http:\/\/labestiadeportiva.com\/lbd\/wp-content\/uploads\/2015\/12\/Imagen-1767.jpg\"><img loading=\"lazy\" class=\"aligncenter size-medium wp-image-18426\" src=\"http:\/\/labestiadeportiva.com\/lbd\/wp-content\/uploads\/2015\/12\/Imagen-1767-300x152.jpg\" alt=\"Imagen 1767\" width=\"300\" height=\"152\" srcset=\"https:\/\/labestiadeportiva.com\/lbd\/wp-content\/uploads\/2015\/12\/Imagen-1767-300x152.jpg 300w, https:\/\/labestiadeportiva.com\/lbd\/wp-content\/uploads\/2015\/12\/Imagen-1767.jpg 800w\" sizes=\"(max-width: 300px) 100vw, 300px\" \/><\/a>Tremendo juego entre Fundaci\u00f3n K\u00b4Mal y Filial Ferro. Fundaci\u00f3n tom\u00f3 la delantera aunque la Filial reaccion\u00f3 a tiempo. Dio vuelta el pleito volvi\u00f3 a sumar de a tres superando en la tabla a Mutual mientras que la nueva derrota de K\u00b4Mal lo conden\u00f3 a jugar en pr\u00f3ximo torneo en la categor\u00eda inmediata inferior.<\/p>\n<p>Recuperaci\u00f3n del \u201cCami\u00f3n\u201d en el cierre de la fecha. Fue goleada ante Prat por 4 a 1, consigui\u00f3 cuatro puntos de seis posibles trepando al quinto puesto en la tabla a pesar de ello la temporada es tan solo regular.<\/p>\n<p>Por el lado de Prat una sombra de lo que fue a\u00f1os atr\u00e1s. Al igual que los bancarios los puntos conseguidos en la primera rueda lo salvan de estar en una situaci\u00f3n verdaderamente inc\u00f3moda.<\/p>\n<p>Con dos fechas por jugar casi todo definido. Lago Escondido, quien no particip\u00f3 de la competencia, junto a Fundaci\u00f3n K\u00b4Mal los dos descendidos. Los Cuervos y Lasserre clasificados al Federal \u201cC\u201d 2017.<\/p>\n<p>Solo resta saber el orden final de estos dos equipos en la cima de la tabla, hasta el momento la diferencia del multicampe\u00f3n local es de cuatro unidades cuando quedan seis en disputa.<\/p>\n<p>Matem\u00e1ticamente la cosa no est\u00e1 definida aunque el t\u00edtulo es exclusividad de tan solo dos clubes que con distintas caracter\u00edsticas marcan el camino en el f\u00fatbol grande ushuaiense.<\/p>\n<p><span style=\"color: #0000ff;\"><a href=\"http:\/\/labestiadeportiva.com\/lbd\/wp-content\/uploads\/2015\/12\/Imagen-1774.jpg\"><img loading=\"lazy\" class=\"aligncenter size-medium wp-image-18427\" src=\"http:\/\/labestiadeportiva.com\/lbd\/wp-content\/uploads\/2015\/12\/Imagen-1774-300x163.jpg\" alt=\"Imagen 1774\" width=\"300\" height=\"163\" srcset=\"https:\/\/labestiadeportiva.com\/lbd\/wp-content\/uploads\/2015\/12\/Imagen-1774-300x163.jpg 300w, https:\/\/labestiadeportiva.com\/lbd\/wp-content\/uploads\/2015\/12\/Imagen-1774.jpg 800w\" sizes=\"(max-width: 300px) 100vw, 300px\" \/><\/a>Resultados<\/span><br \/>\n(Fecha 18)<br \/>\nLos Cuervos FDM 1 Campolter 0<br \/>\nFilial Ferro 1 Centro Galicia 0<br \/>\nMercantil 1 Mutual BTF 1<br \/>\nCAEF 2 Camioneros 2<br \/>\nLasserre 3 Arturo Prat 1<br \/>\nLibre: Fundaci\u00f3n K\u00b4Mal<br \/>\n(Fecha 19)<br \/>\nLasserre FC 7 Mutual BTF 0<br \/>\nMercantil 2 Campolter 1<br \/>\nLos Cuervos FDM 4 Centro Galicia 3<br \/>\nFundaci\u00f3n K\u00b4Mal 2 Filial Ferro 3<br \/>\nArturo Prat 1 Camioneros 4<br \/>\nLibre: CAEF<\/p>\n<p><span style=\"color: #0000ff;\">Posiciones Actualizadas<\/span><br \/>\nEquipos Pts.<br \/>\n<span style=\"color: #ff0000;\">Los Cuervos FDM 44 Pts.<\/span><br \/>\nLasserre FC 40<br \/>\nMercantil 31<br \/>\nCentro Galicia 27<br \/>\nCamioneros 24<br \/>\nCampolter 23<br \/>\nCAEF 22<br \/>\nArturo Prat 22<br \/>\nFilial Ferro 18<br \/>\nMutual BTF 15<br \/>\nFundaci\u00f3n K\u00b4Mal 8*<br \/>\n*(Descendi\u00f3 a la 1\u00ba \u201cB\u201d)<\/p>\n<div class='epvc-post-count'><span class='epvc-eye'><\/span>  <span class=\"epvc-count\"> 1.144<\/span><span class='epvc-label'> veces le\u00edda<\/span><\/div>\n<div class=\"jwsharethis\">\nShare this: \n<br \/>\n<a href=\"mailto:?subject=Mano%20a%20mano&amp;body=https%3A%2F%2Flabestiadeportiva.com%2Flbd%2Fmano-a-mano%2F\">\n<img src=\"https:\/\/labestiadeportiva.com\/lbd\/wp-content\/plugins\/jw-share-this\/email.png\" alt=\"Share this page via Email\" \/>\n<\/a>\n<a target=\"_blank\" href=\"http:\/\/www.stumbleupon.com\/submit?url=https%3A%2F%2Flabestiadeportiva.com%2Flbd%2Fmano-a-mano%2F&amp;title=Mano+a+mano\">\n<img src=\"https:\/\/labestiadeportiva.com\/lbd\/wp-content\/plugins\/jw-share-this\/su.png\" alt=\"Share this page via Stumble Upon\" \/>\n<\/a>\n<a target=\"_blank\" href=\"http:\/\/digg.com\/submit?url=https%3A%2F%2Flabestiadeportiva.com%2Flbd%2Fmano-a-mano%2F&amp;title=Mano+a+mano\">\n<img src=\"https:\/\/labestiadeportiva.com\/lbd\/wp-content\/plugins\/jw-share-this\/digg.png\" alt=\"Share this page via Digg this\" \/>\n<\/a>\n<a target=\"_blank\" href=\"http:\/\/www.facebook.com\/sharer.php?u=https%3A%2F%2Flabestiadeportiva.com%2Flbd%2Fmano-a-mano%2F&amp;t=Mano+a+mano\">\n<img src=\"https:\/\/labestiadeportiva.com\/lbd\/wp-content\/plugins\/jw-share-this\/fb.png\" alt=\"Share this page via Facebook\" \/>\n<\/a>\n<a target=\"_blank\" href=\"http:\/\/twitter.com\/intent\/tweet?text=I+like+https%3A%2F%2Flabestiadeportiva.com%2Flbd%2Fmano-a-mano%2F&amp;title=Mano+a+mano\">\n<img src=\"https:\/\/labestiadeportiva.com\/lbd\/wp-content\/plugins\/jw-share-this\/twitter.png\" alt=\"Share this page via Twitter\" \/>\n<\/a>\n<\/div>\n","protected":false},"excerpt":{"rendered":"<p>Nueva doble fecha para la principal categor\u00eda de la Liga Ushuaiense de f\u00fatbol. Martes y domingo de competencia donde el l\u00edder, Los Cuervos FDM (44), venci\u00f3 a Campolter y Centro Galicia sin sobrarle nada. Lasserre FC (40) derrot\u00f3 a Prat y Mutual en l\u00ednea y no le pierde pisada. Fundaci\u00f3n Deportiva K\u00b4Mal se transform\u00f3 en &hellip; <a href=\"https:\/\/labestiadeportiva.com\/lbd\/mano-a-mano\/\" class=\"more-link\">Seguir leyendo <span class=\"screen-reader-text\">Mano a mano<\/span> <span class=\"meta-nav\">&rarr;<\/span><\/a><\/p>\n","protected":false},"author":1,"featured_media":18423,"comment_status":"open","ping_status":"open","sticky":false,"template":"","format":"standard","meta":[],"categories":[5,2439,1],"tags":[2310,17,48],"_links":{"self":[{"href":"https:\/\/labestiadeportiva.com\/lbd\/wp-json\/wp\/v2\/posts\/18422"}],"collection":[{"href":"https:\/\/labestiadeportiva.com\/lbd\/wp-json\/wp\/v2\/posts"}],"about":[{"href":"https:\/\/labestiadeportiva.com\/lbd\/wp-json\/wp\/v2\/types\/post"}],"author":[{"embeddable":true,"href":"https:\/\/labestiadeportiva.com\/lbd\/wp-json\/wp\/v2\/users\/1"}],"replies":[{"embeddable":true,"href":"https:\/\/labestiadeportiva.com\/lbd\/wp-json\/wp\/v2\/comments?post=18422"}],"version-history":[{"count":3,"href":"https:\/\/labestiadeportiva.com\/lbd\/wp-json\/wp\/v2\/posts\/18422\/revisions"}],"predecessor-version":[{"id":18430,"href":"https:\/\/labestiadeportiva.com\/lbd\/wp-json\/wp\/v2\/posts\/18422\/revisions\/18430"}],"wp:featuredmedia":[{"embeddable":true,"href":"https:\/\/labestiadeportiva.com\/lbd\/wp-json\/wp\/v2\/media\/18423"}],"wp:attachment":[{"href":"https:\/\/labestiadeportiva.com\/lbd\/wp-json\/wp\/v2\/media?parent=18422"}],"wp:term":[{"taxonomy":"category","embeddable":true,"href":"https:\/\/labestiadeportiva.com\/lbd\/wp-json\/wp\/v2\/categories?post=18422"},{"taxonomy":"post_tag","embeddable":true,"href":"https:\/\/labestiadeportiva.com\/lbd\/wp-json\/wp\/v2\/tags?post=18422"}],"curies":[{"name":"wp","href":"https:\/\/api.w.org\/{rel}","templated":true}]}}