{"id":18470,"date":"2015-12-12T12:20:28","date_gmt":"2015-12-12T15:20:28","guid":{"rendered":"http:\/\/labestiadeportiva.com\/lbd\/?p=18470"},"modified":"2015-12-12T12:20:28","modified_gmt":"2015-12-12T15:20:28","slug":"la-ultima-del-ano-2","status":"publish","type":"post","link":"https:\/\/labestiadeportiva.com\/lbd\/la-ultima-del-ano-2\/","title":{"rendered":"La \u00faltima del a\u00f1o"},"content":{"rendered":"<p><b id=\"yui_3_16_0_1_1449932889766_2890\"><span id=\"yui_3_16_0_1_1449932889766_2889\"><a href=\"http:\/\/labestiadeportiva.com\/lbd\/wp-content\/uploads\/2015\/12\/Mailing-2.jpg\"><img loading=\"lazy\" class=\"alignleft size-medium wp-image-18471\" src=\"http:\/\/labestiadeportiva.com\/lbd\/wp-content\/uploads\/2015\/12\/Mailing-2-300x198.jpg\" alt=\"Mailing 2\" width=\"300\" height=\"198\" srcset=\"https:\/\/labestiadeportiva.com\/lbd\/wp-content\/uploads\/2015\/12\/Mailing-2-300x198.jpg 300w, https:\/\/labestiadeportiva.com\/lbd\/wp-content\/uploads\/2015\/12\/Mailing-2-1024x676.jpg 1024w, https:\/\/labestiadeportiva.com\/lbd\/wp-content\/uploads\/2015\/12\/Mailing-2.jpg 1600w\" sizes=\"(max-width: 300px) 100vw, 300px\" \/><\/a>El ushuaiense Lucas Garro quiere terminar el 2015 de la mejor manera con el Chevrolet Corsa que ya vislumbr\u00f3 su rendimiento en Concepci\u00f3n del Uruguay y va en busca del podio a Jun\u00edn, epicentro de la und\u00e9cima cita del Turismo Pista Clase 2. Fuente y foto Prensa Lucas Garro.<\/span><\/b><\/p>\n<p class=\"yiv6772941332MsoNormal\"><b>\u00a0<\/b><\/p>\n<p><!--more--><\/p>\n<p class=\"yiv6772941332MsoNormal\">Despu\u00e9s de haberse adjudicado la pole position en suelo entrerriano y verse obligado a resignar la punta de la carrera por la rotura de un neum\u00e1tico en la final, el ushuaiense Lucas Garro, vigente subcampe\u00f3n de la divisional mayor, llega al aut\u00f3dromo \u201cEusebio Marcilla\u201d de la localidad bonaerense de Jun\u00edn con las expectativas renovadas al cien por ciento.<\/p>\n<p class=\"yiv6772941332MsoNormal\">Con motores de Osvaldo Dacal y chasis del DR Competici\u00f3n, el representante del Fin del Mundo iniciar\u00e1 su actividad en la jornada de hoy, para optimizar el funcionamiento en las tandas de ensayos y luego buscar la mejor ubicaci\u00f3n en la clasificaci\u00f3n (14.20 hs.) y las series, que se disputar\u00e1n a partir de las 16.40.<\/p>\n<p class=\"yiv6772941332MsoNormal\">En tanto, la final del domingo se pondr\u00e1 en marcha a las 10.30 con televisaci\u00f3n de TyC Sports, para el interior del pa\u00eds, en vivo y en directo.<\/p>\n<p class=\"yiv6772941332MsoNormal\"><span style=\"color: #0000ff;\"><i>\u201cLa carrera pasada la verdad que volvimos a sentirnos competitivos. El auto fue contundente de entrada, mucho m\u00e1s competitivo que el Palio as\u00ed que contento por el resultado m\u00e1s all\u00e1 del pinchazo que fue mala suerte, cosas de carrera\u201d<\/i><\/span>, coment\u00f3 Lucas en declaraciones a la prensa.<\/p>\n<p class=\"yiv6772941332MsoNormal\">Y acot\u00f3 que <span style=\"color: #0000ff;\"><i>\u201cpara Jun\u00edn estamos confiados porque tenemos buen conjunto chasis\/motor y es un trazado r\u00e1pido donde me fue bien otras veces. Ojal\u00e1 podamos terminar este 2015 de la mejor manera\u201d<\/i>.<\/span><\/p>\n<p id=\"yui_3_16_0_1_1449932889766_2315\" class=\"yiv6772941332MsoNormal\"><i id=\"yui_3_16_0_1_1449932889766_2320\"><span id=\"yui_3_16_0_1_1449932889766_2319\">\u201cS<span style=\"color: #0000ff;\">e le hizo un control general al auto y qued\u00f3 listo para salir a la cancha de vuelta porque mostr\u00f3 buen ritmo en Entre R\u00edos. Para el 2016 la idea es ir con un Corsa de entrada y pelear el campeonato. Veremos c\u00f3mo se disparan los precios y atenernos al presupuesto que tengamos para seguir corriendo, aunque si tengo la posibilidad de hacerlo va a ser solo arriba de una unidad que est\u00e9 para pelear la punta\u201d<\/span><\/span><\/i><span id=\"yui_3_16_0_1_1449932889766_2318\">, enfatiz\u00f3 para concluir ya empezando a planificar lo que ser\u00e1 su temporada 2016.<\/span><\/p>\n<p id=\"yui_3_16_0_1_1449932889766_2301\" class=\"yiv6772941332MsoNormal\"><b id=\"yui_3_16_0_1_1449932889766_2303\"><span id=\"yui_3_16_0_1_1449932889766_2302\">Lucas Garro y equipo agradecen a sus sponsors: Carbess, Constru Sec, Daniel Scioli 2015, El Diario del Fin del Mundo, GRV Publicidad, Instituto Fueguino de Turismo, Jet Letreros, y Tierra Fueguina SRL. Asimismo, a toda la gente de Tierra del Fuego, familia y amigos por el acompa\u00f1amiento permanente en este sue\u00f1o que significa correr a nivel nacional representando a la ciudad m\u00e1s austral del mundo.<\/span><\/b><\/p>\n<div class='epvc-post-count'><span class='epvc-eye'><\/span>  <span class=\"epvc-count\"> 1.194<\/span><span class='epvc-label'> veces le\u00edda<\/span><\/div>\n<div class=\"jwsharethis\">\nShare this: \n<br \/>\n<a href=\"mailto:?subject=La%20%C3%BAltima%20del%20a%C3%B1o&amp;body=https%3A%2F%2Flabestiadeportiva.com%2Flbd%2Fla-ultima-del-ano-2%2F\">\n<img src=\"https:\/\/labestiadeportiva.com\/lbd\/wp-content\/plugins\/jw-share-this\/email.png\" alt=\"Share this page via Email\" \/>\n<\/a>\n<a target=\"_blank\" href=\"http:\/\/www.stumbleupon.com\/submit?url=https%3A%2F%2Flabestiadeportiva.com%2Flbd%2Fla-ultima-del-ano-2%2F&amp;title=La+%C3%BAltima+del+a%C3%B1o\">\n<img src=\"https:\/\/labestiadeportiva.com\/lbd\/wp-content\/plugins\/jw-share-this\/su.png\" alt=\"Share this page via Stumble Upon\" \/>\n<\/a>\n<a target=\"_blank\" href=\"http:\/\/digg.com\/submit?url=https%3A%2F%2Flabestiadeportiva.com%2Flbd%2Fla-ultima-del-ano-2%2F&amp;title=La+%C3%BAltima+del+a%C3%B1o\">\n<img src=\"https:\/\/labestiadeportiva.com\/lbd\/wp-content\/plugins\/jw-share-this\/digg.png\" alt=\"Share this page via Digg this\" \/>\n<\/a>\n<a target=\"_blank\" href=\"http:\/\/www.facebook.com\/sharer.php?u=https%3A%2F%2Flabestiadeportiva.com%2Flbd%2Fla-ultima-del-ano-2%2F&amp;t=La+%C3%BAltima+del+a%C3%B1o\">\n<img src=\"https:\/\/labestiadeportiva.com\/lbd\/wp-content\/plugins\/jw-share-this\/fb.png\" alt=\"Share this page via Facebook\" \/>\n<\/a>\n<a target=\"_blank\" href=\"http:\/\/twitter.com\/intent\/tweet?text=I+like+https%3A%2F%2Flabestiadeportiva.com%2Flbd%2Fla-ultima-del-ano-2%2F&amp;title=La+%C3%BAltima+del+a%C3%B1o\">\n<img src=\"https:\/\/labestiadeportiva.com\/lbd\/wp-content\/plugins\/jw-share-this\/twitter.png\" alt=\"Share this page via Twitter\" \/>\n<\/a>\n<\/div>\n","protected":false},"excerpt":{"rendered":"<p>El ushuaiense Lucas Garro quiere terminar el 2015 de la mejor manera con el Chevrolet Corsa que ya vislumbr\u00f3 su rendimiento en Concepci\u00f3n del Uruguay y va en busca del podio a Jun\u00edn, epicentro de la und\u00e9cima cita del Turismo Pista Clase 2. Fuente y foto Prensa Lucas Garro. \u00a0 1.194 veces le\u00edda Share this:<\/p>\n","protected":false},"author":1,"featured_media":18471,"comment_status":"open","ping_status":"open","sticky":false,"template":"","format":"standard","meta":[],"categories":[2135,5,6,1],"tags":[86,2204,151,525],"_links":{"self":[{"href":"https:\/\/labestiadeportiva.com\/lbd\/wp-json\/wp\/v2\/posts\/18470"}],"collection":[{"href":"https:\/\/labestiadeportiva.com\/lbd\/wp-json\/wp\/v2\/posts"}],"about":[{"href":"https:\/\/labestiadeportiva.com\/lbd\/wp-json\/wp\/v2\/types\/post"}],"author":[{"embeddable":true,"href":"https:\/\/labestiadeportiva.com\/lbd\/wp-json\/wp\/v2\/users\/1"}],"replies":[{"embeddable":true,"href":"https:\/\/labestiadeportiva.com\/lbd\/wp-json\/wp\/v2\/comments?post=18470"}],"version-history":[{"count":1,"href":"https:\/\/labestiadeportiva.com\/lbd\/wp-json\/wp\/v2\/posts\/18470\/revisions"}],"predecessor-version":[{"id":18472,"href":"https:\/\/labestiadeportiva.com\/lbd\/wp-json\/wp\/v2\/posts\/18470\/revisions\/18472"}],"wp:featuredmedia":[{"embeddable":true,"href":"https:\/\/labestiadeportiva.com\/lbd\/wp-json\/wp\/v2\/media\/18471"}],"wp:attachment":[{"href":"https:\/\/labestiadeportiva.com\/lbd\/wp-json\/wp\/v2\/media?parent=18470"}],"wp:term":[{"taxonomy":"category","embeddable":true,"href":"https:\/\/labestiadeportiva.com\/lbd\/wp-json\/wp\/v2\/categories?post=18470"},{"taxonomy":"post_tag","embeddable":true,"href":"https:\/\/labestiadeportiva.com\/lbd\/wp-json\/wp\/v2\/tags?post=18470"}],"curies":[{"name":"wp","href":"https:\/\/api.w.org\/{rel}","templated":true}]}}