{"id":18548,"date":"2015-12-21T17:31:42","date_gmt":"2015-12-21T20:31:42","guid":{"rendered":"http:\/\/labestiadeportiva.com\/lbd\/?p=18548"},"modified":"2015-12-21T17:31:42","modified_gmt":"2015-12-21T20:31:42","slug":"el-futbol-de-rio-grande-afuera-del-federal-c-2016-audio","status":"publish","type":"post","link":"https:\/\/labestiadeportiva.com\/lbd\/el-futbol-de-rio-grande-afuera-del-federal-c-2016-audio\/","title":{"rendered":"El f\u00fatbol de R\u00edo Grande afuera del Federal \u00abC\u00bb 2016 (Audio)"},"content":{"rendered":"<p><a href=\"http:\/\/labestiadeportiva.com\/lbd\/wp-content\/uploads\/2015\/12\/martinezfutsal.jpg\"><img loading=\"lazy\" src=\"http:\/\/labestiadeportiva.com\/lbd\/wp-content\/uploads\/2015\/12\/martinezfutsal.jpg\" alt=\"martinezfutsal\" width=\"239\" height=\"182\" class=\"alignleft size-full wp-image-18549\" \/><\/a>La noticia gan\u00f3 los medios en los \u00faltimos d\u00edas de la semana pasada. Sin campo de juego apto dentro de su jurisdicci\u00f3n los riograndenses intentaron obtener la autorizaci\u00f3n del Consejo Federal para actuar en Ushuaia, lamentablemente sin suerte. Camioneros RG y Real Madrid ser\u00e1n los representantes del norte de la isla en 2017. Desde LBD dialogamos con Alberto \u201cNegro\u201d Mart\u00ednez, Presidente de la Liga Riograndense, en busca de detalles. Compartimos la entrevista lograda este lunes en la 94.1 FM del Sur.<!--more--><\/p>\n<p><iframe loading=\"lazy\" width=\"420\" height=\"315\" src=\"https:\/\/www.youtube.com\/embed\/KdaaOFZKiu8\" frameborder=\"0\" allowfullscreen><\/iframe><\/p>\n<div class='epvc-post-count'><span class='epvc-eye'><\/span>  <span class=\"epvc-count\"> 1.091<\/span><span class='epvc-label'> veces le\u00edda<\/span><\/div>\n<div class=\"jwsharethis\">\nShare this: \n<br \/>\n<a href=\"mailto:?subject=El%20f%C3%BAtbol%20de%20R%C3%ADo%20Grande%20afuera%20del%20Federal%20%C2%ABC%C2%BB%202016%20%28Audio%29&amp;body=https%3A%2F%2Flabestiadeportiva.com%2Flbd%2Fel-futbol-de-rio-grande-afuera-del-federal-c-2016-audio%2F\">\n<img src=\"https:\/\/labestiadeportiva.com\/lbd\/wp-content\/plugins\/jw-share-this\/email.png\" alt=\"Share this page via Email\" \/>\n<\/a>\n<a target=\"_blank\" href=\"http:\/\/www.stumbleupon.com\/submit?url=https%3A%2F%2Flabestiadeportiva.com%2Flbd%2Fel-futbol-de-rio-grande-afuera-del-federal-c-2016-audio%2F&amp;title=El+f%C3%BAtbol+de+R%C3%ADo+Grande+afuera+del+Federal+%C2%ABC%C2%BB+2016+%28Audio%29\">\n<img src=\"https:\/\/labestiadeportiva.com\/lbd\/wp-content\/plugins\/jw-share-this\/su.png\" alt=\"Share this page via Stumble Upon\" \/>\n<\/a>\n<a target=\"_blank\" href=\"http:\/\/digg.com\/submit?url=https%3A%2F%2Flabestiadeportiva.com%2Flbd%2Fel-futbol-de-rio-grande-afuera-del-federal-c-2016-audio%2F&amp;title=El+f%C3%BAtbol+de+R%C3%ADo+Grande+afuera+del+Federal+%C2%ABC%C2%BB+2016+%28Audio%29\">\n<img src=\"https:\/\/labestiadeportiva.com\/lbd\/wp-content\/plugins\/jw-share-this\/digg.png\" alt=\"Share this page via Digg this\" \/>\n<\/a>\n<a target=\"_blank\" href=\"http:\/\/www.facebook.com\/sharer.php?u=https%3A%2F%2Flabestiadeportiva.com%2Flbd%2Fel-futbol-de-rio-grande-afuera-del-federal-c-2016-audio%2F&amp;t=El+f%C3%BAtbol+de+R%C3%ADo+Grande+afuera+del+Federal+%C2%ABC%C2%BB+2016+%28Audio%29\">\n<img src=\"https:\/\/labestiadeportiva.com\/lbd\/wp-content\/plugins\/jw-share-this\/fb.png\" alt=\"Share this page via Facebook\" \/>\n<\/a>\n<a target=\"_blank\" href=\"http:\/\/twitter.com\/intent\/tweet?text=I+like+https%3A%2F%2Flabestiadeportiva.com%2Flbd%2Fel-futbol-de-rio-grande-afuera-del-federal-c-2016-audio%2F&amp;title=El+f%C3%BAtbol+de+R%C3%ADo+Grande+afuera+del+Federal+%C2%ABC%C2%BB+2016+%28Audio%29\">\n<img src=\"https:\/\/labestiadeportiva.com\/lbd\/wp-content\/plugins\/jw-share-this\/twitter.png\" alt=\"Share this page via Twitter\" \/>\n<\/a>\n<\/div>\n","protected":false},"excerpt":{"rendered":"<p>La noticia gan\u00f3 los medios en los \u00faltimos d\u00edas de la semana pasada. Sin campo de juego apto dentro de su jurisdicci\u00f3n los riograndenses intentaron obtener la autorizaci\u00f3n del Consejo Federal para actuar en Ushuaia, lamentablemente sin suerte. Camioneros RG y Real Madrid ser\u00e1n los representantes del norte de la isla en 2017. Desde LBD &hellip; <a href=\"https:\/\/labestiadeportiva.com\/lbd\/el-futbol-de-rio-grande-afuera-del-federal-c-2016-audio\/\" class=\"more-link\">Seguir leyendo <span class=\"screen-reader-text\">El f\u00fatbol de R\u00edo Grande afuera del Federal \u00abC\u00bb 2016 (Audio)<\/span> <span class=\"meta-nav\">&rarr;<\/span><\/a><\/p>\n","protected":false},"author":1,"featured_media":18549,"comment_status":"open","ping_status":"open","sticky":false,"template":"","format":"standard","meta":[],"categories":[5,6,60,2491,1],"tags":[4838,17,314,83,2492],"_links":{"self":[{"href":"https:\/\/labestiadeportiva.com\/lbd\/wp-json\/wp\/v2\/posts\/18548"}],"collection":[{"href":"https:\/\/labestiadeportiva.com\/lbd\/wp-json\/wp\/v2\/posts"}],"about":[{"href":"https:\/\/labestiadeportiva.com\/lbd\/wp-json\/wp\/v2\/types\/post"}],"author":[{"embeddable":true,"href":"https:\/\/labestiadeportiva.com\/lbd\/wp-json\/wp\/v2\/users\/1"}],"replies":[{"embeddable":true,"href":"https:\/\/labestiadeportiva.com\/lbd\/wp-json\/wp\/v2\/comments?post=18548"}],"version-history":[{"count":1,"href":"https:\/\/labestiadeportiva.com\/lbd\/wp-json\/wp\/v2\/posts\/18548\/revisions"}],"predecessor-version":[{"id":18550,"href":"https:\/\/labestiadeportiva.com\/lbd\/wp-json\/wp\/v2\/posts\/18548\/revisions\/18550"}],"wp:featuredmedia":[{"embeddable":true,"href":"https:\/\/labestiadeportiva.com\/lbd\/wp-json\/wp\/v2\/media\/18549"}],"wp:attachment":[{"href":"https:\/\/labestiadeportiva.com\/lbd\/wp-json\/wp\/v2\/media?parent=18548"}],"wp:term":[{"taxonomy":"category","embeddable":true,"href":"https:\/\/labestiadeportiva.com\/lbd\/wp-json\/wp\/v2\/categories?post=18548"},{"taxonomy":"post_tag","embeddable":true,"href":"https:\/\/labestiadeportiva.com\/lbd\/wp-json\/wp\/v2\/tags?post=18548"}],"curies":[{"name":"wp","href":"https:\/\/api.w.org\/{rel}","templated":true}]}}