{"id":18623,"date":"2016-01-04T19:27:12","date_gmt":"2016-01-04T22:27:12","guid":{"rendered":"http:\/\/labestiadeportiva.com\/lbd\/?p=18623"},"modified":"2016-01-04T19:27:12","modified_gmt":"2016-01-04T22:27:12","slug":"buen-comienzo-de-ano-para-el-atleti","status":"publish","type":"post","link":"https:\/\/labestiadeportiva.com\/lbd\/buen-comienzo-de-ano-para-el-atleti\/","title":{"rendered":"Buen comienzo de a\u00f1o para el Atleti"},"content":{"rendered":"<p>Por Daniel Campos (Corresponsal LBD en Palma de Mallorca, Espa\u00f1a)<\/p>\n<p><a href=\"http:\/\/labestiadeportiva.com\/lbd\/wp-content\/uploads\/2016\/01\/thomas.jpg\"><img loading=\"lazy\" class=\"alignleft size-medium wp-image-18624\" src=\"http:\/\/labestiadeportiva.com\/lbd\/wp-content\/uploads\/2016\/01\/thomas-300x200.jpg\" alt=\"thomas\" width=\"300\" height=\"200\" srcset=\"https:\/\/labestiadeportiva.com\/lbd\/wp-content\/uploads\/2016\/01\/thomas-300x200.jpg 300w, https:\/\/labestiadeportiva.com\/lbd\/wp-content\/uploads\/2016\/01\/thomas.jpg 642w\" sizes=\"(max-width: 300px) 100vw, 300px\" \/><\/a>El Atl\u00e9tico de Madrid \u00a0es el nuevo l\u00edder del campeonato local, luego de ganar por la m\u00ednima diferencia\u00a0 al Levante y aprovechando que el Barcelona y el Madrid empataron en sus respectivos encuentros, ante el Espanyol y el Valencia.<!--more--><\/p>\n<p>Tras las fiestas el torneo espa\u00f1ol sigui\u00f3 su marcha con estos partidos. S\u00e1bado por la tarde con un cl\u00e1sico catal\u00e1n empez\u00f3 a rodar el bal\u00f3n en 2016, el Espanyol y el Barcelona, en el estadio de Cornell\u00e1 \u2013El Prat, firmaron un empate sin goles.<\/p>\n<p>Un encuentro jugado con pierna fuerte y al l\u00edmite del reglamento. Pudo ser para los blaugranas pero dos tiros en el palo, uno de Messi y otro de Luis Su\u00e1rez, dijeron no a la victoria visitante. Con este resultado los de Luis Enrique cedieron el primer lugar en la tabla al Atl\u00e9tico de Madrid.<\/p>\n<p>En ese encuentro el conjunto dirigido por Simeone en su campo recibi\u00f3 al Levante, que no dio muchas facilidades al Atl\u00e9tico para quedarse con los tres puntos.<\/p>\n<p>Cerrado atr\u00e1s\u00a0 en su \u00e1rea, tres veces peg\u00f3 la pelota en sus postes, hasta que el \u201cCholo\u201d busc\u00f3 en el banquillo a la persona que desatascara el partido.<\/p>\n<p>El ghan\u00e9s Thomas entr\u00f3 y a diez minutos del final, en un gran contragolpe puso el 1 a 0 y a su equipo en lo m\u00e1s alto de la tabla. En La Rosaleda, gan\u00f3 nuevamente el M\u00e1laga, sumando su cuarta victoria seguida, con goles de Charles y Albentosa, super\u00f3 al Celta de Vigo, 2 a 0.<\/p>\n<p>En el primer domingo del a\u00f1o continu\u00f3 la liga con estos cruces. El Rayo sigue sumando decepciones, esta vez fue en su estadio, ante la Real\u00a0 Sociedad, siempre por delante en el marcador, el conjunto madrile\u00f1o se dej\u00f3 empatar y contin\u00faa una semana m\u00e1s en zona de descenso. Los tantos del encuentro: Llorente y Jozabed para el Rayo y Elustondo y Bruma para la Real.<\/p>\n<p>En el Benito Villamar\u00edn goleada del Eibar en su vista al Betis. El resultado , 4 a 0, pone en la cuerda \u00a0floja al t\u00e9cnico b\u00e9tico Pepe Mel. Los tantos del equipo armero, Capa, Keko,\u00a0 Adr\u00ed\u00e1n y Borja.\u00a0 En tierras andaluzas, el choque entre granadinos y sevillanos qued\u00f3\u00a0 en manos del due\u00f1o de casa.<\/p>\n<p>El Granada gan\u00f3 por 2 a 1 al Sevilla con goles de Success y Pe\u00f1aranda , el descuento sevillista lo anot\u00f3 Vitolo. Racha negativa de los hombres de Emery que no saben lo que es ganar fuera de casa. En Galicia, el Depor cay\u00f3 ante el Villarreal por 2 a 1.<\/p>\n<p>Doblete de Bruno que marc\u00f3 en el minuto 36 y en 94 de penal sell\u00f3 la suerte de su equipo. El empate transitorio del representativo levantino lo marc\u00f3 Luis Alberto. Un punto de oro para evitar la zona baja de la clasificaci\u00f3n logr\u00f3 Las Palmas al empatar\u00a0 2 a 2 en San Mam\u00e9s, al Athletic.<\/p>\n<p>Ganaban los de Bilbao con goles de Aduriz y\u00a0 Williams, la igualdad lleg\u00f3 por intermedio de Tana, antes hab\u00eda anotado para los canarios, Vicente. En el \u00faltimo turno, en Mestalla, el Valencia recibi\u00f3 la visita del Real Madrid.<\/p>\n<p>Nueva prueba de fuego para un viejo conocido del club che, Rafa Ben\u00edtez, su ex entrenador de mejores \u00e9pocas, quien fue recibido con respeto y cari\u00f1o.<\/p>\n<p>En lo referido al f\u00fatbol, emotivo y disputado encuentro donde el Madrid tuvo\u00a0 el mando de las acciones y al final se durmi\u00f3. Destacada actuaci\u00f3n de Benzema y Bale autores de los dos goles blancos. El franc\u00e9s abri\u00f3 el marcador en el minuto 16 tras un toque de Cristiano Ronaldo.<\/p>\n<p>Parejo de tiro penal empat\u00f3 antes del descanso. En la segunda mitad sigui\u00f3 mandando el Real Madrid asediando el arco de Jaume. Pero una inexplicable falta por detr\u00e1s de Kovacic a Cancelo, dej\u00f3 a los de Ben\u00edtez con uno menos. Fue entonces que lleg\u00f3 el tanto del gal\u00e9s, tras un centro de Kroos, en el minuto 81, para dejar la victoria a tiro.<\/p>\n<p>Pero en el siguiente contraataque, Rodrigo asiste a Alcac\u00e9r y de cabeza pone las cosas 2 a 2. Lo que vino despu\u00e9s fue una locura, lo tuvo el Madrid y luego el Valencia en ocasiones claras de gol pero ya nada cambi\u00f3.<\/p>\n<p>Este resultado no dej\u00f3 conformes ni a locales ni visitantes, a Gary Neville t\u00e9cnico ingl\u00e9s del Valencia quiz\u00e1s un poco m\u00e1s pero a su colega del Madrid signific\u00f3 el adi\u00f3s definitivo.<\/p>\n<p>Este lunes por la noche la junta directiva del club blanco anunciaba la destituci\u00f3n de Ben\u00edtez y la llegada de Zinedine Zidane al banquillo primer equipo.\u00a0 Mientras eso ocurr\u00eda, en Asturias, el Sporting de Gij\u00f3n y el Getafe, empezaban a jugar el cotejo que cerraba la jornada.<\/p>\n<p><a href=\"http:\/\/labestiadeportiva.com\/lbd\/wp-content\/uploads\/2016\/01\/florafa.jpg\"><img loading=\"lazy\" class=\"aligncenter size-medium wp-image-18625\" src=\"http:\/\/labestiadeportiva.com\/lbd\/wp-content\/uploads\/2016\/01\/florafa-300x190.jpg\" alt=\"florafa\" width=\"300\" height=\"190\" srcset=\"https:\/\/labestiadeportiva.com\/lbd\/wp-content\/uploads\/2016\/01\/florafa-300x190.jpg 300w, https:\/\/labestiadeportiva.com\/lbd\/wp-content\/uploads\/2016\/01\/florafa.jpg 990w\" sizes=\"(max-width: 300px) 100vw, 300px\" \/><\/a><\/p>\n<div class='epvc-post-count'><span class='epvc-eye'><\/span>  <span class=\"epvc-count\"> 932<\/span><span class='epvc-label'> veces le\u00edda<\/span><\/div>\n<div class=\"jwsharethis\">\nShare this: \n<br \/>\n<a href=\"mailto:?subject=Buen%20comienzo%20de%20a%C3%B1o%20para%20el%20Atleti&amp;body=https%3A%2F%2Flabestiadeportiva.com%2Flbd%2Fbuen-comienzo-de-ano-para-el-atleti%2F\">\n<img src=\"https:\/\/labestiadeportiva.com\/lbd\/wp-content\/plugins\/jw-share-this\/email.png\" alt=\"Share this page via Email\" \/>\n<\/a>\n<a target=\"_blank\" href=\"http:\/\/www.stumbleupon.com\/submit?url=https%3A%2F%2Flabestiadeportiva.com%2Flbd%2Fbuen-comienzo-de-ano-para-el-atleti%2F&amp;title=Buen+comienzo+de+a%C3%B1o+para+el+Atleti\">\n<img src=\"https:\/\/labestiadeportiva.com\/lbd\/wp-content\/plugins\/jw-share-this\/su.png\" alt=\"Share this page via Stumble Upon\" \/>\n<\/a>\n<a target=\"_blank\" href=\"http:\/\/digg.com\/submit?url=https%3A%2F%2Flabestiadeportiva.com%2Flbd%2Fbuen-comienzo-de-ano-para-el-atleti%2F&amp;title=Buen+comienzo+de+a%C3%B1o+para+el+Atleti\">\n<img src=\"https:\/\/labestiadeportiva.com\/lbd\/wp-content\/plugins\/jw-share-this\/digg.png\" alt=\"Share this page via Digg this\" \/>\n<\/a>\n<a target=\"_blank\" href=\"http:\/\/www.facebook.com\/sharer.php?u=https%3A%2F%2Flabestiadeportiva.com%2Flbd%2Fbuen-comienzo-de-ano-para-el-atleti%2F&amp;t=Buen+comienzo+de+a%C3%B1o+para+el+Atleti\">\n<img src=\"https:\/\/labestiadeportiva.com\/lbd\/wp-content\/plugins\/jw-share-this\/fb.png\" alt=\"Share this page via Facebook\" \/>\n<\/a>\n<a target=\"_blank\" href=\"http:\/\/twitter.com\/intent\/tweet?text=I+like+https%3A%2F%2Flabestiadeportiva.com%2Flbd%2Fbuen-comienzo-de-ano-para-el-atleti%2F&amp;title=Buen+comienzo+de+a%C3%B1o+para+el+Atleti\">\n<img src=\"https:\/\/labestiadeportiva.com\/lbd\/wp-content\/plugins\/jw-share-this\/twitter.png\" alt=\"Share this page via Twitter\" \/>\n<\/a>\n<\/div>\n","protected":false},"excerpt":{"rendered":"<p>Por Daniel Campos (Corresponsal LBD en Palma de Mallorca, Espa\u00f1a) El Atl\u00e9tico de Madrid \u00a0es el nuevo l\u00edder del campeonato local, luego de ganar por la m\u00ednima diferencia\u00a0 al Levante y aprovechando que el Barcelona y el Madrid empataron en sus respectivos encuentros, ante el Espanyol y el Valencia. 932 veces le\u00edda Share this:<\/p>\n","protected":false},"author":1,"featured_media":18624,"comment_status":"open","ping_status":"open","sticky":false,"template":"","format":"standard","meta":[],"categories":[4,14,1],"tags":[17,35,83],"_links":{"self":[{"href":"https:\/\/labestiadeportiva.com\/lbd\/wp-json\/wp\/v2\/posts\/18623"}],"collection":[{"href":"https:\/\/labestiadeportiva.com\/lbd\/wp-json\/wp\/v2\/posts"}],"about":[{"href":"https:\/\/labestiadeportiva.com\/lbd\/wp-json\/wp\/v2\/types\/post"}],"author":[{"embeddable":true,"href":"https:\/\/labestiadeportiva.com\/lbd\/wp-json\/wp\/v2\/users\/1"}],"replies":[{"embeddable":true,"href":"https:\/\/labestiadeportiva.com\/lbd\/wp-json\/wp\/v2\/comments?post=18623"}],"version-history":[{"count":1,"href":"https:\/\/labestiadeportiva.com\/lbd\/wp-json\/wp\/v2\/posts\/18623\/revisions"}],"predecessor-version":[{"id":18626,"href":"https:\/\/labestiadeportiva.com\/lbd\/wp-json\/wp\/v2\/posts\/18623\/revisions\/18626"}],"wp:featuredmedia":[{"embeddable":true,"href":"https:\/\/labestiadeportiva.com\/lbd\/wp-json\/wp\/v2\/media\/18624"}],"wp:attachment":[{"href":"https:\/\/labestiadeportiva.com\/lbd\/wp-json\/wp\/v2\/media?parent=18623"}],"wp:term":[{"taxonomy":"category","embeddable":true,"href":"https:\/\/labestiadeportiva.com\/lbd\/wp-json\/wp\/v2\/categories?post=18623"},{"taxonomy":"post_tag","embeddable":true,"href":"https:\/\/labestiadeportiva.com\/lbd\/wp-json\/wp\/v2\/tags?post=18623"}],"curies":[{"name":"wp","href":"https:\/\/api.w.org\/{rel}","templated":true}]}}