{"id":18693,"date":"2016-01-15T18:59:40","date_gmt":"2016-01-15T21:59:40","guid":{"rendered":"http:\/\/labestiadeportiva.com\/lbd\/?p=18693"},"modified":"2016-01-15T18:59:40","modified_gmt":"2016-01-15T21:59:40","slug":"con-doble-objetivo-a-la-vista-audio","status":"publish","type":"post","link":"https:\/\/labestiadeportiva.com\/lbd\/con-doble-objetivo-a-la-vista-audio\/","title":{"rendered":"Con doble objetivo a la vista (Audio)"},"content":{"rendered":"<p><a href=\"http:\/\/labestiadeportiva.com\/lbd\/wp-content\/uploads\/2016\/01\/12509469_1036725486393986_1661387612157867753_n.jpg\"><img loading=\"lazy\" src=\"http:\/\/labestiadeportiva.com\/lbd\/wp-content\/uploads\/2016\/01\/12509469_1036725486393986_1661387612157867753_n-225x300.jpg\" alt=\"12509469_1036725486393986_1661387612157867753_n\" width=\"225\" height=\"300\" class=\"alignleft size-medium wp-image-18694\" srcset=\"https:\/\/labestiadeportiva.com\/lbd\/wp-content\/uploads\/2016\/01\/12509469_1036725486393986_1661387612157867753_n-225x300.jpg 225w, https:\/\/labestiadeportiva.com\/lbd\/wp-content\/uploads\/2016\/01\/12509469_1036725486393986_1661387612157867753_n.jpg 720w\" sizes=\"(max-width: 225px) 100vw, 225px\" \/><\/a>El ushuaiense, Alamiro Vaporaki, se encuentra realizando un intensivo trabajo con la Selecci\u00f3n Argentina de Futsal AFA de la cual forma parte junto a su hermano Guillermo. En febrero llegar\u00e1n las eliminatorias en Paraguay que entregar\u00e1n  cuatro plazas para la cita mundialista en tierra cafetera.  Desde el programa \u201cEntre Nosotros\u201d, que se emite por Radio Provincia 100.1, dialogamos con \u00e9l estos son los principales pasajes de la charla. <!--more--><\/p>\n<p><iframe loading=\"lazy\" width=\"420\" height=\"315\" src=\"https:\/\/www.youtube.com\/embed\/iTwSwXh1sNM\" frameborder=\"0\" allowfullscreen><\/iframe><\/p>\n<div class='epvc-post-count'><span class='epvc-eye'><\/span>  <span class=\"epvc-count\"> 1.101<\/span><span class='epvc-label'> veces le\u00edda<\/span><\/div>\n<div class=\"jwsharethis\">\nShare this: \n<br \/>\n<a href=\"mailto:?subject=Con%20doble%20objetivo%20a%20la%20vista%20%28Audio%29&amp;body=https%3A%2F%2Flabestiadeportiva.com%2Flbd%2Fcon-doble-objetivo-a-la-vista-audio%2F\">\n<img src=\"https:\/\/labestiadeportiva.com\/lbd\/wp-content\/plugins\/jw-share-this\/email.png\" alt=\"Share this page via Email\" \/>\n<\/a>\n<a target=\"_blank\" href=\"http:\/\/www.stumbleupon.com\/submit?url=https%3A%2F%2Flabestiadeportiva.com%2Flbd%2Fcon-doble-objetivo-a-la-vista-audio%2F&amp;title=Con+doble+objetivo+a+la+vista+%28Audio%29\">\n<img src=\"https:\/\/labestiadeportiva.com\/lbd\/wp-content\/plugins\/jw-share-this\/su.png\" alt=\"Share this page via Stumble Upon\" \/>\n<\/a>\n<a target=\"_blank\" href=\"http:\/\/digg.com\/submit?url=https%3A%2F%2Flabestiadeportiva.com%2Flbd%2Fcon-doble-objetivo-a-la-vista-audio%2F&amp;title=Con+doble+objetivo+a+la+vista+%28Audio%29\">\n<img src=\"https:\/\/labestiadeportiva.com\/lbd\/wp-content\/plugins\/jw-share-this\/digg.png\" alt=\"Share this page via Digg this\" \/>\n<\/a>\n<a target=\"_blank\" href=\"http:\/\/www.facebook.com\/sharer.php?u=https%3A%2F%2Flabestiadeportiva.com%2Flbd%2Fcon-doble-objetivo-a-la-vista-audio%2F&amp;t=Con+doble+objetivo+a+la+vista+%28Audio%29\">\n<img src=\"https:\/\/labestiadeportiva.com\/lbd\/wp-content\/plugins\/jw-share-this\/fb.png\" alt=\"Share this page via Facebook\" \/>\n<\/a>\n<a target=\"_blank\" href=\"http:\/\/twitter.com\/intent\/tweet?text=I+like+https%3A%2F%2Flabestiadeportiva.com%2Flbd%2Fcon-doble-objetivo-a-la-vista-audio%2F&amp;title=Con+doble+objetivo+a+la+vista+%28Audio%29\">\n<img src=\"https:\/\/labestiadeportiva.com\/lbd\/wp-content\/plugins\/jw-share-this\/twitter.png\" alt=\"Share this page via Twitter\" \/>\n<\/a>\n<\/div>\n","protected":false},"excerpt":{"rendered":"<p>El ushuaiense, Alamiro Vaporaki, se encuentra realizando un intensivo trabajo con la Selecci\u00f3n Argentina de Futsal AFA de la cual forma parte junto a su hermano Guillermo. En febrero llegar\u00e1n las eliminatorias en Paraguay que entregar\u00e1n cuatro plazas para la cita mundialista en tierra cafetera. Desde el programa \u201cEntre Nosotros\u201d, que se emite por Radio &hellip; <a href=\"https:\/\/labestiadeportiva.com\/lbd\/con-doble-objetivo-a-la-vista-audio\/\" class=\"more-link\">Seguir leyendo <span class=\"screen-reader-text\">Con doble objetivo a la vista (Audio)<\/span> <span class=\"meta-nav\">&rarr;<\/span><\/a><\/p>\n","protected":false},"author":1,"featured_media":18694,"comment_status":"open","ping_status":"open","sticky":false,"template":"","format":"standard","meta":[],"categories":[5,4,6,60,2343,1],"tags":[210,30,83,88],"_links":{"self":[{"href":"https:\/\/labestiadeportiva.com\/lbd\/wp-json\/wp\/v2\/posts\/18693"}],"collection":[{"href":"https:\/\/labestiadeportiva.com\/lbd\/wp-json\/wp\/v2\/posts"}],"about":[{"href":"https:\/\/labestiadeportiva.com\/lbd\/wp-json\/wp\/v2\/types\/post"}],"author":[{"embeddable":true,"href":"https:\/\/labestiadeportiva.com\/lbd\/wp-json\/wp\/v2\/users\/1"}],"replies":[{"embeddable":true,"href":"https:\/\/labestiadeportiva.com\/lbd\/wp-json\/wp\/v2\/comments?post=18693"}],"version-history":[{"count":1,"href":"https:\/\/labestiadeportiva.com\/lbd\/wp-json\/wp\/v2\/posts\/18693\/revisions"}],"predecessor-version":[{"id":18695,"href":"https:\/\/labestiadeportiva.com\/lbd\/wp-json\/wp\/v2\/posts\/18693\/revisions\/18695"}],"wp:featuredmedia":[{"embeddable":true,"href":"https:\/\/labestiadeportiva.com\/lbd\/wp-json\/wp\/v2\/media\/18694"}],"wp:attachment":[{"href":"https:\/\/labestiadeportiva.com\/lbd\/wp-json\/wp\/v2\/media?parent=18693"}],"wp:term":[{"taxonomy":"category","embeddable":true,"href":"https:\/\/labestiadeportiva.com\/lbd\/wp-json\/wp\/v2\/categories?post=18693"},{"taxonomy":"post_tag","embeddable":true,"href":"https:\/\/labestiadeportiva.com\/lbd\/wp-json\/wp\/v2\/tags?post=18693"}],"curies":[{"name":"wp","href":"https:\/\/api.w.org\/{rel}","templated":true}]}}