{"id":18699,"date":"2016-01-16T13:23:41","date_gmt":"2016-01-16T16:23:41","guid":{"rendered":"http:\/\/labestiadeportiva.com\/lbd\/?p=18699"},"modified":"2016-01-16T13:23:41","modified_gmt":"2016-01-16T16:23:41","slug":"no-quiso-ser-2","status":"publish","type":"post","link":"https:\/\/labestiadeportiva.com\/lbd\/no-quiso-ser-2\/","title":{"rendered":"No quiso ser"},"content":{"rendered":"<p><a href=\"http:\/\/labestiadeportiva.com\/lbd\/wp-content\/uploads\/2016\/01\/Mailing-18.jpg\"><img loading=\"lazy\" class=\"alignleft size-medium wp-image-18700\" src=\"http:\/\/labestiadeportiva.com\/lbd\/wp-content\/uploads\/2016\/01\/Mailing-18-300x200.jpg\" alt=\"Mailing 1\" width=\"300\" height=\"200\" srcset=\"https:\/\/labestiadeportiva.com\/lbd\/wp-content\/uploads\/2016\/01\/Mailing-18-300x200.jpg 300w, https:\/\/labestiadeportiva.com\/lbd\/wp-content\/uploads\/2016\/01\/Mailing-18-1024x682.jpg 1024w, https:\/\/labestiadeportiva.com\/lbd\/wp-content\/uploads\/2016\/01\/Mailing-18.jpg 1600w\" sizes=\"(max-width: 300px) 100vw, 300px\" \/><\/a>El representante del YPF Elaion Moto Rally, Lucas Bonetto, ven\u00eda cumpliendo una gran actuaci\u00f3n con resultados parciales dentro del Top 5 cuando el medio mec\u00e1nico lo permit\u00eda y haciendo frente a los innumerables problemas que no lo dejaron afianzarse en la general. Sin embargo el Honda dijo basta oblig\u00e1ndolo a desertar la competencia. Fuente y fotos prensa Lucas Bonetto.<!--more--><\/p>\n<p>Tal como ven\u00edamos haciendo referencia en env\u00edos anteriores, los problemas mec\u00e1nicos no ten\u00edan pensado alejarse del fueguino Lucas Bonetto, representante del YPF Elaion Moto Rally, en esta 38va edici\u00f3n del rally-raid m\u00e1s duro del planeta.<\/p>\n<p>Esa hip\u00f3tesis, lamentablemente, se termin\u00f3 de confirmar con el abandono del fueguino en la Etapa 11 que un\u00eda La Rioja con San Juan.<\/p>\n<p>Pero empezando cronol\u00f3gicamente, un d\u00eda antes, Bonetto hab\u00eda vuelto a dejar en claro toda su categor\u00eda, meti\u00e9ndose 5\u00ba en el parcial que uni\u00f3 Bel\u00e9n con La Rioja por las dunas de Fiambal\u00e1, peleando casi todo el tramo el podio, pero sufriendo por las fallas el\u00e9ctricas que lo hac\u00edan perder mucho cuando el TRX700 se paraba.<\/p>\n<p>Para colmo, en el enlace rumbo al bivouac, se par\u00f3 definitivamente y no quiso arrancar m\u00e1s, oblig\u00e1ndolo a llegar a la asistencia tirado por su compa\u00f1ero de equipo, Daniel Domaszewski.<\/p>\n<p><span style=\"color: #0000ff;\">\u201cCambiamos todo lo el\u00e9ctrico a nuevo, pist\u00f3n y cilindro, por lo que no sab\u00edamos que m\u00e1s pod\u00eda ser, pero en el enlace al comienzo de la Etapa 11 volvi\u00f3 a fallar. Aprovechando que se demor\u00f3 la largada intentamos solucionarlo y mejor\u00f3. <\/span><\/p>\n<p><span style=\"color: #0000ff;\">Largu\u00e9 hasta que en el km 50 volvi\u00f3 a suceder lo mismo. Perd\u00eda potencia pero segu\u00eda, cada vez m\u00e1s hasta que apenas alcanzaba a regular. A pesar de dejarlo enfriar y todo ya no me permit\u00eda andar, s\u00f3lo regulaba\u00bb<\/span>, comenz\u00f3 diciendo el tricampe\u00f3n argentino de Cross Country.<\/p>\n<p>Y agreg\u00f3: <span style=\"color: #0000ff;\">\u00abLlegu\u00e9 al km 130 despu\u00e9s de tres horas, un r\u00edo arenoso donde ya hab\u00edan pasado los camiones y no pod\u00eda hacer tres metros sin que se apague. Me qued\u00e9 a la espera de Daniel pero nunca lleg\u00f3 ya que a \u00e9l se le hab\u00eda quemado la instalaci\u00f3n el\u00e9ctrica. Ese fue el final\u00bb.<\/span><\/p>\n<p>Con el dolor que significa tener que dejar la carrera m\u00e1s dura del mundo, con el tiempo de preparaci\u00f3n y esfuerzo que eso conlleva, el ushuaiense podr\u00e1 recordar aquellos momentos donde el medio mec\u00e1nico estuvo a la altura, entreg\u00e1ndole la victoria -segunda en el historial personal- en la Etapa 7, el 3\u00ba de la Etapa 3, el 4\u00ba de la Etapa 8 y los dos 5\u00ba del Pr\u00f3logo y la Etapa 10.<\/p>\n<p><span style=\"color: #0000ff;\">\u00abFue un Dakar que arranc\u00f3 mal, pero en el cual dimos todo lo que ten\u00edamos a nuestro alcance para terminarlo. No quiso ser y ya habr\u00e1 revancha\u00bb<\/span>, enfatiz\u00f3.<\/p>\n<p>Antes de concluir d\u00e1ndoles las gracias <span style=\"color: #0000ff;\">\u00abA todos por el apoyo, preocupaci\u00f3n y aliento incondicional, cimiento clave que da fuerza para seguir cuando el cansancio y el autoestima no son los mejores. Asimismo a mi compa\u00f1ero de equipo, Daniel, por el sost\u00e9n a lo largo de la carrera y al equipo YPF Elaion Moto Rally junto a los sponsors, ya que sin ellos nada de esto hubiera sido posible\u201d.<\/span><\/p>\n<p>No queda otra que empezar a planificar la temporada en el continente y avizorar el Dakar 2017, para ir en busca de la revancha porque, si algo lindo tiene el deporte, es la posibilidad de afrontar los desaf\u00edos una y otra vez para superarlos definitivamente. El potencial sigue intacto.<\/p>\n<p><a href=\"http:\/\/labestiadeportiva.com\/lbd\/wp-content\/uploads\/2016\/01\/Mailing-31.jpg\"><img loading=\"lazy\" class=\"aligncenter size-medium wp-image-18701\" src=\"http:\/\/labestiadeportiva.com\/lbd\/wp-content\/uploads\/2016\/01\/Mailing-31-300x194.jpg\" alt=\"Mailing 3\" width=\"300\" height=\"194\" srcset=\"https:\/\/labestiadeportiva.com\/lbd\/wp-content\/uploads\/2016\/01\/Mailing-31-300x194.jpg 300w, https:\/\/labestiadeportiva.com\/lbd\/wp-content\/uploads\/2016\/01\/Mailing-31-1024x660.jpg 1024w, https:\/\/labestiadeportiva.com\/lbd\/wp-content\/uploads\/2016\/01\/Mailing-31.jpg 1600w\" sizes=\"(max-width: 300px) 100vw, 300px\" \/><\/a>Lucas Bonetto y equipo agradecen a sus sponsors: YPF Elaion Moto, Mercedes Benz Tierra del Fuego, LS2 Helmets, Travelers Van, MD Calcos, Turismo Ushuaia y Orbital. Asimismo a toda la gente de Tierra del Fuego, familia y amigos que apoyan de manera incondicional.<\/p>\n<div class='epvc-post-count'><span class='epvc-eye'><\/span>  <span class=\"epvc-count\"> 1.075<\/span><span class='epvc-label'> veces le\u00edda<\/span><\/div>\n<div class=\"jwsharethis\">\nShare this: \n<br \/>\n<a href=\"mailto:?subject=No%20quiso%20ser&amp;body=https%3A%2F%2Flabestiadeportiva.com%2Flbd%2Fno-quiso-ser-2%2F\">\n<img src=\"https:\/\/labestiadeportiva.com\/lbd\/wp-content\/plugins\/jw-share-this\/email.png\" alt=\"Share this page via Email\" \/>\n<\/a>\n<a target=\"_blank\" href=\"http:\/\/www.stumbleupon.com\/submit?url=https%3A%2F%2Flabestiadeportiva.com%2Flbd%2Fno-quiso-ser-2%2F&amp;title=No+quiso+ser\">\n<img src=\"https:\/\/labestiadeportiva.com\/lbd\/wp-content\/plugins\/jw-share-this\/su.png\" alt=\"Share this page via Stumble Upon\" \/>\n<\/a>\n<a target=\"_blank\" href=\"http:\/\/digg.com\/submit?url=https%3A%2F%2Flabestiadeportiva.com%2Flbd%2Fno-quiso-ser-2%2F&amp;title=No+quiso+ser\">\n<img src=\"https:\/\/labestiadeportiva.com\/lbd\/wp-content\/plugins\/jw-share-this\/digg.png\" alt=\"Share this page via Digg this\" \/>\n<\/a>\n<a target=\"_blank\" href=\"http:\/\/www.facebook.com\/sharer.php?u=https%3A%2F%2Flabestiadeportiva.com%2Flbd%2Fno-quiso-ser-2%2F&amp;t=No+quiso+ser\">\n<img src=\"https:\/\/labestiadeportiva.com\/lbd\/wp-content\/plugins\/jw-share-this\/fb.png\" alt=\"Share this page via Facebook\" \/>\n<\/a>\n<a target=\"_blank\" href=\"http:\/\/twitter.com\/intent\/tweet?text=I+like+https%3A%2F%2Flabestiadeportiva.com%2Flbd%2Fno-quiso-ser-2%2F&amp;title=No+quiso+ser\">\n<img src=\"https:\/\/labestiadeportiva.com\/lbd\/wp-content\/plugins\/jw-share-this\/twitter.png\" alt=\"Share this page via Twitter\" \/>\n<\/a>\n<\/div>\n","protected":false},"excerpt":{"rendered":"<p>El representante del YPF Elaion Moto Rally, Lucas Bonetto, ven\u00eda cumpliendo una gran actuaci\u00f3n con resultados parciales dentro del Top 5 cuando el medio mec\u00e1nico lo permit\u00eda y haciendo frente a los innumerables problemas que no lo dejaron afianzarse en la general. Sin embargo el Honda dijo basta oblig\u00e1ndolo a desertar la competencia. Fuente y &hellip; <a href=\"https:\/\/labestiadeportiva.com\/lbd\/no-quiso-ser-2\/\" class=\"more-link\">Seguir leyendo <span class=\"screen-reader-text\">No quiso ser<\/span> <span class=\"meta-nav\">&rarr;<\/span><\/a><\/p>\n","protected":false},"author":1,"featured_media":18700,"comment_status":"open","ping_status":"open","sticky":false,"template":"","format":"standard","meta":[],"categories":[2500,5,4,6,2159,1],"tags":[2503,187,2501,83],"_links":{"self":[{"href":"https:\/\/labestiadeportiva.com\/lbd\/wp-json\/wp\/v2\/posts\/18699"}],"collection":[{"href":"https:\/\/labestiadeportiva.com\/lbd\/wp-json\/wp\/v2\/posts"}],"about":[{"href":"https:\/\/labestiadeportiva.com\/lbd\/wp-json\/wp\/v2\/types\/post"}],"author":[{"embeddable":true,"href":"https:\/\/labestiadeportiva.com\/lbd\/wp-json\/wp\/v2\/users\/1"}],"replies":[{"embeddable":true,"href":"https:\/\/labestiadeportiva.com\/lbd\/wp-json\/wp\/v2\/comments?post=18699"}],"version-history":[{"count":1,"href":"https:\/\/labestiadeportiva.com\/lbd\/wp-json\/wp\/v2\/posts\/18699\/revisions"}],"predecessor-version":[{"id":18702,"href":"https:\/\/labestiadeportiva.com\/lbd\/wp-json\/wp\/v2\/posts\/18699\/revisions\/18702"}],"wp:featuredmedia":[{"embeddable":true,"href":"https:\/\/labestiadeportiva.com\/lbd\/wp-json\/wp\/v2\/media\/18700"}],"wp:attachment":[{"href":"https:\/\/labestiadeportiva.com\/lbd\/wp-json\/wp\/v2\/media?parent=18699"}],"wp:term":[{"taxonomy":"category","embeddable":true,"href":"https:\/\/labestiadeportiva.com\/lbd\/wp-json\/wp\/v2\/categories?post=18699"},{"taxonomy":"post_tag","embeddable":true,"href":"https:\/\/labestiadeportiva.com\/lbd\/wp-json\/wp\/v2\/tags?post=18699"}],"curies":[{"name":"wp","href":"https:\/\/api.w.org\/{rel}","templated":true}]}}