{"id":18759,"date":"2016-01-25T17:23:37","date_gmt":"2016-01-25T20:23:37","guid":{"rendered":"http:\/\/labestiadeportiva.com\/lbd\/?p=18759"},"modified":"2016-01-25T17:23:37","modified_gmt":"2016-01-25T20:23:37","slug":"los-vapo-confirmados-para-paraguay","status":"publish","type":"post","link":"https:\/\/labestiadeportiva.com\/lbd\/los-vapo-confirmados-para-paraguay\/","title":{"rendered":"Los \u00abVapo\u00bb confirmados para Paraguay"},"content":{"rendered":"<p><a href=\"http:\/\/labestiadeportiva.com\/lbd\/wp-content\/uploads\/2016\/01\/944048_1105090779510117_6990751691419017868_n.jpg\"><img loading=\"lazy\" class=\"alignleft size-medium wp-image-18760\" src=\"http:\/\/labestiadeportiva.com\/lbd\/wp-content\/uploads\/2016\/01\/944048_1105090779510117_6990751691419017868_n-300x153.jpg\" alt=\"944048_1105090779510117_6990751691419017868_n\" width=\"300\" height=\"153\" srcset=\"https:\/\/labestiadeportiva.com\/lbd\/wp-content\/uploads\/2016\/01\/944048_1105090779510117_6990751691419017868_n-300x153.jpg 300w, https:\/\/labestiadeportiva.com\/lbd\/wp-content\/uploads\/2016\/01\/944048_1105090779510117_6990751691419017868_n.jpg 730w\" sizes=\"(max-width: 300px) 100vw, 300px\" \/><\/a>Luego del entrenamiento de este lunes en el predio que la Asociaci\u00f3n del F\u00fatbol Argentino posee en Ezeiza el entrenador de la Selecci\u00f3n de Futsal, Diego Giustozzi, dio la lista definitiva de 14 jugadores que estar\u00e1n presentes en las eliminatorias sudamericanas que comenzar\u00e1n a partir del 5 de febrero en la capital guaran\u00ed. Los ushuaienses Alamiro y Guillermo Vaporaki ser\u00e1n de la partida, desde LBD te detallamos el plantel argento. La foto principal es gentileza de Pasi\u00f3n Futsal.<!--more--><\/p>\n<p><a href=\"http:\/\/labestiadeportiva.com\/lbd\/wp-content\/uploads\/2016\/01\/Imagen-1956.jpg\"><img loading=\"lazy\" class=\"aligncenter size-full wp-image-18761\" src=\"http:\/\/labestiadeportiva.com\/lbd\/wp-content\/uploads\/2016\/01\/Imagen-1956.jpg\" alt=\"Imagen 1956\" width=\"256\" height=\"298\" \/><\/a>El plantel argentino: <span style=\"color: #0000ff;\">1 Nicol\u00e1s Sarmiento, 12 Mat\u00edas Quevedo, 2 Pablo Taborda, 3 Alamiro Vaporaki, 4 Lucas Bolo Alemany, 5 Maximiliano Rescia, 6 Fernando Wilhelm, 7 Leandro Cuzzolino, 8 Santiago Basile, 9 Cristian Borruto, 10 Constantino Vaporaki, 11 Alan Brandi, 13 Mauro Taffarel y 14 Sebasti\u00e1n Corso.<\/span><\/p>\n<p><a href=\"http:\/\/labestiadeportiva.com\/lbd\/wp-content\/uploads\/2016\/01\/Imagen-1951.jpg\"><img loading=\"lazy\" class=\"aligncenter size-medium wp-image-18762\" src=\"http:\/\/labestiadeportiva.com\/lbd\/wp-content\/uploads\/2016\/01\/Imagen-1951-192x300.jpg\" alt=\"Imagen 1951\" width=\"192\" height=\"300\" srcset=\"https:\/\/labestiadeportiva.com\/lbd\/wp-content\/uploads\/2016\/01\/Imagen-1951-192x300.jpg 192w, https:\/\/labestiadeportiva.com\/lbd\/wp-content\/uploads\/2016\/01\/Imagen-1951.jpg 204w\" sizes=\"(max-width: 192px) 100vw, 192px\" \/><\/a><\/p>\n<div class='epvc-post-count'><span class='epvc-eye'><\/span>  <span class=\"epvc-count\"> 1.324<\/span><span class='epvc-label'> veces le\u00edda<\/span><\/div>\n<div class=\"jwsharethis\">\nShare this: \n<br \/>\n<a href=\"mailto:?subject=Los%20%C2%ABVapo%C2%BB%20confirmados%20para%20Paraguay&amp;body=https%3A%2F%2Flabestiadeportiva.com%2Flbd%2Flos-vapo-confirmados-para-paraguay%2F\">\n<img src=\"https:\/\/labestiadeportiva.com\/lbd\/wp-content\/plugins\/jw-share-this\/email.png\" alt=\"Share this page via Email\" \/>\n<\/a>\n<a target=\"_blank\" href=\"http:\/\/www.stumbleupon.com\/submit?url=https%3A%2F%2Flabestiadeportiva.com%2Flbd%2Flos-vapo-confirmados-para-paraguay%2F&amp;title=Los+%C2%ABVapo%C2%BB+confirmados+para+Paraguay\">\n<img src=\"https:\/\/labestiadeportiva.com\/lbd\/wp-content\/plugins\/jw-share-this\/su.png\" alt=\"Share this page via Stumble Upon\" \/>\n<\/a>\n<a target=\"_blank\" href=\"http:\/\/digg.com\/submit?url=https%3A%2F%2Flabestiadeportiva.com%2Flbd%2Flos-vapo-confirmados-para-paraguay%2F&amp;title=Los+%C2%ABVapo%C2%BB+confirmados+para+Paraguay\">\n<img src=\"https:\/\/labestiadeportiva.com\/lbd\/wp-content\/plugins\/jw-share-this\/digg.png\" alt=\"Share this page via Digg this\" \/>\n<\/a>\n<a target=\"_blank\" href=\"http:\/\/www.facebook.com\/sharer.php?u=https%3A%2F%2Flabestiadeportiva.com%2Flbd%2Flos-vapo-confirmados-para-paraguay%2F&amp;t=Los+%C2%ABVapo%C2%BB+confirmados+para+Paraguay\">\n<img src=\"https:\/\/labestiadeportiva.com\/lbd\/wp-content\/plugins\/jw-share-this\/fb.png\" alt=\"Share this page via Facebook\" \/>\n<\/a>\n<a target=\"_blank\" href=\"http:\/\/twitter.com\/intent\/tweet?text=I+like+https%3A%2F%2Flabestiadeportiva.com%2Flbd%2Flos-vapo-confirmados-para-paraguay%2F&amp;title=Los+%C2%ABVapo%C2%BB+confirmados+para+Paraguay\">\n<img src=\"https:\/\/labestiadeportiva.com\/lbd\/wp-content\/plugins\/jw-share-this\/twitter.png\" alt=\"Share this page via Twitter\" \/>\n<\/a>\n<\/div>\n","protected":false},"excerpt":{"rendered":"<p>Luego del entrenamiento de este lunes en el predio que la Asociaci\u00f3n del F\u00fatbol Argentino posee en Ezeiza el entrenador de la Selecci\u00f3n de Futsal, Diego Giustozzi, dio la lista definitiva de 14 jugadores que estar\u00e1n presentes en las eliminatorias sudamericanas que comenzar\u00e1n a partir del 5 de febrero en la capital guaran\u00ed. Los ushuaienses &hellip; <a href=\"https:\/\/labestiadeportiva.com\/lbd\/los-vapo-confirmados-para-paraguay\/\" class=\"more-link\">Seguir leyendo <span class=\"screen-reader-text\">Los \u00abVapo\u00bb confirmados para Paraguay<\/span> <span class=\"meta-nav\">&rarr;<\/span><\/a><\/p>\n","protected":false},"author":1,"featured_media":18760,"comment_status":"open","ping_status":"open","sticky":false,"template":"","format":"standard","meta":[],"categories":[5,4,6,2343,1],"tags":[58,30,83,2515,88,143],"_links":{"self":[{"href":"https:\/\/labestiadeportiva.com\/lbd\/wp-json\/wp\/v2\/posts\/18759"}],"collection":[{"href":"https:\/\/labestiadeportiva.com\/lbd\/wp-json\/wp\/v2\/posts"}],"about":[{"href":"https:\/\/labestiadeportiva.com\/lbd\/wp-json\/wp\/v2\/types\/post"}],"author":[{"embeddable":true,"href":"https:\/\/labestiadeportiva.com\/lbd\/wp-json\/wp\/v2\/users\/1"}],"replies":[{"embeddable":true,"href":"https:\/\/labestiadeportiva.com\/lbd\/wp-json\/wp\/v2\/comments?post=18759"}],"version-history":[{"count":1,"href":"https:\/\/labestiadeportiva.com\/lbd\/wp-json\/wp\/v2\/posts\/18759\/revisions"}],"predecessor-version":[{"id":18763,"href":"https:\/\/labestiadeportiva.com\/lbd\/wp-json\/wp\/v2\/posts\/18759\/revisions\/18763"}],"wp:featuredmedia":[{"embeddable":true,"href":"https:\/\/labestiadeportiva.com\/lbd\/wp-json\/wp\/v2\/media\/18760"}],"wp:attachment":[{"href":"https:\/\/labestiadeportiva.com\/lbd\/wp-json\/wp\/v2\/media?parent=18759"}],"wp:term":[{"taxonomy":"category","embeddable":true,"href":"https:\/\/labestiadeportiva.com\/lbd\/wp-json\/wp\/v2\/categories?post=18759"},{"taxonomy":"post_tag","embeddable":true,"href":"https:\/\/labestiadeportiva.com\/lbd\/wp-json\/wp\/v2\/tags?post=18759"}],"curies":[{"name":"wp","href":"https:\/\/api.w.org\/{rel}","templated":true}]}}