{"id":18895,"date":"2016-02-15T15:06:48","date_gmt":"2016-02-15T18:06:48","guid":{"rendered":"http:\/\/labestiadeportiva.com\/lbd\/?p=18895"},"modified":"2016-02-15T15:06:48","modified_gmt":"2016-02-15T18:06:48","slug":"los-goles-de-la-revancha-audiorelato","status":"publish","type":"post","link":"https:\/\/labestiadeportiva.com\/lbd\/los-goles-de-la-revancha-audiorelato\/","title":{"rendered":"Los goles de la revancha (Audio\/Relato)"},"content":{"rendered":"<p><a href=\"http:\/\/labestiadeportiva.com\/lbd\/wp-content\/uploads\/2016\/02\/12729324_1053562351376966_5270359227688337969_n.jpg\"><img loading=\"lazy\" src=\"http:\/\/labestiadeportiva.com\/lbd\/wp-content\/uploads\/2016\/02\/12729324_1053562351376966_5270359227688337969_n-300x158.jpg\" alt=\"12729324_1053562351376966_5270359227688337969_n\" width=\"300\" height=\"158\" class=\"alignleft size-medium wp-image-18896\" srcset=\"https:\/\/labestiadeportiva.com\/lbd\/wp-content\/uploads\/2016\/02\/12729324_1053562351376966_5270359227688337969_n-300x158.jpg 300w, https:\/\/labestiadeportiva.com\/lbd\/wp-content\/uploads\/2016\/02\/12729324_1053562351376966_5270359227688337969_n.jpg 497w\" sizes=\"(max-width: 300px) 100vw, 300px\" \/><\/a>Luchada y resonante victoria por 2 a 1 para el juvenil plantel del CAEF sobre Lasserre FC. Los de Gentilo alcanzan la punta con seis unidades junto a Camioneros RG, a quien enfrentar\u00e1n el pr\u00f3ximo domingo. Compartimos el relato de las tres conquistas del partido extra\u00eddas de la transmisi\u00f3n de FM del Sur y Radio Provincia.<!--more--><\/p>\n<p><iframe loading=\"lazy\" width=\"420\" height=\"315\" src=\"https:\/\/www.youtube.com\/embed\/89aFZyo7hzg\" frameborder=\"0\" allowfullscreen><\/iframe>  <\/p>\n<div class='epvc-post-count'><span class='epvc-eye'><\/span>  <span class=\"epvc-count\"> 1.101<\/span><span class='epvc-label'> veces le\u00edda<\/span><\/div>\n<div class=\"jwsharethis\">\nShare this: \n<br \/>\n<a href=\"mailto:?subject=Los%20goles%20de%20la%20revancha%20%28Audio%2FRelato%29&amp;body=https%3A%2F%2Flabestiadeportiva.com%2Flbd%2Flos-goles-de-la-revancha-audiorelato%2F\">\n<img src=\"https:\/\/labestiadeportiva.com\/lbd\/wp-content\/plugins\/jw-share-this\/email.png\" alt=\"Share this page via Email\" \/>\n<\/a>\n<a target=\"_blank\" href=\"http:\/\/www.stumbleupon.com\/submit?url=https%3A%2F%2Flabestiadeportiva.com%2Flbd%2Flos-goles-de-la-revancha-audiorelato%2F&amp;title=Los+goles+de+la+revancha+%28Audio%2FRelato%29\">\n<img src=\"https:\/\/labestiadeportiva.com\/lbd\/wp-content\/plugins\/jw-share-this\/su.png\" alt=\"Share this page via Stumble Upon\" \/>\n<\/a>\n<a target=\"_blank\" href=\"http:\/\/digg.com\/submit?url=https%3A%2F%2Flabestiadeportiva.com%2Flbd%2Flos-goles-de-la-revancha-audiorelato%2F&amp;title=Los+goles+de+la+revancha+%28Audio%2FRelato%29\">\n<img src=\"https:\/\/labestiadeportiva.com\/lbd\/wp-content\/plugins\/jw-share-this\/digg.png\" alt=\"Share this page via Digg this\" \/>\n<\/a>\n<a target=\"_blank\" href=\"http:\/\/www.facebook.com\/sharer.php?u=https%3A%2F%2Flabestiadeportiva.com%2Flbd%2Flos-goles-de-la-revancha-audiorelato%2F&amp;t=Los+goles+de+la+revancha+%28Audio%2FRelato%29\">\n<img src=\"https:\/\/labestiadeportiva.com\/lbd\/wp-content\/plugins\/jw-share-this\/fb.png\" alt=\"Share this page via Facebook\" \/>\n<\/a>\n<a target=\"_blank\" href=\"http:\/\/twitter.com\/intent\/tweet?text=I+like+https%3A%2F%2Flabestiadeportiva.com%2Flbd%2Flos-goles-de-la-revancha-audiorelato%2F&amp;title=Los+goles+de+la+revancha+%28Audio%2FRelato%29\">\n<img src=\"https:\/\/labestiadeportiva.com\/lbd\/wp-content\/plugins\/jw-share-this\/twitter.png\" alt=\"Share this page via Twitter\" \/>\n<\/a>\n<\/div>\n","protected":false},"excerpt":{"rendered":"<p>Luchada y resonante victoria por 2 a 1 para el juvenil plantel del CAEF sobre Lasserre FC. Los de Gentilo alcanzan la punta con seis unidades junto a Camioneros RG, a quien enfrentar\u00e1n el pr\u00f3ximo domingo. Compartimos el relato de las tres conquistas del partido extra\u00eddas de la transmisi\u00f3n de FM del Sur y Radio &hellip; <a href=\"https:\/\/labestiadeportiva.com\/lbd\/los-goles-de-la-revancha-audiorelato\/\" class=\"more-link\">Seguir leyendo <span class=\"screen-reader-text\">Los goles de la revancha (Audio\/Relato)<\/span> <span class=\"meta-nav\">&rarr;<\/span><\/a><\/p>\n","protected":false},"author":1,"featured_media":18896,"comment_status":"open","ping_status":"open","sticky":false,"template":"","format":"standard","meta":[],"categories":[5,6,2491,1],"tags":[2494,17,2532,2533,2492,1995],"_links":{"self":[{"href":"https:\/\/labestiadeportiva.com\/lbd\/wp-json\/wp\/v2\/posts\/18895"}],"collection":[{"href":"https:\/\/labestiadeportiva.com\/lbd\/wp-json\/wp\/v2\/posts"}],"about":[{"href":"https:\/\/labestiadeportiva.com\/lbd\/wp-json\/wp\/v2\/types\/post"}],"author":[{"embeddable":true,"href":"https:\/\/labestiadeportiva.com\/lbd\/wp-json\/wp\/v2\/users\/1"}],"replies":[{"embeddable":true,"href":"https:\/\/labestiadeportiva.com\/lbd\/wp-json\/wp\/v2\/comments?post=18895"}],"version-history":[{"count":1,"href":"https:\/\/labestiadeportiva.com\/lbd\/wp-json\/wp\/v2\/posts\/18895\/revisions"}],"predecessor-version":[{"id":18897,"href":"https:\/\/labestiadeportiva.com\/lbd\/wp-json\/wp\/v2\/posts\/18895\/revisions\/18897"}],"wp:featuredmedia":[{"embeddable":true,"href":"https:\/\/labestiadeportiva.com\/lbd\/wp-json\/wp\/v2\/media\/18896"}],"wp:attachment":[{"href":"https:\/\/labestiadeportiva.com\/lbd\/wp-json\/wp\/v2\/media?parent=18895"}],"wp:term":[{"taxonomy":"category","embeddable":true,"href":"https:\/\/labestiadeportiva.com\/lbd\/wp-json\/wp\/v2\/categories?post=18895"},{"taxonomy":"post_tag","embeddable":true,"href":"https:\/\/labestiadeportiva.com\/lbd\/wp-json\/wp\/v2\/tags?post=18895"}],"curies":[{"name":"wp","href":"https:\/\/api.w.org\/{rel}","templated":true}]}}