{"id":18940,"date":"2016-02-17T17:25:42","date_gmt":"2016-02-17T20:25:42","guid":{"rendered":"http:\/\/labestiadeportiva.com\/lbd\/?p=18940"},"modified":"2016-02-17T17:25:42","modified_gmt":"2016-02-17T20:25:42","slug":"visitas-de-seleccion-audio","status":"publish","type":"post","link":"https:\/\/labestiadeportiva.com\/lbd\/visitas-de-seleccion-audio\/","title":{"rendered":"Visitas de Selecci\u00f3n (Audio)"},"content":{"rendered":"<p><a href=\"http:\/\/labestiadeportiva.com\/lbd\/wp-content\/uploads\/2016\/02\/12742620_1055127894553745_6941649084573661589_n.jpg\"><img loading=\"lazy\" src=\"http:\/\/labestiadeportiva.com\/lbd\/wp-content\/uploads\/2016\/02\/12742620_1055127894553745_6941649084573661589_n-300x162.jpg\" alt=\"12742620_1055127894553745_6941649084573661589_n\" width=\"300\" height=\"162\" class=\"alignleft size-medium wp-image-18941\" srcset=\"https:\/\/labestiadeportiva.com\/lbd\/wp-content\/uploads\/2016\/02\/12742620_1055127894553745_6941649084573661589_n-300x162.jpg 300w, https:\/\/labestiadeportiva.com\/lbd\/wp-content\/uploads\/2016\/02\/12742620_1055127894553745_6941649084573661589_n.jpg 482w\" sizes=\"(max-width: 300px) 100vw, 300px\" \/><\/a>Este mi\u00e9rcoles recibimos en el estudio de la 94.1 a Santiago Basile y Alamiro Vaporaki, jugadores de la Selecci\u00f3n Argentina de Futsal AFA recientemente clasificada en Paraguay al  mundial de la especialidad que se realizar\u00e1 este a\u00f1o en tierra cafetera. Fueron acompa\u00f1ados por Walter Vaporaki y Sebasti\u00e1n Ben\u00edtez pertenecientes al Club Atl\u00e9tico Los Andes. El principal objetivo de la presencia de todos ellos fue promocionar la disertaci\u00f3n que realizar\u00e1n este viernes desde las 18.30 en el gimnasio Profesora Ana Gir\u00f3 del barrio 245 Viviendas donde tambi\u00e9n estar\u00e1 presente Guillermo \u201ckiki\u201d Vaporaki. Compartimos parte de la charla con los salonistas. <!--more--><\/p>\n<p><iframe loading=\"lazy\" width=\"420\" height=\"315\" src=\"https:\/\/www.youtube.com\/embed\/P-yOjIlG6Ew\" frameborder=\"0\" allowfullscreen><\/iframe><\/p>\n<div class='epvc-post-count'><span class='epvc-eye'><\/span>  <span class=\"epvc-count\"> 1.175<\/span><span class='epvc-label'> veces le\u00edda<\/span><\/div>\n<div class=\"jwsharethis\">\nShare this: \n<br \/>\n<a href=\"mailto:?subject=Visitas%20de%20Selecci%C3%B3n%20%28Audio%29&amp;body=https%3A%2F%2Flabestiadeportiva.com%2Flbd%2Fvisitas-de-seleccion-audio%2F\">\n<img src=\"https:\/\/labestiadeportiva.com\/lbd\/wp-content\/plugins\/jw-share-this\/email.png\" alt=\"Share this page via Email\" \/>\n<\/a>\n<a target=\"_blank\" href=\"http:\/\/www.stumbleupon.com\/submit?url=https%3A%2F%2Flabestiadeportiva.com%2Flbd%2Fvisitas-de-seleccion-audio%2F&amp;title=Visitas+de+Selecci%C3%B3n+%28Audio%29\">\n<img src=\"https:\/\/labestiadeportiva.com\/lbd\/wp-content\/plugins\/jw-share-this\/su.png\" alt=\"Share this page via Stumble Upon\" \/>\n<\/a>\n<a target=\"_blank\" href=\"http:\/\/digg.com\/submit?url=https%3A%2F%2Flabestiadeportiva.com%2Flbd%2Fvisitas-de-seleccion-audio%2F&amp;title=Visitas+de+Selecci%C3%B3n+%28Audio%29\">\n<img src=\"https:\/\/labestiadeportiva.com\/lbd\/wp-content\/plugins\/jw-share-this\/digg.png\" alt=\"Share this page via Digg this\" \/>\n<\/a>\n<a target=\"_blank\" href=\"http:\/\/www.facebook.com\/sharer.php?u=https%3A%2F%2Flabestiadeportiva.com%2Flbd%2Fvisitas-de-seleccion-audio%2F&amp;t=Visitas+de+Selecci%C3%B3n+%28Audio%29\">\n<img src=\"https:\/\/labestiadeportiva.com\/lbd\/wp-content\/plugins\/jw-share-this\/fb.png\" alt=\"Share this page via Facebook\" \/>\n<\/a>\n<a target=\"_blank\" href=\"http:\/\/twitter.com\/intent\/tweet?text=I+like+https%3A%2F%2Flabestiadeportiva.com%2Flbd%2Fvisitas-de-seleccion-audio%2F&amp;title=Visitas+de+Selecci%C3%B3n+%28Audio%29\">\n<img src=\"https:\/\/labestiadeportiva.com\/lbd\/wp-content\/plugins\/jw-share-this\/twitter.png\" alt=\"Share this page via Twitter\" \/>\n<\/a>\n<\/div>\n","protected":false},"excerpt":{"rendered":"<p>Este mi\u00e9rcoles recibimos en el estudio de la 94.1 a Santiago Basile y Alamiro Vaporaki, jugadores de la Selecci\u00f3n Argentina de Futsal AFA recientemente clasificada en Paraguay al mundial de la especialidad que se realizar\u00e1 este a\u00f1o en tierra cafetera. Fueron acompa\u00f1ados por Walter Vaporaki y Sebasti\u00e1n Ben\u00edtez pertenecientes al Club Atl\u00e9tico Los Andes. El &hellip; <a href=\"https:\/\/labestiadeportiva.com\/lbd\/visitas-de-seleccion-audio\/\" class=\"more-link\">Seguir leyendo <span class=\"screen-reader-text\">Visitas de Selecci\u00f3n (Audio)<\/span> <span class=\"meta-nav\">&rarr;<\/span><\/a><\/p>\n","protected":false},"author":1,"featured_media":18941,"comment_status":"open","ping_status":"open","sticky":false,"template":"","format":"standard","meta":[],"categories":[5,4,6,60,2343,1],"tags":[2535,2496,4838,30,83,88],"_links":{"self":[{"href":"https:\/\/labestiadeportiva.com\/lbd\/wp-json\/wp\/v2\/posts\/18940"}],"collection":[{"href":"https:\/\/labestiadeportiva.com\/lbd\/wp-json\/wp\/v2\/posts"}],"about":[{"href":"https:\/\/labestiadeportiva.com\/lbd\/wp-json\/wp\/v2\/types\/post"}],"author":[{"embeddable":true,"href":"https:\/\/labestiadeportiva.com\/lbd\/wp-json\/wp\/v2\/users\/1"}],"replies":[{"embeddable":true,"href":"https:\/\/labestiadeportiva.com\/lbd\/wp-json\/wp\/v2\/comments?post=18940"}],"version-history":[{"count":1,"href":"https:\/\/labestiadeportiva.com\/lbd\/wp-json\/wp\/v2\/posts\/18940\/revisions"}],"predecessor-version":[{"id":18942,"href":"https:\/\/labestiadeportiva.com\/lbd\/wp-json\/wp\/v2\/posts\/18940\/revisions\/18942"}],"wp:featuredmedia":[{"embeddable":true,"href":"https:\/\/labestiadeportiva.com\/lbd\/wp-json\/wp\/v2\/media\/18941"}],"wp:attachment":[{"href":"https:\/\/labestiadeportiva.com\/lbd\/wp-json\/wp\/v2\/media?parent=18940"}],"wp:term":[{"taxonomy":"category","embeddable":true,"href":"https:\/\/labestiadeportiva.com\/lbd\/wp-json\/wp\/v2\/categories?post=18940"},{"taxonomy":"post_tag","embeddable":true,"href":"https:\/\/labestiadeportiva.com\/lbd\/wp-json\/wp\/v2\/tags?post=18940"}],"curies":[{"name":"wp","href":"https:\/\/api.w.org\/{rel}","templated":true}]}}