{"id":18949,"date":"2016-02-18T16:08:22","date_gmt":"2016-02-18T19:08:22","guid":{"rendered":"http:\/\/labestiadeportiva.com\/lbd\/?p=18949"},"modified":"2016-02-18T16:08:22","modified_gmt":"2016-02-18T19:08:22","slug":"reconocimiento-oficial","status":"publish","type":"post","link":"https:\/\/labestiadeportiva.com\/lbd\/reconocimiento-oficial\/","title":{"rendered":"Reconocimiento Oficial"},"content":{"rendered":"<p><a href=\"http:\/\/labestiadeportiva.com\/lbd\/wp-content\/uploads\/2016\/02\/descarga.jpg\"><img loading=\"lazy\" class=\"alignleft size-full wp-image-18950\" src=\"http:\/\/labestiadeportiva.com\/lbd\/wp-content\/uploads\/2016\/02\/descarga.jpg\" alt=\"descarga\" width=\"258\" height=\"94\" \/><\/a>La dirigencia del Moto Club R\u00edo Grande inform\u00f3 que este s\u00e1bado 20 y domingo 21 de febrero los pilotos podr\u00e1n recorrer el sector de la Reserva Aborigen\/ Aguas Blancas \u00a0el cual formar\u00e1 parte de la presente edici\u00f3n de la VTDF. Desde LBD compartimos la gacetilla enviada por los organizadores de la competencia.<!--more--><\/p>\n<p>El Moto Club R\u00edo Grande informa a los participantes del Enduro Vuelta a la Tierra del Fuego a disputarse los d\u00edas 24, 25 y 26 de marzo, que se habilitar\u00e1 el sector nuevo que formar\u00e1 parte del recorrido de la Edici\u00f3n N\u00b0 33 para reconocimiento oficial.<\/p>\n<p>El mismo tendr\u00e1 personal afectado que supervisar\u00e1 los horarios coordinados con Defensa Civil y Tr\u00e1nsito de la Municipalidad de Tolhuin, a los que se sumar\u00e1n integrantes del grupo organizador.<\/p>\n<p>Este apoyo de seguridad se logra gracias a la gesti\u00f3n del Secretario de Gobierno Gabriel Nu\u00f1ez quien junto al Intendente Claudio Queno brindan el total apoyo al desarrollo del Enduro m\u00e1s antiguo del pa\u00eds.<\/p>\n<p><span style=\"color: #0000ff;\">D\u00edas y horarios de reconocimientos<\/span><br \/>\n<span style=\"color: #0000ff;\">Reserva Aborigen \/Aguas Blancas<\/span><\/p>\n<p>S\u00e1bado 20<br \/>\n13.00 a 15:00 Ingreso desde Reserva hacia Aguas Blancas (Norte \/ Sur)<br \/>\n15.30 a 17.30 Ingreso por Aguas Blancas hacia Reserva Aborigen (Sur \/Norte)<\/p>\n<p>Aclaraci\u00f3n: El ingreso de Aguas Blancas ser\u00e1 desde la 1\u00ba entrada yendo hacia Ushuaia, en sentido contrario ser\u00eda la 2\u00ba.<\/p>\n<p>Domingo 21<br \/>\n13.00 a 15.00 Ingreso desde Aguas Blancas hacia Reserva Aborigen (Sur\/Norte)<br \/>\n15.00 a 17.30 Ingreso desde Reserva Aborigen hacia Aguas Blancas (Norte \/Sur)<\/p>\n<p><span style=\"color: #ff0000;\">Queda totalmente prohibido hacer fuego en las zonas mencionadas.<\/span><\/p>\n<div class='epvc-post-count'><span class='epvc-eye'><\/span>  <span class=\"epvc-count\"> 1.200<\/span><span class='epvc-label'> veces le\u00edda<\/span><\/div>\n<div class=\"jwsharethis\">\nShare this: \n<br \/>\n<a href=\"mailto:?subject=Reconocimiento%20Oficial&amp;body=https%3A%2F%2Flabestiadeportiva.com%2Flbd%2Freconocimiento-oficial%2F\">\n<img src=\"https:\/\/labestiadeportiva.com\/lbd\/wp-content\/plugins\/jw-share-this\/email.png\" alt=\"Share this page via Email\" \/>\n<\/a>\n<a target=\"_blank\" href=\"http:\/\/www.stumbleupon.com\/submit?url=https%3A%2F%2Flabestiadeportiva.com%2Flbd%2Freconocimiento-oficial%2F&amp;title=Reconocimiento+Oficial\">\n<img src=\"https:\/\/labestiadeportiva.com\/lbd\/wp-content\/plugins\/jw-share-this\/su.png\" alt=\"Share this page via Stumble Upon\" \/>\n<\/a>\n<a target=\"_blank\" href=\"http:\/\/digg.com\/submit?url=https%3A%2F%2Flabestiadeportiva.com%2Flbd%2Freconocimiento-oficial%2F&amp;title=Reconocimiento+Oficial\">\n<img src=\"https:\/\/labestiadeportiva.com\/lbd\/wp-content\/plugins\/jw-share-this\/digg.png\" alt=\"Share this page via Digg this\" \/>\n<\/a>\n<a target=\"_blank\" href=\"http:\/\/www.facebook.com\/sharer.php?u=https%3A%2F%2Flabestiadeportiva.com%2Flbd%2Freconocimiento-oficial%2F&amp;t=Reconocimiento+Oficial\">\n<img src=\"https:\/\/labestiadeportiva.com\/lbd\/wp-content\/plugins\/jw-share-this\/fb.png\" alt=\"Share this page via Facebook\" \/>\n<\/a>\n<a target=\"_blank\" href=\"http:\/\/twitter.com\/intent\/tweet?text=I+like+https%3A%2F%2Flabestiadeportiva.com%2Flbd%2Freconocimiento-oficial%2F&amp;title=Reconocimiento+Oficial\">\n<img src=\"https:\/\/labestiadeportiva.com\/lbd\/wp-content\/plugins\/jw-share-this\/twitter.png\" alt=\"Share this page via Twitter\" \/>\n<\/a>\n<\/div>\n","protected":false},"excerpt":{"rendered":"<p>La dirigencia del Moto Club R\u00edo Grande inform\u00f3 que este s\u00e1bado 20 y domingo 21 de febrero los pilotos podr\u00e1n recorrer el sector de la Reserva Aborigen\/ Aguas Blancas \u00a0el cual formar\u00e1 parte de la presente edici\u00f3n de la VTDF. Desde LBD compartimos la gacetilla enviada por los organizadores de la competencia. 1.200 veces le\u00edda &hellip; <a href=\"https:\/\/labestiadeportiva.com\/lbd\/reconocimiento-oficial\/\" class=\"more-link\">Seguir leyendo <span class=\"screen-reader-text\">Reconocimiento Oficial<\/span> <span class=\"meta-nav\">&rarr;<\/span><\/a><\/p>\n","protected":false},"author":1,"featured_media":18950,"comment_status":"open","ping_status":"open","sticky":false,"template":"","format":"standard","meta":[],"categories":[5,4,6,2159,1,2536],"tags":[301,71,83,2539,2537,2538],"_links":{"self":[{"href":"https:\/\/labestiadeportiva.com\/lbd\/wp-json\/wp\/v2\/posts\/18949"}],"collection":[{"href":"https:\/\/labestiadeportiva.com\/lbd\/wp-json\/wp\/v2\/posts"}],"about":[{"href":"https:\/\/labestiadeportiva.com\/lbd\/wp-json\/wp\/v2\/types\/post"}],"author":[{"embeddable":true,"href":"https:\/\/labestiadeportiva.com\/lbd\/wp-json\/wp\/v2\/users\/1"}],"replies":[{"embeddable":true,"href":"https:\/\/labestiadeportiva.com\/lbd\/wp-json\/wp\/v2\/comments?post=18949"}],"version-history":[{"count":1,"href":"https:\/\/labestiadeportiva.com\/lbd\/wp-json\/wp\/v2\/posts\/18949\/revisions"}],"predecessor-version":[{"id":18952,"href":"https:\/\/labestiadeportiva.com\/lbd\/wp-json\/wp\/v2\/posts\/18949\/revisions\/18952"}],"wp:featuredmedia":[{"embeddable":true,"href":"https:\/\/labestiadeportiva.com\/lbd\/wp-json\/wp\/v2\/media\/18950"}],"wp:attachment":[{"href":"https:\/\/labestiadeportiva.com\/lbd\/wp-json\/wp\/v2\/media?parent=18949"}],"wp:term":[{"taxonomy":"category","embeddable":true,"href":"https:\/\/labestiadeportiva.com\/lbd\/wp-json\/wp\/v2\/categories?post=18949"},{"taxonomy":"post_tag","embeddable":true,"href":"https:\/\/labestiadeportiva.com\/lbd\/wp-json\/wp\/v2\/tags?post=18949"}],"curies":[{"name":"wp","href":"https:\/\/api.w.org\/{rel}","templated":true}]}}