{"id":19034,"date":"2016-02-26T01:44:44","date_gmt":"2016-02-26T04:44:44","guid":{"rendered":"http:\/\/labestiadeportiva.com\/lbd\/?p=19034"},"modified":"2016-02-26T01:44:44","modified_gmt":"2016-02-26T04:44:44","slug":"nuevo-ano-nueva-ilusion","status":"publish","type":"post","link":"https:\/\/labestiadeportiva.com\/lbd\/nuevo-ano-nueva-ilusion\/","title":{"rendered":"Nuevo a\u00f1o, nueva ilusi\u00f3n"},"content":{"rendered":"<p><a href=\"http:\/\/labestiadeportiva.com\/lbd\/wp-content\/uploads\/2016\/02\/Mailing-1.jpg\"><img loading=\"lazy\" class=\"alignleft size-medium wp-image-19035\" src=\"http:\/\/labestiadeportiva.com\/lbd\/wp-content\/uploads\/2016\/02\/Mailing-1-300x150.jpg\" alt=\"Mailing 1\" width=\"300\" height=\"150\" srcset=\"https:\/\/labestiadeportiva.com\/lbd\/wp-content\/uploads\/2016\/02\/Mailing-1-300x150.jpg 300w, https:\/\/labestiadeportiva.com\/lbd\/wp-content\/uploads\/2016\/02\/Mailing-1-1024x512.jpg 1024w, https:\/\/labestiadeportiva.com\/lbd\/wp-content\/uploads\/2016\/02\/Mailing-1.jpg 1600w\" sizes=\"(max-width: 300px) 100vw, 300px\" \/><\/a>El ushuaiense Lucas Garro, que supo ser subcampe\u00f3n de la divisional mayor del Turismo Pista, iniciar\u00e1 una nueva temporada dentro de la categor\u00eda con un Chevrolet Celta de Clase 2 a estrenar en el aut\u00f3dromo \u201cHermanos Emiliozzi\u201d de Olavarr\u00eda. Ser\u00e1 atendido por el equipo de Diego L\u00f3pez y contar\u00e1 con la motorizaci\u00f3n de Diego Coronel. Fuente y foto Prensa Lucas Garro.<!--more--><\/p>\n<p>Despu\u00e9s de un 2015 de plena transici\u00f3n, sobre todo por la cuesti\u00f3n presupuestaria, el 2016 renueva la esperanza para el piloto oriundo de Ushuaia, que ha demostrado lo que sabe hacer arriba de un auto cada vez que pone el pie en el acelerador.<\/p>\n<p>Y no hay mejor manera de comenzar a desandar el camino para Lucas Garro que con una unidad nueva, cero kil\u00f3metro. En este caso ser\u00e1 un Chevrolet Celta, el mismo modelo con el que supo estar a la vanguardia durante las \u00faltimas competencias del a\u00f1o pasado, pero absolutamente sin desgaste.<\/p>\n<p>Si bien emprender este rumbo llevar\u00e1 su tiempo de puesta a punto y trabajo, teniendo en cuenta que no podr\u00e1 poner a punto la m\u00e1quina hasta las pruebas comunitarias del viernes, no queda espacio a la duda de la capacidad conductiva del volante fueguino y la forma en que puede llegar a sorprendernos.<\/p>\n<p><span style=\"color: #0000ff;\">\u201cLa idea principalmente es hacer funcionar el auto lo mejor posible ya que vamos a tener que poner a punto los distintos reglajes. Estoy ansioso por acelerar y subirme despu\u00e9s de tanto tiempo\u00bb<\/span>, comenz\u00f3 diciendo el ushuaiense.<\/p>\n<p>A lo que agreg\u00f3: <span style=\"color: #0000ff;\">\u201cLlegamos a este proyecto luego de un ofrecimiento por parte de Mart\u00edn Hermida, quien sab\u00eda que estaba cerca de no correr y justo estaba terminando un auto nuevo. Espero adaptarme r\u00e1pidamente para comenzar a tratar de dar lucha en funci\u00f3n del campeonato de entrada. Le agradezco por un lado al DR con quien tengo una excelente relaci\u00f3n, a Diego Lopez y el equipo por abrirme las puertas, lo propio para Diego Coronel y a Hermida por el ofrecimiento para subirme a este auto\u201d.<\/span><\/p>\n<p><span style=\"color: #0000ff;\">\u201cEl objetivo para este a\u00f1o es sumar, sumar y sumar pensando en los puntos para el torneo en cada carrera. Utilizaremos una estrategia basada en terminar todas las competencias para llegar al final de la temporada con posibilidades de luchar por el t\u00edtulo\u201d,<\/span> enfatiz\u00f3.<\/p>\n<p>Y analiz\u00f3 el trazado que recibir\u00e1 a la divisional menor este fin de semana: <span style=\"color: #0000ff;\">\u201cLa \u00faltima vez que estuve en Olavarr\u00eda fue en 2014 con el VW Gol de Clase 3 y largu\u00e9 14\u00ba llegando como escolta a la bandera a cuadros. Afortunadamente la variante para esta fecha ser\u00e1 la corta por lo que no depender\u00e1 tanto del rendimiento del motor. Veremos que sale\u201d.<\/span><\/p>\n<p>Lo concreto es que Garro ya est\u00e1 en Buenos Aires desde el martes, donde aprovech\u00f3 para poner al d\u00eda su licencia m\u00e9dica y algunos detalles en el interior de la unidad.<\/p>\n<p>La actividad dispuesta por la organizaci\u00f3n iniciara, tal como dijimos, el viernes por la ma\u00f1ana con las pruebas comunitarias desde las 12:00 y 15:25; continuar\u00e1 el s\u00e1bado con dos tandas de entrenamientos oficiales a partir de las 8:40 y 11:30, antes de dar lugar a la clasificaci\u00f3n cuando las agujas del reloj marquen las 13:50.<\/p>\n<p>Asimismo en la jornada sabatina se desarrollar\u00e1n las dos series previstas para el segmento (16:00 y 16:25) con televisaci\u00f3n en vivo y en directo por TyC Sports. Por \u00faltimo la final, ya el d\u00eda domingo, ser\u00e1 transmitida por Canal 13 a partir de las 10:30.<\/p>\n<p>Lucas Garro y equipo agradecen a sus sponsors: Carbess, Constru Sec, El Diario del Fin del Mundo, Hormix, Jet Letreros, MZL Deportes, Reger Springs y Tierra Fueguina SRL. Asimismo, a toda la gente de Tierra del Fuego, familia y amigos por el acompa\u00f1amiento permanente en este sue\u00f1o que significa correr a nivel nacional representando a la ciudad m\u00e1s austral del mundo.<\/p>\n<div class='epvc-post-count'><span class='epvc-eye'><\/span>  <span class=\"epvc-count\"> 1.283<\/span><span class='epvc-label'> veces le\u00edda<\/span><\/div>\n<div class=\"jwsharethis\">\nShare this: \n<br \/>\n<a href=\"mailto:?subject=Nuevo%20a%C3%B1o%2C%20nueva%20ilusi%C3%B3n&amp;body=https%3A%2F%2Flabestiadeportiva.com%2Flbd%2Fnuevo-ano-nueva-ilusion%2F\">\n<img src=\"https:\/\/labestiadeportiva.com\/lbd\/wp-content\/plugins\/jw-share-this\/email.png\" alt=\"Share this page via Email\" \/>\n<\/a>\n<a target=\"_blank\" href=\"http:\/\/www.stumbleupon.com\/submit?url=https%3A%2F%2Flabestiadeportiva.com%2Flbd%2Fnuevo-ano-nueva-ilusion%2F&amp;title=Nuevo+a%C3%B1o%2C+nueva+ilusi%C3%B3n\">\n<img src=\"https:\/\/labestiadeportiva.com\/lbd\/wp-content\/plugins\/jw-share-this\/su.png\" alt=\"Share this page via Stumble Upon\" \/>\n<\/a>\n<a target=\"_blank\" href=\"http:\/\/digg.com\/submit?url=https%3A%2F%2Flabestiadeportiva.com%2Flbd%2Fnuevo-ano-nueva-ilusion%2F&amp;title=Nuevo+a%C3%B1o%2C+nueva+ilusi%C3%B3n\">\n<img src=\"https:\/\/labestiadeportiva.com\/lbd\/wp-content\/plugins\/jw-share-this\/digg.png\" alt=\"Share this page via Digg this\" \/>\n<\/a>\n<a target=\"_blank\" href=\"http:\/\/www.facebook.com\/sharer.php?u=https%3A%2F%2Flabestiadeportiva.com%2Flbd%2Fnuevo-ano-nueva-ilusion%2F&amp;t=Nuevo+a%C3%B1o%2C+nueva+ilusi%C3%B3n\">\n<img src=\"https:\/\/labestiadeportiva.com\/lbd\/wp-content\/plugins\/jw-share-this\/fb.png\" alt=\"Share this page via Facebook\" \/>\n<\/a>\n<a target=\"_blank\" href=\"http:\/\/twitter.com\/intent\/tweet?text=I+like+https%3A%2F%2Flabestiadeportiva.com%2Flbd%2Fnuevo-ano-nueva-ilusion%2F&amp;title=Nuevo+a%C3%B1o%2C+nueva+ilusi%C3%B3n\">\n<img src=\"https:\/\/labestiadeportiva.com\/lbd\/wp-content\/plugins\/jw-share-this\/twitter.png\" alt=\"Share this page via Twitter\" \/>\n<\/a>\n<\/div>\n","protected":false},"excerpt":{"rendered":"<p>El ushuaiense Lucas Garro, que supo ser subcampe\u00f3n de la divisional mayor del Turismo Pista, iniciar\u00e1 una nueva temporada dentro de la categor\u00eda con un Chevrolet Celta de Clase 2 a estrenar en el aut\u00f3dromo \u201cHermanos Emiliozzi\u201d de Olavarr\u00eda. Ser\u00e1 atendido por el equipo de Diego L\u00f3pez y contar\u00e1 con la motorizaci\u00f3n de Diego Coronel. &hellip; <a href=\"https:\/\/labestiadeportiva.com\/lbd\/nuevo-ano-nueva-ilusion\/\" class=\"more-link\">Seguir leyendo <span class=\"screen-reader-text\">Nuevo a\u00f1o, nueva ilusi\u00f3n<\/span> <span class=\"meta-nav\">&rarr;<\/span><\/a><\/p>\n","protected":false},"author":1,"featured_media":19035,"comment_status":"open","ping_status":"open","sticky":false,"template":"","format":"standard","meta":[],"categories":[2135,5,6,1],"tags":[86,151,525],"_links":{"self":[{"href":"https:\/\/labestiadeportiva.com\/lbd\/wp-json\/wp\/v2\/posts\/19034"}],"collection":[{"href":"https:\/\/labestiadeportiva.com\/lbd\/wp-json\/wp\/v2\/posts"}],"about":[{"href":"https:\/\/labestiadeportiva.com\/lbd\/wp-json\/wp\/v2\/types\/post"}],"author":[{"embeddable":true,"href":"https:\/\/labestiadeportiva.com\/lbd\/wp-json\/wp\/v2\/users\/1"}],"replies":[{"embeddable":true,"href":"https:\/\/labestiadeportiva.com\/lbd\/wp-json\/wp\/v2\/comments?post=19034"}],"version-history":[{"count":1,"href":"https:\/\/labestiadeportiva.com\/lbd\/wp-json\/wp\/v2\/posts\/19034\/revisions"}],"predecessor-version":[{"id":19036,"href":"https:\/\/labestiadeportiva.com\/lbd\/wp-json\/wp\/v2\/posts\/19034\/revisions\/19036"}],"wp:featuredmedia":[{"embeddable":true,"href":"https:\/\/labestiadeportiva.com\/lbd\/wp-json\/wp\/v2\/media\/19035"}],"wp:attachment":[{"href":"https:\/\/labestiadeportiva.com\/lbd\/wp-json\/wp\/v2\/media?parent=19034"}],"wp:term":[{"taxonomy":"category","embeddable":true,"href":"https:\/\/labestiadeportiva.com\/lbd\/wp-json\/wp\/v2\/categories?post=19034"},{"taxonomy":"post_tag","embeddable":true,"href":"https:\/\/labestiadeportiva.com\/lbd\/wp-json\/wp\/v2\/tags?post=19034"}],"curies":[{"name":"wp","href":"https:\/\/api.w.org\/{rel}","templated":true}]}}