{"id":19063,"date":"2016-03-01T15:48:09","date_gmt":"2016-03-01T18:48:09","guid":{"rendered":"http:\/\/labestiadeportiva.com\/lbd\/?p=19063"},"modified":"2016-03-01T15:48:09","modified_gmt":"2016-03-01T18:48:09","slug":"el-lider-e-invicto-grito-tres-veces-audiorelato","status":"publish","type":"post","link":"https:\/\/labestiadeportiva.com\/lbd\/el-lider-e-invicto-grito-tres-veces-audiorelato\/","title":{"rendered":"El l\u00edder e invicto grit\u00f3 tres veces (Audio\/Relato)"},"content":{"rendered":"<p><a href=\"http:\/\/labestiadeportiva.com\/lbd\/wp-content\/uploads\/2016\/03\/Imagen-215.jpg\"><img loading=\"lazy\" src=\"http:\/\/labestiadeportiva.com\/lbd\/wp-content\/uploads\/2016\/03\/Imagen-215-300x111.jpg\" alt=\"Imagen 215\" width=\"300\" height=\"111\" class=\"alignleft size-medium wp-image-19064\" srcset=\"https:\/\/labestiadeportiva.com\/lbd\/wp-content\/uploads\/2016\/03\/Imagen-215-300x111.jpg 300w, https:\/\/labestiadeportiva.com\/lbd\/wp-content\/uploads\/2016\/03\/Imagen-215.jpg 800w\" sizes=\"(max-width: 300px) 100vw, 300px\" \/><\/a>Con una formaci\u00f3n alternativa Camioneros RG complet\u00f3 la primera fase de Federal \u201cC\u201d de f\u00fatbol dentro de la Zona 1 TDF con una clara victoria por 3 a 0 sobre Lasserre FC. El ushuaiense Gabriel Rodr\u00edguez y \u201cWilly\u201d Villarroel de penal los goleadores de la tarde. Compartimos las m\u00e1ximas emociones extra\u00eddas de la transmisi\u00f3n de FM del Sur y Radio Provincia con el relato de Esteban \u201cPelado\u201d Parovel. <!--more--><\/p>\n<p><iframe loading=\"lazy\" src=\"https:\/\/www.youtube.com\/embed\/aUpCZm_HB3M\" width=\"420\" height=\"315\" frameborder=\"0\" allowfullscreen=\"allowfullscreen\"><\/iframe><\/p>\n<div class='epvc-post-count'><span class='epvc-eye'><\/span>  <span class=\"epvc-count\"> 1.159<\/span><span class='epvc-label'> veces le\u00edda<\/span><\/div>\n<div class=\"jwsharethis\">\nShare this: \n<br \/>\n<a href=\"mailto:?subject=El%20l%C3%ADder%20e%20invicto%20grit%C3%B3%20tres%20veces%20%28Audio%2FRelato%29&amp;body=https%3A%2F%2Flabestiadeportiva.com%2Flbd%2Fel-lider-e-invicto-grito-tres-veces-audiorelato%2F\">\n<img src=\"https:\/\/labestiadeportiva.com\/lbd\/wp-content\/plugins\/jw-share-this\/email.png\" alt=\"Share this page via Email\" \/>\n<\/a>\n<a target=\"_blank\" href=\"http:\/\/www.stumbleupon.com\/submit?url=https%3A%2F%2Flabestiadeportiva.com%2Flbd%2Fel-lider-e-invicto-grito-tres-veces-audiorelato%2F&amp;title=El+l%C3%ADder+e+invicto+grit%C3%B3+tres+veces+%28Audio%2FRelato%29\">\n<img src=\"https:\/\/labestiadeportiva.com\/lbd\/wp-content\/plugins\/jw-share-this\/su.png\" alt=\"Share this page via Stumble Upon\" \/>\n<\/a>\n<a target=\"_blank\" href=\"http:\/\/digg.com\/submit?url=https%3A%2F%2Flabestiadeportiva.com%2Flbd%2Fel-lider-e-invicto-grito-tres-veces-audiorelato%2F&amp;title=El+l%C3%ADder+e+invicto+grit%C3%B3+tres+veces+%28Audio%2FRelato%29\">\n<img src=\"https:\/\/labestiadeportiva.com\/lbd\/wp-content\/plugins\/jw-share-this\/digg.png\" alt=\"Share this page via Digg this\" \/>\n<\/a>\n<a target=\"_blank\" href=\"http:\/\/www.facebook.com\/sharer.php?u=https%3A%2F%2Flabestiadeportiva.com%2Flbd%2Fel-lider-e-invicto-grito-tres-veces-audiorelato%2F&amp;t=El+l%C3%ADder+e+invicto+grit%C3%B3+tres+veces+%28Audio%2FRelato%29\">\n<img src=\"https:\/\/labestiadeportiva.com\/lbd\/wp-content\/plugins\/jw-share-this\/fb.png\" alt=\"Share this page via Facebook\" \/>\n<\/a>\n<a target=\"_blank\" href=\"http:\/\/twitter.com\/intent\/tweet?text=I+like+https%3A%2F%2Flabestiadeportiva.com%2Flbd%2Fel-lider-e-invicto-grito-tres-veces-audiorelato%2F&amp;title=El+l%C3%ADder+e+invicto+grit%C3%B3+tres+veces+%28Audio%2FRelato%29\">\n<img src=\"https:\/\/labestiadeportiva.com\/lbd\/wp-content\/plugins\/jw-share-this\/twitter.png\" alt=\"Share this page via Twitter\" \/>\n<\/a>\n<\/div>\n","protected":false},"excerpt":{"rendered":"<p>Con una formaci\u00f3n alternativa Camioneros RG complet\u00f3 la primera fase de Federal \u201cC\u201d de f\u00fatbol dentro de la Zona 1 TDF con una clara victoria por 3 a 0 sobre Lasserre FC. El ushuaiense Gabriel Rodr\u00edguez y \u201cWilly\u201d Villarroel de penal los goleadores de la tarde. Compartimos las m\u00e1ximas emociones extra\u00eddas de la transmisi\u00f3n de &hellip; <a href=\"https:\/\/labestiadeportiva.com\/lbd\/el-lider-e-invicto-grito-tres-veces-audiorelato\/\" class=\"more-link\">Seguir leyendo <span class=\"screen-reader-text\">El l\u00edder e invicto grit\u00f3 tres veces (Audio\/Relato)<\/span> <span class=\"meta-nav\">&rarr;<\/span><\/a><\/p>\n","protected":false},"author":1,"featured_media":19064,"comment_status":"open","ping_status":"open","sticky":false,"template":"","format":"standard","meta":[],"categories":[5,6,2491,1],"tags":[2441,2555,17,2556,1926,1995],"_links":{"self":[{"href":"https:\/\/labestiadeportiva.com\/lbd\/wp-json\/wp\/v2\/posts\/19063"}],"collection":[{"href":"https:\/\/labestiadeportiva.com\/lbd\/wp-json\/wp\/v2\/posts"}],"about":[{"href":"https:\/\/labestiadeportiva.com\/lbd\/wp-json\/wp\/v2\/types\/post"}],"author":[{"embeddable":true,"href":"https:\/\/labestiadeportiva.com\/lbd\/wp-json\/wp\/v2\/users\/1"}],"replies":[{"embeddable":true,"href":"https:\/\/labestiadeportiva.com\/lbd\/wp-json\/wp\/v2\/comments?post=19063"}],"version-history":[{"count":1,"href":"https:\/\/labestiadeportiva.com\/lbd\/wp-json\/wp\/v2\/posts\/19063\/revisions"}],"predecessor-version":[{"id":19065,"href":"https:\/\/labestiadeportiva.com\/lbd\/wp-json\/wp\/v2\/posts\/19063\/revisions\/19065"}],"wp:featuredmedia":[{"embeddable":true,"href":"https:\/\/labestiadeportiva.com\/lbd\/wp-json\/wp\/v2\/media\/19064"}],"wp:attachment":[{"href":"https:\/\/labestiadeportiva.com\/lbd\/wp-json\/wp\/v2\/media?parent=19063"}],"wp:term":[{"taxonomy":"category","embeddable":true,"href":"https:\/\/labestiadeportiva.com\/lbd\/wp-json\/wp\/v2\/categories?post=19063"},{"taxonomy":"post_tag","embeddable":true,"href":"https:\/\/labestiadeportiva.com\/lbd\/wp-json\/wp\/v2\/tags?post=19063"}],"curies":[{"name":"wp","href":"https:\/\/api.w.org\/{rel}","templated":true}]}}