{"id":19097,"date":"2016-03-04T09:57:16","date_gmt":"2016-03-04T12:57:16","guid":{"rendered":"http:\/\/labestiadeportiva.com\/lbd\/?p=19097"},"modified":"2016-03-04T11:17:30","modified_gmt":"2016-03-04T14:17:30","slug":"se-expidio-la-urtf","status":"publish","type":"post","link":"https:\/\/labestiadeportiva.com\/lbd\/se-expidio-la-urtf\/","title":{"rendered":"Se expidi\u00f3 la URTF"},"content":{"rendered":"<p><a href=\"http:\/\/labestiadeportiva.com\/lbd\/wp-content\/uploads\/2016\/03\/Imagen-863.jpg\"><img loading=\"lazy\" class=\"alignleft size-medium wp-image-19098\" src=\"http:\/\/labestiadeportiva.com\/lbd\/wp-content\/uploads\/2016\/03\/Imagen-863-300x179.jpg\" alt=\"Imagen 863\" width=\"300\" height=\"179\" srcset=\"https:\/\/labestiadeportiva.com\/lbd\/wp-content\/uploads\/2016\/03\/Imagen-863-300x179.jpg 300w, https:\/\/labestiadeportiva.com\/lbd\/wp-content\/uploads\/2016\/03\/Imagen-863.jpg 800w\" sizes=\"(max-width: 300px) 100vw, 300px\" \/><\/a>El jueves por la tarde la Uni\u00f3n de Rugby de Tierra del Fuego resolvi\u00f3 acerca de los encuentros pendientes del R\u00edo Grande RHC correspondientes a la competencia de primera divisi\u00f3n. De esta forma la 1\u00ba y 4\u00ba fecha del Torneo Oficial 2015\/2016 al \u201cVerde\u201d se le dio por perdido los partidos ante Universitario y URC por 20 a 0. Desde LBD te brindamos la tabla de posiciones actualizada.<!--more--><\/p>\n<p><a href=\"http:\/\/labestiadeportiva.com\/lbd\/wp-content\/uploads\/2016\/03\/12803268_1064799566919911_5264790905180671468_n.jpg\"><img loading=\"lazy\" src=\"http:\/\/labestiadeportiva.com\/lbd\/wp-content\/uploads\/2016\/03\/12803268_1064799566919911_5264790905180671468_n-300x139.jpg\" alt=\"12803268_1064799566919911_5264790905180671468_n\" width=\"300\" height=\"139\" class=\"aligncenter size-medium wp-image-19102\" srcset=\"https:\/\/labestiadeportiva.com\/lbd\/wp-content\/uploads\/2016\/03\/12803268_1064799566919911_5264790905180671468_n-300x139.jpg 300w, https:\/\/labestiadeportiva.com\/lbd\/wp-content\/uploads\/2016\/03\/12803268_1064799566919911_5264790905180671468_n.jpg 497w\" sizes=\"(max-width: 300px) 100vw, 300px\" \/><\/a><\/p>\n<div class='epvc-post-count'><span class='epvc-eye'><\/span>  <span class=\"epvc-count\"> 994<\/span><span class='epvc-label'> veces le\u00edda<\/span><\/div>\n<div class=\"jwsharethis\">\nShare this: \n<br \/>\n<a href=\"mailto:?subject=Se%20expidi%C3%B3%20la%20URTF&amp;body=https%3A%2F%2Flabestiadeportiva.com%2Flbd%2Fse-expidio-la-urtf%2F\">\n<img src=\"https:\/\/labestiadeportiva.com\/lbd\/wp-content\/plugins\/jw-share-this\/email.png\" alt=\"Share this page via Email\" \/>\n<\/a>\n<a target=\"_blank\" href=\"http:\/\/www.stumbleupon.com\/submit?url=https%3A%2F%2Flabestiadeportiva.com%2Flbd%2Fse-expidio-la-urtf%2F&amp;title=Se+expidi%C3%B3+la+URTF\">\n<img src=\"https:\/\/labestiadeportiva.com\/lbd\/wp-content\/plugins\/jw-share-this\/su.png\" alt=\"Share this page via Stumble Upon\" \/>\n<\/a>\n<a target=\"_blank\" href=\"http:\/\/digg.com\/submit?url=https%3A%2F%2Flabestiadeportiva.com%2Flbd%2Fse-expidio-la-urtf%2F&amp;title=Se+expidi%C3%B3+la+URTF\">\n<img src=\"https:\/\/labestiadeportiva.com\/lbd\/wp-content\/plugins\/jw-share-this\/digg.png\" alt=\"Share this page via Digg this\" \/>\n<\/a>\n<a target=\"_blank\" href=\"http:\/\/www.facebook.com\/sharer.php?u=https%3A%2F%2Flabestiadeportiva.com%2Flbd%2Fse-expidio-la-urtf%2F&amp;t=Se+expidi%C3%B3+la+URTF\">\n<img src=\"https:\/\/labestiadeportiva.com\/lbd\/wp-content\/plugins\/jw-share-this\/fb.png\" alt=\"Share this page via Facebook\" \/>\n<\/a>\n<a target=\"_blank\" href=\"http:\/\/twitter.com\/intent\/tweet?text=I+like+https%3A%2F%2Flabestiadeportiva.com%2Flbd%2Fse-expidio-la-urtf%2F&amp;title=Se+expidi%C3%B3+la+URTF\">\n<img src=\"https:\/\/labestiadeportiva.com\/lbd\/wp-content\/plugins\/jw-share-this\/twitter.png\" alt=\"Share this page via Twitter\" \/>\n<\/a>\n<\/div>\n","protected":false},"excerpt":{"rendered":"<p>El jueves por la tarde la Uni\u00f3n de Rugby de Tierra del Fuego resolvi\u00f3 acerca de los encuentros pendientes del R\u00edo Grande RHC correspondientes a la competencia de primera divisi\u00f3n. De esta forma la 1\u00ba y 4\u00ba fecha del Torneo Oficial 2015\/2016 al \u201cVerde\u201d se le dio por perdido los partidos ante Universitario y URC &hellip; <a href=\"https:\/\/labestiadeportiva.com\/lbd\/se-expidio-la-urtf\/\" class=\"more-link\">Seguir leyendo <span class=\"screen-reader-text\">Se expidi\u00f3 la URTF<\/span> <span class=\"meta-nav\">&rarr;<\/span><\/a><\/p>\n","protected":false},"author":1,"featured_media":19098,"comment_status":"open","ping_status":"open","sticky":false,"template":"","format":"standard","meta":[],"categories":[5,1,2021],"tags":[108,107,2529],"_links":{"self":[{"href":"https:\/\/labestiadeportiva.com\/lbd\/wp-json\/wp\/v2\/posts\/19097"}],"collection":[{"href":"https:\/\/labestiadeportiva.com\/lbd\/wp-json\/wp\/v2\/posts"}],"about":[{"href":"https:\/\/labestiadeportiva.com\/lbd\/wp-json\/wp\/v2\/types\/post"}],"author":[{"embeddable":true,"href":"https:\/\/labestiadeportiva.com\/lbd\/wp-json\/wp\/v2\/users\/1"}],"replies":[{"embeddable":true,"href":"https:\/\/labestiadeportiva.com\/lbd\/wp-json\/wp\/v2\/comments?post=19097"}],"version-history":[{"count":3,"href":"https:\/\/labestiadeportiva.com\/lbd\/wp-json\/wp\/v2\/posts\/19097\/revisions"}],"predecessor-version":[{"id":19103,"href":"https:\/\/labestiadeportiva.com\/lbd\/wp-json\/wp\/v2\/posts\/19097\/revisions\/19103"}],"wp:featuredmedia":[{"embeddable":true,"href":"https:\/\/labestiadeportiva.com\/lbd\/wp-json\/wp\/v2\/media\/19098"}],"wp:attachment":[{"href":"https:\/\/labestiadeportiva.com\/lbd\/wp-json\/wp\/v2\/media?parent=19097"}],"wp:term":[{"taxonomy":"category","embeddable":true,"href":"https:\/\/labestiadeportiva.com\/lbd\/wp-json\/wp\/v2\/categories?post=19097"},{"taxonomy":"post_tag","embeddable":true,"href":"https:\/\/labestiadeportiva.com\/lbd\/wp-json\/wp\/v2\/tags?post=19097"}],"curies":[{"name":"wp","href":"https:\/\/api.w.org\/{rel}","templated":true}]}}