{"id":19197,"date":"2016-03-12T19:07:27","date_gmt":"2016-03-12T22:07:27","guid":{"rendered":"http:\/\/labestiadeportiva.com\/lbd\/?p=19197"},"modified":"2016-03-12T19:07:27","modified_gmt":"2016-03-12T22:07:27","slug":"el-camion-descansa-y-espera","status":"publish","type":"post","link":"https:\/\/labestiadeportiva.com\/lbd\/el-camion-descansa-y-espera\/","title":{"rendered":"El \u00abCami\u00f3n\u00bb descansa y espera"},"content":{"rendered":"<p><a href=\"http:\/\/labestiadeportiva.com\/lbd\/wp-content\/uploads\/2016\/03\/1450784_1069851383081396_7071660383883324592_n.jpg\"><img loading=\"lazy\" class=\"alignleft size-medium wp-image-19198\" src=\"http:\/\/labestiadeportiva.com\/lbd\/wp-content\/uploads\/2016\/03\/1450784_1069851383081396_7071660383883324592_n-300x225.jpg\" alt=\"1450784_1069851383081396_7071660383883324592_n\" width=\"300\" height=\"225\" srcset=\"https:\/\/labestiadeportiva.com\/lbd\/wp-content\/uploads\/2016\/03\/1450784_1069851383081396_7071660383883324592_n-300x225.jpg 300w, https:\/\/labestiadeportiva.com\/lbd\/wp-content\/uploads\/2016\/03\/1450784_1069851383081396_7071660383883324592_n.jpg 960w\" sizes=\"(max-width: 300px) 100vw, 300px\" \/><\/a>Luego de un dur\u00edsimo viaje desde R\u00edo Grande a R\u00edo Gallegos, a donde arrib\u00f3 pasadas la 1 de la ma\u00f1ana del s\u00e1bado, el equipo de Camioneros RG se encuentra alojado en el hotel \u201cAvellaneda\u201d a pocas cuadras del escenario de juego. El encuentro de ida de la segunda fase ante Ferrocarril YCF se jugar\u00e1 el domingo desde las tres de la tarde. Desde LBD las \u00faltimas novedades del plantel \u201cverde\u201d.<!--more--><\/p>\n<p>Con los inconvenientes de \u00faltimo momento que fueron las bajas de los ushuaienses Javier Ortega y Facundo Moreno quienes fueron reemplazados por \u00c1valos y Ru\u00edz el plantel fueguino se encuentra en las horas finales de cara al choque ante los galleguenses.<\/p>\n<p>En entrenador Guillermo Vargas definir\u00e1 en el entrenamiento del s\u00e1bado por la tarde quien reemplazar\u00e1 a Moreno en la funci\u00f3n de doble cinco en el ensayo y reconocimiento de la cancha de c\u00e9sped natural de la instituci\u00f3n de R\u00edo Gallegos.<\/p>\n<p>La dirigencia de Camioneros destac\u00f3 el lugar de alojamiento puesto a disposici\u00f3n por el club local. L\u00f3gica obligaci\u00f3n de ganar para el elenco fueguino que no puede vencer de visitante hace dos temporadas en torneos federales.<\/p>\n<p>Desde el dibujo t\u00e1ctico que intentar\u00e1 plasmar en la cancha el entrenador Vargas pudo saberse \u00a0que ser\u00e1 un 4 &#8211; 4 &#8211; 2. Queda muy en claro que los delanteros ser\u00e1n los temibles \u201cWilly\u201d Villarroel y \u201cJony\u201d Torres, quienes han marcado la mayor\u00eda de las conquistas del equipo en la primera fase.<\/p>\n<p>Todo dispuesto entonces para vivir este domingo el inicio de los 16avos del Torneo Federal \u201cC\u201d de f\u00fatbol donde el \u00fanico representante de Tierra del Fuego cerrar\u00e1 la llave de local el domingo 20 de marzo en el sint\u00e9tico municipal de la capital provincial.<\/p>\n<p><a href=\"http:\/\/labestiadeportiva.com\/lbd\/wp-content\/uploads\/2016\/03\/10329046_1069851403081394_7813850172881545307_n.jpg\"><img loading=\"lazy\" class=\"aligncenter size-medium wp-image-19199\" src=\"http:\/\/labestiadeportiva.com\/lbd\/wp-content\/uploads\/2016\/03\/10329046_1069851403081394_7813850172881545307_n-278x300.jpg\" alt=\"10329046_1069851403081394_7813850172881545307_n\" width=\"278\" height=\"300\" srcset=\"https:\/\/labestiadeportiva.com\/lbd\/wp-content\/uploads\/2016\/03\/10329046_1069851403081394_7813850172881545307_n-278x300.jpg 278w, https:\/\/labestiadeportiva.com\/lbd\/wp-content\/uploads\/2016\/03\/10329046_1069851403081394_7813850172881545307_n.jpg 573w\" sizes=\"(max-width: 278px) 100vw, 278px\" \/><\/a><\/p>\n<div class='epvc-post-count'><span class='epvc-eye'><\/span>  <span class=\"epvc-count\"> 1.517<\/span><span class='epvc-label'> veces le\u00edda<\/span><\/div>\n<div class=\"jwsharethis\">\nShare this: \n<br \/>\n<a href=\"mailto:?subject=El%20%C2%ABCami%C3%B3n%C2%BB%20descansa%20y%20espera&amp;body=https%3A%2F%2Flabestiadeportiva.com%2Flbd%2Fel-camion-descansa-y-espera%2F\">\n<img src=\"https:\/\/labestiadeportiva.com\/lbd\/wp-content\/plugins\/jw-share-this\/email.png\" alt=\"Share this page via Email\" \/>\n<\/a>\n<a target=\"_blank\" href=\"http:\/\/www.stumbleupon.com\/submit?url=https%3A%2F%2Flabestiadeportiva.com%2Flbd%2Fel-camion-descansa-y-espera%2F&amp;title=El+%C2%ABCami%C3%B3n%C2%BB+descansa+y+espera\">\n<img src=\"https:\/\/labestiadeportiva.com\/lbd\/wp-content\/plugins\/jw-share-this\/su.png\" alt=\"Share this page via Stumble Upon\" \/>\n<\/a>\n<a target=\"_blank\" href=\"http:\/\/digg.com\/submit?url=https%3A%2F%2Flabestiadeportiva.com%2Flbd%2Fel-camion-descansa-y-espera%2F&amp;title=El+%C2%ABCami%C3%B3n%C2%BB+descansa+y+espera\">\n<img src=\"https:\/\/labestiadeportiva.com\/lbd\/wp-content\/plugins\/jw-share-this\/digg.png\" alt=\"Share this page via Digg this\" \/>\n<\/a>\n<a target=\"_blank\" href=\"http:\/\/www.facebook.com\/sharer.php?u=https%3A%2F%2Flabestiadeportiva.com%2Flbd%2Fel-camion-descansa-y-espera%2F&amp;t=El+%C2%ABCami%C3%B3n%C2%BB+descansa+y+espera\">\n<img src=\"https:\/\/labestiadeportiva.com\/lbd\/wp-content\/plugins\/jw-share-this\/fb.png\" alt=\"Share this page via Facebook\" \/>\n<\/a>\n<a target=\"_blank\" href=\"http:\/\/twitter.com\/intent\/tweet?text=I+like+https%3A%2F%2Flabestiadeportiva.com%2Flbd%2Fel-camion-descansa-y-espera%2F&amp;title=El+%C2%ABCami%C3%B3n%C2%BB+descansa+y+espera\">\n<img src=\"https:\/\/labestiadeportiva.com\/lbd\/wp-content\/plugins\/jw-share-this\/twitter.png\" alt=\"Share this page via Twitter\" \/>\n<\/a>\n<\/div>\n","protected":false},"excerpt":{"rendered":"<p>Luego de un dur\u00edsimo viaje desde R\u00edo Grande a R\u00edo Gallegos, a donde arrib\u00f3 pasadas la 1 de la ma\u00f1ana del s\u00e1bado, el equipo de Camioneros RG se encuentra alojado en el hotel \u201cAvellaneda\u201d a pocas cuadras del escenario de juego. El encuentro de ida de la segunda fase ante Ferrocarril YCF se jugar\u00e1 el &hellip; <a href=\"https:\/\/labestiadeportiva.com\/lbd\/el-camion-descansa-y-espera\/\" class=\"more-link\">Seguir leyendo <span class=\"screen-reader-text\">El \u00abCami\u00f3n\u00bb descansa y espera<\/span> <span class=\"meta-nav\">&rarr;<\/span><\/a><\/p>\n","protected":false},"author":1,"featured_media":19198,"comment_status":"open","ping_status":"open","sticky":false,"template":"","format":"standard","meta":[],"categories":[5,6,2491,1],"tags":[2572,2573,17,392,1926],"_links":{"self":[{"href":"https:\/\/labestiadeportiva.com\/lbd\/wp-json\/wp\/v2\/posts\/19197"}],"collection":[{"href":"https:\/\/labestiadeportiva.com\/lbd\/wp-json\/wp\/v2\/posts"}],"about":[{"href":"https:\/\/labestiadeportiva.com\/lbd\/wp-json\/wp\/v2\/types\/post"}],"author":[{"embeddable":true,"href":"https:\/\/labestiadeportiva.com\/lbd\/wp-json\/wp\/v2\/users\/1"}],"replies":[{"embeddable":true,"href":"https:\/\/labestiadeportiva.com\/lbd\/wp-json\/wp\/v2\/comments?post=19197"}],"version-history":[{"count":1,"href":"https:\/\/labestiadeportiva.com\/lbd\/wp-json\/wp\/v2\/posts\/19197\/revisions"}],"predecessor-version":[{"id":19200,"href":"https:\/\/labestiadeportiva.com\/lbd\/wp-json\/wp\/v2\/posts\/19197\/revisions\/19200"}],"wp:featuredmedia":[{"embeddable":true,"href":"https:\/\/labestiadeportiva.com\/lbd\/wp-json\/wp\/v2\/media\/19198"}],"wp:attachment":[{"href":"https:\/\/labestiadeportiva.com\/lbd\/wp-json\/wp\/v2\/media?parent=19197"}],"wp:term":[{"taxonomy":"category","embeddable":true,"href":"https:\/\/labestiadeportiva.com\/lbd\/wp-json\/wp\/v2\/categories?post=19197"},{"taxonomy":"post_tag","embeddable":true,"href":"https:\/\/labestiadeportiva.com\/lbd\/wp-json\/wp\/v2\/tags?post=19197"}],"curies":[{"name":"wp","href":"https:\/\/api.w.org\/{rel}","templated":true}]}}