{"id":19247,"date":"2016-03-16T16:18:07","date_gmt":"2016-03-16T19:18:07","guid":{"rendered":"http:\/\/labestiadeportiva.com\/lbd\/?p=19247"},"modified":"2016-03-16T16:37:30","modified_gmt":"2016-03-16T19:37:30","slug":"la-vuelta-esta-lanzada-audio","status":"publish","type":"post","link":"https:\/\/labestiadeportiva.com\/lbd\/la-vuelta-esta-lanzada-audio\/","title":{"rendered":"La \u00abVuelta\u00bb est\u00e1 lanzada (Audio)"},"content":{"rendered":"<p><a href=\"http:\/\/labestiadeportiva.com\/lbd\/wp-content\/uploads\/2016\/03\/1005799_10207460647868641_6198475796339633282_n.jpg\"><img loading=\"lazy\" class=\"alignleft size-medium wp-image-19248\" src=\"http:\/\/labestiadeportiva.com\/lbd\/wp-content\/uploads\/2016\/03\/1005799_10207460647868641_6198475796339633282_n-294x300.jpg\" alt=\"1005799_10207460647868641_6198475796339633282_n\" width=\"294\" height=\"300\" srcset=\"https:\/\/labestiadeportiva.com\/lbd\/wp-content\/uploads\/2016\/03\/1005799_10207460647868641_6198475796339633282_n-294x300.jpg 294w, https:\/\/labestiadeportiva.com\/lbd\/wp-content\/uploads\/2016\/03\/1005799_10207460647868641_6198475796339633282_n.jpg 535w\" sizes=\"(max-width: 294px) 100vw, 294px\" \/><\/a>El martes por la noche en instalaciones del \u201cGrande Hotel\u201d se realiz\u00f3 el lanzamiento oficial de la prueba motocicl\u00edstica por excelencia de la Tierra del Fuego. La competencia se realizar\u00e1 el pr\u00f3ximo 24,25 y 26 de marzo. Estuvieron presentes los ganadores de la pasada edici\u00f3n, Jos\u00e9 Fregosini (motos) y Mart\u00edn Bronzovich (cuatriciclos). Desde LBD nos comunicamos con el ushuaiense en busca de detalles, compartimos parte de la entrevista con Mart\u00edn \u201cTincho\u201d Bronzovich lograda este mi\u00e9rcoles en la 94.1 FM del Sur. La foto es gentileza de Motores Fueguinos.<!--more--><\/p>\n<p><iframe loading=\"lazy\" src=\"https:\/\/www.youtube.com\/embed\/MOBxq8-44r0\" width=\"420\" height=\"315\" frameborder=\"0\" allowfullscreen=\"allowfullscreen\"><\/iframe><\/p>\n<div class='epvc-post-count'><span class='epvc-eye'><\/span>  <span class=\"epvc-count\"> 1.052<\/span><span class='epvc-label'> veces le\u00edda<\/span><\/div>\n<div class=\"jwsharethis\">\nShare this: \n<br \/>\n<a href=\"mailto:?subject=La%20%C2%ABVuelta%C2%BB%20est%C3%A1%20lanzada%20%28Audio%29&amp;body=https%3A%2F%2Flabestiadeportiva.com%2Flbd%2Fla-vuelta-esta-lanzada-audio%2F\">\n<img src=\"https:\/\/labestiadeportiva.com\/lbd\/wp-content\/plugins\/jw-share-this\/email.png\" alt=\"Share this page via Email\" \/>\n<\/a>\n<a target=\"_blank\" href=\"http:\/\/www.stumbleupon.com\/submit?url=https%3A%2F%2Flabestiadeportiva.com%2Flbd%2Fla-vuelta-esta-lanzada-audio%2F&amp;title=La+%C2%ABVuelta%C2%BB+est%C3%A1+lanzada+%28Audio%29\">\n<img src=\"https:\/\/labestiadeportiva.com\/lbd\/wp-content\/plugins\/jw-share-this\/su.png\" alt=\"Share this page via Stumble Upon\" \/>\n<\/a>\n<a target=\"_blank\" href=\"http:\/\/digg.com\/submit?url=https%3A%2F%2Flabestiadeportiva.com%2Flbd%2Fla-vuelta-esta-lanzada-audio%2F&amp;title=La+%C2%ABVuelta%C2%BB+est%C3%A1+lanzada+%28Audio%29\">\n<img src=\"https:\/\/labestiadeportiva.com\/lbd\/wp-content\/plugins\/jw-share-this\/digg.png\" alt=\"Share this page via Digg this\" \/>\n<\/a>\n<a target=\"_blank\" href=\"http:\/\/www.facebook.com\/sharer.php?u=https%3A%2F%2Flabestiadeportiva.com%2Flbd%2Fla-vuelta-esta-lanzada-audio%2F&amp;t=La+%C2%ABVuelta%C2%BB+est%C3%A1+lanzada+%28Audio%29\">\n<img src=\"https:\/\/labestiadeportiva.com\/lbd\/wp-content\/plugins\/jw-share-this\/fb.png\" alt=\"Share this page via Facebook\" \/>\n<\/a>\n<a target=\"_blank\" href=\"http:\/\/twitter.com\/intent\/tweet?text=I+like+https%3A%2F%2Flabestiadeportiva.com%2Flbd%2Fla-vuelta-esta-lanzada-audio%2F&amp;title=La+%C2%ABVuelta%C2%BB+est%C3%A1+lanzada+%28Audio%29\">\n<img src=\"https:\/\/labestiadeportiva.com\/lbd\/wp-content\/plugins\/jw-share-this\/twitter.png\" alt=\"Share this page via Twitter\" \/>\n<\/a>\n<\/div>\n","protected":false},"excerpt":{"rendered":"<p>El martes por la noche en instalaciones del \u201cGrande Hotel\u201d se realiz\u00f3 el lanzamiento oficial de la prueba motocicl\u00edstica por excelencia de la Tierra del Fuego. La competencia se realizar\u00e1 el pr\u00f3ximo 24,25 y 26 de marzo. Estuvieron presentes los ganadores de la pasada edici\u00f3n, Jos\u00e9 Fregosini (motos) y Mart\u00edn Bronzovich (cuatriciclos). Desde LBD nos &hellip; <a href=\"https:\/\/labestiadeportiva.com\/lbd\/la-vuelta-esta-lanzada-audio\/\" class=\"more-link\">Seguir leyendo <span class=\"screen-reader-text\">La \u00abVuelta\u00bb est\u00e1 lanzada (Audio)<\/span> <span class=\"meta-nav\">&rarr;<\/span><\/a><\/p>\n","protected":false},"author":1,"featured_media":19248,"comment_status":"open","ping_status":"open","sticky":false,"template":"","format":"standard","meta":[],"categories":[5,4,6,60,2159,1,2536],"tags":[2576,4838,2577,71,2537],"_links":{"self":[{"href":"https:\/\/labestiadeportiva.com\/lbd\/wp-json\/wp\/v2\/posts\/19247"}],"collection":[{"href":"https:\/\/labestiadeportiva.com\/lbd\/wp-json\/wp\/v2\/posts"}],"about":[{"href":"https:\/\/labestiadeportiva.com\/lbd\/wp-json\/wp\/v2\/types\/post"}],"author":[{"embeddable":true,"href":"https:\/\/labestiadeportiva.com\/lbd\/wp-json\/wp\/v2\/users\/1"}],"replies":[{"embeddable":true,"href":"https:\/\/labestiadeportiva.com\/lbd\/wp-json\/wp\/v2\/comments?post=19247"}],"version-history":[{"count":1,"href":"https:\/\/labestiadeportiva.com\/lbd\/wp-json\/wp\/v2\/posts\/19247\/revisions"}],"predecessor-version":[{"id":19249,"href":"https:\/\/labestiadeportiva.com\/lbd\/wp-json\/wp\/v2\/posts\/19247\/revisions\/19249"}],"wp:featuredmedia":[{"embeddable":true,"href":"https:\/\/labestiadeportiva.com\/lbd\/wp-json\/wp\/v2\/media\/19248"}],"wp:attachment":[{"href":"https:\/\/labestiadeportiva.com\/lbd\/wp-json\/wp\/v2\/media?parent=19247"}],"wp:term":[{"taxonomy":"category","embeddable":true,"href":"https:\/\/labestiadeportiva.com\/lbd\/wp-json\/wp\/v2\/categories?post=19247"},{"taxonomy":"post_tag","embeddable":true,"href":"https:\/\/labestiadeportiva.com\/lbd\/wp-json\/wp\/v2\/tags?post=19247"}],"curies":[{"name":"wp","href":"https:\/\/api.w.org\/{rel}","templated":true}]}}