{"id":19250,"date":"2016-03-16T16:51:15","date_gmt":"2016-03-16T19:51:15","guid":{"rendered":"http:\/\/labestiadeportiva.com\/lbd\/?p=19250"},"modified":"2016-03-16T16:51:15","modified_gmt":"2016-03-16T19:51:15","slug":"el-partido-se-juega-esta-programado-para-el-domingo-a-las-cuatro-de-la-tarde-audio","status":"publish","type":"post","link":"https:\/\/labestiadeportiva.com\/lbd\/el-partido-se-juega-esta-programado-para-el-domingo-a-las-cuatro-de-la-tarde-audio\/","title":{"rendered":"\u00abEl partido se juega, est\u00e1 programado para el domingo a las cuatro de la tarde\u00bb (Audio)"},"content":{"rendered":"<p><a href=\"http:\/\/labestiadeportiva.com\/lbd\/wp-content\/uploads\/2016\/03\/944326_1073048329428368_7483944678557550870_n.jpg\"><img loading=\"lazy\" class=\"alignleft size-medium wp-image-19251\" src=\"http:\/\/labestiadeportiva.com\/lbd\/wp-content\/uploads\/2016\/03\/944326_1073048329428368_7483944678557550870_n-300x197.jpg\" alt=\"944326_1073048329428368_7483944678557550870_n\" width=\"300\" height=\"197\" srcset=\"https:\/\/labestiadeportiva.com\/lbd\/wp-content\/uploads\/2016\/03\/944326_1073048329428368_7483944678557550870_n-300x197.jpg 300w, https:\/\/labestiadeportiva.com\/lbd\/wp-content\/uploads\/2016\/03\/944326_1073048329428368_7483944678557550870_n.jpg 718w\" sizes=\"(max-width: 300px) 100vw, 300px\" \/><\/a>Promedia la semana y la situaci\u00f3n sigue siendo complicada en la Tierra del Fuego. Este domingo Camioneros RG recibir\u00e1 en el sint\u00e9tico capitalino a Ferrocarril YCF en el marco del partido de vuelta correspondiente a la segunda fase del Torneo Federal \u201cC\u201d de f\u00fatbol. Desde LBD nos comunicamos con el t\u00e9cnico transportista Guillermo Vargas. La instituci\u00f3n del norte de la isla confirm\u00f3 la contrataci\u00f3n de la seguridad y sanidad para el choque ante los santacruce\u00f1os que fue programado oficialmente por el Consejo Federal de AFA. Compartimos parte de la entrevista lograda este mi\u00e9rcoles en la 94.1 FM del Sur.<!--more--><\/p>\n<p><iframe loading=\"lazy\" src=\"https:\/\/www.youtube.com\/embed\/0PZ6v4rZ3rs\" width=\"420\" height=\"315\" frameborder=\"0\" allowfullscreen=\"allowfullscreen\"><\/iframe><\/p>\n<div class='epvc-post-count'><span class='epvc-eye'><\/span>  <span class=\"epvc-count\"> 1.153<\/span><span class='epvc-label'> veces le\u00edda<\/span><\/div>\n<div class=\"jwsharethis\">\nShare this: \n<br \/>\n<a href=\"mailto:?subject=%C2%ABEl%20partido%20se%20juega%2C%20est%C3%A1%20programado%20para%20el%20domingo%20a%20las%20cuatro%20de%20la%20tarde%C2%BB%20%28Audio%29&amp;body=https%3A%2F%2Flabestiadeportiva.com%2Flbd%2Fel-partido-se-juega-esta-programado-para-el-domingo-a-las-cuatro-de-la-tarde-audio%2F\">\n<img src=\"https:\/\/labestiadeportiva.com\/lbd\/wp-content\/plugins\/jw-share-this\/email.png\" alt=\"Share this page via Email\" \/>\n<\/a>\n<a target=\"_blank\" href=\"http:\/\/www.stumbleupon.com\/submit?url=https%3A%2F%2Flabestiadeportiva.com%2Flbd%2Fel-partido-se-juega-esta-programado-para-el-domingo-a-las-cuatro-de-la-tarde-audio%2F&amp;title=%C2%ABEl+partido+se+juega%2C+est%C3%A1+programado+para+el+domingo+a+las+cuatro+de+la+tarde%C2%BB+%28Audio%29\">\n<img src=\"https:\/\/labestiadeportiva.com\/lbd\/wp-content\/plugins\/jw-share-this\/su.png\" alt=\"Share this page via Stumble Upon\" \/>\n<\/a>\n<a target=\"_blank\" href=\"http:\/\/digg.com\/submit?url=https%3A%2F%2Flabestiadeportiva.com%2Flbd%2Fel-partido-se-juega-esta-programado-para-el-domingo-a-las-cuatro-de-la-tarde-audio%2F&amp;title=%C2%ABEl+partido+se+juega%2C+est%C3%A1+programado+para+el+domingo+a+las+cuatro+de+la+tarde%C2%BB+%28Audio%29\">\n<img src=\"https:\/\/labestiadeportiva.com\/lbd\/wp-content\/plugins\/jw-share-this\/digg.png\" alt=\"Share this page via Digg this\" \/>\n<\/a>\n<a target=\"_blank\" href=\"http:\/\/www.facebook.com\/sharer.php?u=https%3A%2F%2Flabestiadeportiva.com%2Flbd%2Fel-partido-se-juega-esta-programado-para-el-domingo-a-las-cuatro-de-la-tarde-audio%2F&amp;t=%C2%ABEl+partido+se+juega%2C+est%C3%A1+programado+para+el+domingo+a+las+cuatro+de+la+tarde%C2%BB+%28Audio%29\">\n<img src=\"https:\/\/labestiadeportiva.com\/lbd\/wp-content\/plugins\/jw-share-this\/fb.png\" alt=\"Share this page via Facebook\" \/>\n<\/a>\n<a target=\"_blank\" href=\"http:\/\/twitter.com\/intent\/tweet?text=I+like+https%3A%2F%2Flabestiadeportiva.com%2Flbd%2Fel-partido-se-juega-esta-programado-para-el-domingo-a-las-cuatro-de-la-tarde-audio%2F&amp;title=%C2%ABEl+partido+se+juega%2C+est%C3%A1+programado+para+el+domingo+a+las+cuatro+de+la+tarde%C2%BB+%28Audio%29\">\n<img src=\"https:\/\/labestiadeportiva.com\/lbd\/wp-content\/plugins\/jw-share-this\/twitter.png\" alt=\"Share this page via Twitter\" \/>\n<\/a>\n<\/div>\n","protected":false},"excerpt":{"rendered":"<p>Promedia la semana y la situaci\u00f3n sigue siendo complicada en la Tierra del Fuego. Este domingo Camioneros RG recibir\u00e1 en el sint\u00e9tico capitalino a Ferrocarril YCF en el marco del partido de vuelta correspondiente a la segunda fase del Torneo Federal \u201cC\u201d de f\u00fatbol. Desde LBD nos comunicamos con el t\u00e9cnico transportista Guillermo Vargas. La &hellip; <a href=\"https:\/\/labestiadeportiva.com\/lbd\/el-partido-se-juega-esta-programado-para-el-domingo-a-las-cuatro-de-la-tarde-audio\/\" class=\"more-link\">Seguir leyendo <span class=\"screen-reader-text\">\u00abEl partido se juega, est\u00e1 programado para el domingo a las cuatro de la tarde\u00bb (Audio)<\/span> <span class=\"meta-nav\">&rarr;<\/span><\/a><\/p>\n","protected":false},"author":1,"featured_media":19251,"comment_status":"open","ping_status":"open","sticky":false,"template":"","format":"standard","meta":[],"categories":[5,6,60,2491,1],"tags":[2572,2578,4838,17,2346,1352,1926],"_links":{"self":[{"href":"https:\/\/labestiadeportiva.com\/lbd\/wp-json\/wp\/v2\/posts\/19250"}],"collection":[{"href":"https:\/\/labestiadeportiva.com\/lbd\/wp-json\/wp\/v2\/posts"}],"about":[{"href":"https:\/\/labestiadeportiva.com\/lbd\/wp-json\/wp\/v2\/types\/post"}],"author":[{"embeddable":true,"href":"https:\/\/labestiadeportiva.com\/lbd\/wp-json\/wp\/v2\/users\/1"}],"replies":[{"embeddable":true,"href":"https:\/\/labestiadeportiva.com\/lbd\/wp-json\/wp\/v2\/comments?post=19250"}],"version-history":[{"count":1,"href":"https:\/\/labestiadeportiva.com\/lbd\/wp-json\/wp\/v2\/posts\/19250\/revisions"}],"predecessor-version":[{"id":19252,"href":"https:\/\/labestiadeportiva.com\/lbd\/wp-json\/wp\/v2\/posts\/19250\/revisions\/19252"}],"wp:featuredmedia":[{"embeddable":true,"href":"https:\/\/labestiadeportiva.com\/lbd\/wp-json\/wp\/v2\/media\/19251"}],"wp:attachment":[{"href":"https:\/\/labestiadeportiva.com\/lbd\/wp-json\/wp\/v2\/media?parent=19250"}],"wp:term":[{"taxonomy":"category","embeddable":true,"href":"https:\/\/labestiadeportiva.com\/lbd\/wp-json\/wp\/v2\/categories?post=19250"},{"taxonomy":"post_tag","embeddable":true,"href":"https:\/\/labestiadeportiva.com\/lbd\/wp-json\/wp\/v2\/tags?post=19250"}],"curies":[{"name":"wp","href":"https:\/\/api.w.org\/{rel}","templated":true}]}}