{"id":19316,"date":"2016-03-21T18:14:34","date_gmt":"2016-03-21T21:14:34","guid":{"rendered":"http:\/\/labestiadeportiva.com\/lbd\/?p=19316"},"modified":"2016-03-21T18:14:34","modified_gmt":"2016-03-21T21:14:34","slug":"no-estamos-ajenos-al-conflicto-a-pesar-de-las-dudas-seguimos-trabajando-para-que-se-pueda-correr-audio","status":"publish","type":"post","link":"https:\/\/labestiadeportiva.com\/lbd\/no-estamos-ajenos-al-conflicto-a-pesar-de-las-dudas-seguimos-trabajando-para-que-se-pueda-correr-audio\/","title":{"rendered":"\u201cNo estamos ajenos al conflicto, a pesar de las dudas seguimos trabajando para que se pueda correr\u201d (Audio)"},"content":{"rendered":"<p><a href=\"http:\/\/labestiadeportiva.com\/lbd\/wp-content\/uploads\/2016\/03\/1425542_830370117109404_2171199639789328180_n.jpg\"><img loading=\"lazy\" src=\"http:\/\/labestiadeportiva.com\/lbd\/wp-content\/uploads\/2016\/03\/1425542_830370117109404_2171199639789328180_n-300x215.jpg\" alt=\"1425542_830370117109404_2171199639789328180_n\" width=\"300\" height=\"215\" class=\"alignleft size-medium wp-image-19317\" srcset=\"https:\/\/labestiadeportiva.com\/lbd\/wp-content\/uploads\/2016\/03\/1425542_830370117109404_2171199639789328180_n-300x215.jpg 300w, https:\/\/labestiadeportiva.com\/lbd\/wp-content\/uploads\/2016\/03\/1425542_830370117109404_2171199639789328180_n.jpg 489w\" sizes=\"(max-width: 300px) 100vw, 300px\" \/><\/a>Cuando restan tan solo tres d\u00edas para el comienzo de la 33\u00ba edici\u00f3n de la VTDF, el jueves est\u00e1 programado el clasificatorio, la delicada situaci\u00f3n social en la provincial desatada por el conflicto con los gremios estatales sigue presentando m\u00e1s dudas que certezas. Desde LBD nos comunicamos con Germ\u00e1n N\u00fa\u00f1ez m\u00e1ximo responsable de la Comisi\u00f3n Organizadora del MCRG en busca de novedades. Este martes en Tolhuin se realizar\u00e1 una nueva reuni\u00f3n de autoridades. En breve los organizadores informar\u00e1n oficialmente la confirmaci\u00f3n o postergaci\u00f3n de la competencia motocicl\u00edstica. Compartimos parte de la entrevista lograda en la 94.1 FM del Sur. <!--more--><\/p>\n<p><iframe loading=\"lazy\" width=\"420\" height=\"315\" src=\"https:\/\/www.youtube.com\/embed\/N9wYzL7snrk\" frameborder=\"0\" allowfullscreen><\/iframe><\/p>\n<div class='epvc-post-count'><span class='epvc-eye'><\/span>  <span class=\"epvc-count\"> 1.211<\/span><span class='epvc-label'> veces le\u00edda<\/span><\/div>\n<div class=\"jwsharethis\">\nShare this: \n<br \/>\n<a href=\"mailto:?subject=%E2%80%9CNo%20estamos%20ajenos%20al%20conflicto%2C%20a%20pesar%20de%20las%20dudas%20seguimos%20trabajando%20para%20que%20se%20pueda%20correr%E2%80%9D%20%28Audio%29&amp;body=https%3A%2F%2Flabestiadeportiva.com%2Flbd%2Fno-estamos-ajenos-al-conflicto-a-pesar-de-las-dudas-seguimos-trabajando-para-que-se-pueda-correr-audio%2F\">\n<img src=\"https:\/\/labestiadeportiva.com\/lbd\/wp-content\/plugins\/jw-share-this\/email.png\" alt=\"Share this page via Email\" \/>\n<\/a>\n<a target=\"_blank\" href=\"http:\/\/www.stumbleupon.com\/submit?url=https%3A%2F%2Flabestiadeportiva.com%2Flbd%2Fno-estamos-ajenos-al-conflicto-a-pesar-de-las-dudas-seguimos-trabajando-para-que-se-pueda-correr-audio%2F&amp;title=%E2%80%9CNo+estamos+ajenos+al+conflicto%2C+a+pesar+de+las+dudas+seguimos+trabajando+para+que+se+pueda+correr%E2%80%9D+%28Audio%29\">\n<img src=\"https:\/\/labestiadeportiva.com\/lbd\/wp-content\/plugins\/jw-share-this\/su.png\" alt=\"Share this page via Stumble Upon\" \/>\n<\/a>\n<a target=\"_blank\" href=\"http:\/\/digg.com\/submit?url=https%3A%2F%2Flabestiadeportiva.com%2Flbd%2Fno-estamos-ajenos-al-conflicto-a-pesar-de-las-dudas-seguimos-trabajando-para-que-se-pueda-correr-audio%2F&amp;title=%E2%80%9CNo+estamos+ajenos+al+conflicto%2C+a+pesar+de+las+dudas+seguimos+trabajando+para+que+se+pueda+correr%E2%80%9D+%28Audio%29\">\n<img src=\"https:\/\/labestiadeportiva.com\/lbd\/wp-content\/plugins\/jw-share-this\/digg.png\" alt=\"Share this page via Digg this\" \/>\n<\/a>\n<a target=\"_blank\" href=\"http:\/\/www.facebook.com\/sharer.php?u=https%3A%2F%2Flabestiadeportiva.com%2Flbd%2Fno-estamos-ajenos-al-conflicto-a-pesar-de-las-dudas-seguimos-trabajando-para-que-se-pueda-correr-audio%2F&amp;t=%E2%80%9CNo+estamos+ajenos+al+conflicto%2C+a+pesar+de+las+dudas+seguimos+trabajando+para+que+se+pueda+correr%E2%80%9D+%28Audio%29\">\n<img src=\"https:\/\/labestiadeportiva.com\/lbd\/wp-content\/plugins\/jw-share-this\/fb.png\" alt=\"Share this page via Facebook\" \/>\n<\/a>\n<a target=\"_blank\" href=\"http:\/\/twitter.com\/intent\/tweet?text=I+like+https%3A%2F%2Flabestiadeportiva.com%2Flbd%2Fno-estamos-ajenos-al-conflicto-a-pesar-de-las-dudas-seguimos-trabajando-para-que-se-pueda-correr-audio%2F&amp;title=%E2%80%9CNo+estamos+ajenos+al+conflicto%2C+a+pesar+de+las+dudas+seguimos+trabajando+para+que+se+pueda+correr%E2%80%9D+%28Audio%29\">\n<img src=\"https:\/\/labestiadeportiva.com\/lbd\/wp-content\/plugins\/jw-share-this\/twitter.png\" alt=\"Share this page via Twitter\" \/>\n<\/a>\n<\/div>\n","protected":false},"excerpt":{"rendered":"<p>Cuando restan tan solo tres d\u00edas para el comienzo de la 33\u00ba edici\u00f3n de la VTDF, el jueves est\u00e1 programado el clasificatorio, la delicada situaci\u00f3n social en la provincial desatada por el conflicto con los gremios estatales sigue presentando m\u00e1s dudas que certezas. Desde LBD nos comunicamos con Germ\u00e1n N\u00fa\u00f1ez m\u00e1ximo responsable de la Comisi\u00f3n &hellip; <a href=\"https:\/\/labestiadeportiva.com\/lbd\/no-estamos-ajenos-al-conflicto-a-pesar-de-las-dudas-seguimos-trabajando-para-que-se-pueda-correr-audio\/\" class=\"more-link\">Seguir leyendo <span class=\"screen-reader-text\">\u201cNo estamos ajenos al conflicto, a pesar de las dudas seguimos trabajando para que se pueda correr\u201d (Audio)<\/span> <span class=\"meta-nav\">&rarr;<\/span><\/a><\/p>\n","protected":false},"author":1,"featured_media":19317,"comment_status":"open","ping_status":"open","sticky":false,"template":"","format":"standard","meta":[],"categories":[5,4,6,60,2159,1,2536],"tags":[2576,4838,2588,71,2537],"_links":{"self":[{"href":"https:\/\/labestiadeportiva.com\/lbd\/wp-json\/wp\/v2\/posts\/19316"}],"collection":[{"href":"https:\/\/labestiadeportiva.com\/lbd\/wp-json\/wp\/v2\/posts"}],"about":[{"href":"https:\/\/labestiadeportiva.com\/lbd\/wp-json\/wp\/v2\/types\/post"}],"author":[{"embeddable":true,"href":"https:\/\/labestiadeportiva.com\/lbd\/wp-json\/wp\/v2\/users\/1"}],"replies":[{"embeddable":true,"href":"https:\/\/labestiadeportiva.com\/lbd\/wp-json\/wp\/v2\/comments?post=19316"}],"version-history":[{"count":1,"href":"https:\/\/labestiadeportiva.com\/lbd\/wp-json\/wp\/v2\/posts\/19316\/revisions"}],"predecessor-version":[{"id":19318,"href":"https:\/\/labestiadeportiva.com\/lbd\/wp-json\/wp\/v2\/posts\/19316\/revisions\/19318"}],"wp:featuredmedia":[{"embeddable":true,"href":"https:\/\/labestiadeportiva.com\/lbd\/wp-json\/wp\/v2\/media\/19317"}],"wp:attachment":[{"href":"https:\/\/labestiadeportiva.com\/lbd\/wp-json\/wp\/v2\/media?parent=19316"}],"wp:term":[{"taxonomy":"category","embeddable":true,"href":"https:\/\/labestiadeportiva.com\/lbd\/wp-json\/wp\/v2\/categories?post=19316"},{"taxonomy":"post_tag","embeddable":true,"href":"https:\/\/labestiadeportiva.com\/lbd\/wp-json\/wp\/v2\/tags?post=19316"}],"curies":[{"name":"wp","href":"https:\/\/api.w.org\/{rel}","templated":true}]}}