{"id":19420,"date":"2016-03-30T10:49:48","date_gmt":"2016-03-30T13:49:48","guid":{"rendered":"http:\/\/labestiadeportiva.com\/lbd\/?p=19420"},"modified":"2016-03-30T10:51:22","modified_gmt":"2016-03-30T13:51:22","slug":"ferro-y-los-cuervos-mano-a-mano","status":"publish","type":"post","link":"https:\/\/labestiadeportiva.com\/lbd\/ferro-y-los-cuervos-mano-a-mano\/","title":{"rendered":"Ferro y Los Cuervos mano a mano"},"content":{"rendered":"<p><a href=\"http:\/\/labestiadeportiva.com\/lbd\/wp-content\/uploads\/2016\/03\/Imagen-714.jpg\"><img loading=\"lazy\" class=\"alignleft size-medium wp-image-19421\" src=\"http:\/\/labestiadeportiva.com\/lbd\/wp-content\/uploads\/2016\/03\/Imagen-714-300x170.jpg\" alt=\"Imagen 714\" width=\"300\" height=\"170\" srcset=\"https:\/\/labestiadeportiva.com\/lbd\/wp-content\/uploads\/2016\/03\/Imagen-714-300x170.jpg 300w, https:\/\/labestiadeportiva.com\/lbd\/wp-content\/uploads\/2016\/03\/Imagen-714.jpg 800w\" sizes=\"(max-width: 300px) 100vw, 300px\" \/><\/a>El fin de semana se disput\u00f3 la 8\u00ba fecha del torneo apertura de 1\u00ba divisi\u00f3n \u201cA\u201d. Los l\u00edderes ganaron sus compromisos ante Mutual BTF y La UOM. Tambi\u00e9n ganaron Centro Galicia, Mercantil y CAEF.<!--more--><\/p>\n<p>Cuando a la primera competencia de la temporada le quedan tan solo tres jornadas Filial Ferro y Los Cuervos FDM le han sacado una peque\u00f1a luz de diferencia al resto de los clubes participantes. Centro Galicia y Arturo Prat tienen su encuentro pendiente.<\/p>\n<p>Filial Ferro dio vuelta el choque ante los bancarios que perd\u00eda 3 a 1 finalizando con un ten\u00edstico resultado a favor de 6 a 4. M\u00e1s all\u00e1 del susto sigue en carrera en fusca de su primer t\u00edtulo en la \u00abA\u00bb. Lo de los bancarios es nada m\u00e1s que discreto sumando nueve puntos en ocho presentaciones.<\/p>\n<p><a href=\"http:\/\/labestiadeportiva.com\/lbd\/wp-content\/uploads\/2016\/03\/Imagen-720.jpg\"><img loading=\"lazy\" class=\"aligncenter size-medium wp-image-19422\" src=\"http:\/\/labestiadeportiva.com\/lbd\/wp-content\/uploads\/2016\/03\/Imagen-720-300x142.jpg\" alt=\"Imagen 720\" width=\"300\" height=\"142\" srcset=\"https:\/\/labestiadeportiva.com\/lbd\/wp-content\/uploads\/2016\/03\/Imagen-720-300x142.jpg 300w, https:\/\/labestiadeportiva.com\/lbd\/wp-content\/uploads\/2016\/03\/Imagen-720-520x245.jpg 520w, https:\/\/labestiadeportiva.com\/lbd\/wp-content\/uploads\/2016\/03\/Imagen-720-720x340.jpg 720w, https:\/\/labestiadeportiva.com\/lbd\/wp-content\/uploads\/2016\/03\/Imagen-720.jpg 800w\" sizes=\"(max-width: 300px) 100vw, 300px\" \/><\/a>El juvenil plantel del CAEF sum\u00f3 de a tres despu\u00e9s de mucho tiempo. Los de Gentilo golearon a Prat saliendo moment\u00e1neamente de los \u00faltimos puestos de la tabla.<\/p>\n<p>Centro Galicia venci\u00f3 a Lasserre FC por 4 a 3. Los gallegos se mantienen a la expectativa. Cabe recordar que tienen su juego pendiente ante Prat, de ganarlo alcanzar\u00e1n a Mercantil en el tercer escal\u00f3n de las posiciones.<\/p>\n<p>Por el lado de Lasserre sorprende su baja producci\u00f3n, en la actualidad tiene una marcada baja futbol\u00edstica que lo tiene sorpresivamente en los puestos m\u00e1s bajos.<\/p>\n<p>Campolter, o Deportivo Empate, el \u201cGallo\u201d ya suma tres igualdades en l\u00ednea. Esta vez fue en dos tantos ante el plantel camionero. Ambos equipos se encuentran realizando un discreto torneo viajando en mitad de tabla sin expectativas ni presiones.<\/p>\n<p><a href=\"http:\/\/labestiadeportiva.com\/lbd\/wp-content\/uploads\/2016\/03\/Imagen-726.jpg\"><img loading=\"lazy\" class=\"aligncenter size-medium wp-image-19423\" src=\"http:\/\/labestiadeportiva.com\/lbd\/wp-content\/uploads\/2016\/03\/Imagen-726-300x194.jpg\" alt=\"Imagen 726\" width=\"300\" height=\"194\" srcset=\"https:\/\/labestiadeportiva.com\/lbd\/wp-content\/uploads\/2016\/03\/Imagen-726-300x194.jpg 300w, https:\/\/labestiadeportiva.com\/lbd\/wp-content\/uploads\/2016\/03\/Imagen-726.jpg 800w\" sizes=\"(max-width: 300px) 100vw, 300px\" \/><\/a>Trabajada victoria del plantel azulgrana, fue por la m\u00ednima ante La UOM con gol del defensor Hern\u00e1n Artusa. Sin sobrarle nada a Los Cuervos el triunfo le permite seguir acompa\u00f1ando en el liderato a Filial Ferro. Por el lado de los metal\u00fargicos la derrota pr\u00e1cticamente lo deja al margen de la lucha por el campeonato.<\/p>\n<p>Mercantil gole\u00f3 sin inconveniente a El Fort\u00edn. Los mercantiles suman 14 unidades y el tercer lugar, los resultados de la pr\u00f3xima fecha definir\u00e1n si seguir\u00e1n luchando el torneo hasta el final o se bajar\u00e1n por anticipado. El Fort\u00edn esta \u00faltimo con 5 puntos en ocho presentaciones demostrando que nunca se pudo adaptar a la principal categor\u00eda.<\/p>\n<p>Con solo nueve puntos por jugar Filial Ferro y Los Cuervos FDM parecen estar en un claro mano a mano, cabe aclarar que en el partido entre s\u00ed igualaron en un tanto.<\/p>\n<p><a href=\"http:\/\/labestiadeportiva.com\/lbd\/wp-content\/uploads\/2016\/03\/Imagen-722.jpg\"><img loading=\"lazy\" class=\"aligncenter size-medium wp-image-19424\" src=\"http:\/\/labestiadeportiva.com\/lbd\/wp-content\/uploads\/2016\/03\/Imagen-722-300x164.jpg\" alt=\"Imagen 722\" width=\"300\" height=\"164\" srcset=\"https:\/\/labestiadeportiva.com\/lbd\/wp-content\/uploads\/2016\/03\/Imagen-722-300x164.jpg 300w, https:\/\/labestiadeportiva.com\/lbd\/wp-content\/uploads\/2016\/03\/Imagen-722.jpg 800w\" sizes=\"(max-width: 300px) 100vw, 300px\" \/><\/a>El hist\u00f3rico campe\u00f3n sumar\u00e1 una nueva estrella? o habr\u00e1 llegado el turno del joven plantel de Ferro?&#8230;se\u00f1ores hagan sus apuestas!<\/p>\n<p><span style=\"color: #0000ff;\">Resultados (8\u00ba Fecha)<\/span><br \/>\nCamioneros 2 Campolter 2<br \/>\nCAEF 4 Arturo Prat 0<br \/>\nCentro Galicia 4 Lasserre FC 3<br \/>\nFilial Ferro 6 Mutual BTF 4<br \/>\nLos Cuervos FDM 1 La UOM 0<br \/>\nMercantil 5 El Fort\u00edn 1<\/p>\n<p><span style=\"color: #0000ff;\">Posiciones Actualizadas<\/span><br \/>\n1\u00ba \u201cA\u201d<br \/>\nEquipos PJ Pts.<br \/>\n<span style=\"color: #ff0000;\">Filial Ferro 8 19<\/span><br \/>\n<span style=\"color: #ff0000;\">Los Cuervos FDM 8 19<\/span><br \/>\nMercantil 8 14<br \/>\nLa UOM 8 13<br \/>\nCentro Galicia 7 11*<br \/>\nCampolter 8 11<br \/>\nCamioneros 8 10<br \/>\nMutual BTF 8 9<br \/>\nCAEF 8 6<br \/>\nLasserre FC 8 6<br \/>\nArturo Prat 7 5*<br \/>\nEl Fort\u00edn 8 5<br \/>\n(*Centro Galicia y Arturo Prat tienen su encuentro postergado).<\/p>\n<div class='epvc-post-count'><span class='epvc-eye'><\/span>  <span class=\"epvc-count\"> 1.246<\/span><span class='epvc-label'> veces le\u00edda<\/span><\/div>\n<div class=\"jwsharethis\">\nShare this: \n<br \/>\n<a href=\"mailto:?subject=Ferro%20y%20Los%20Cuervos%20mano%20a%20mano&amp;body=https%3A%2F%2Flabestiadeportiva.com%2Flbd%2Fferro-y-los-cuervos-mano-a-mano%2F\">\n<img src=\"https:\/\/labestiadeportiva.com\/lbd\/wp-content\/plugins\/jw-share-this\/email.png\" alt=\"Share this page via Email\" \/>\n<\/a>\n<a target=\"_blank\" href=\"http:\/\/www.stumbleupon.com\/submit?url=https%3A%2F%2Flabestiadeportiva.com%2Flbd%2Fferro-y-los-cuervos-mano-a-mano%2F&amp;title=Ferro+y+Los+Cuervos+mano+a+mano\">\n<img src=\"https:\/\/labestiadeportiva.com\/lbd\/wp-content\/plugins\/jw-share-this\/su.png\" alt=\"Share this page via Stumble Upon\" \/>\n<\/a>\n<a target=\"_blank\" href=\"http:\/\/digg.com\/submit?url=https%3A%2F%2Flabestiadeportiva.com%2Flbd%2Fferro-y-los-cuervos-mano-a-mano%2F&amp;title=Ferro+y+Los+Cuervos+mano+a+mano\">\n<img src=\"https:\/\/labestiadeportiva.com\/lbd\/wp-content\/plugins\/jw-share-this\/digg.png\" alt=\"Share this page via Digg this\" \/>\n<\/a>\n<a target=\"_blank\" href=\"http:\/\/www.facebook.com\/sharer.php?u=https%3A%2F%2Flabestiadeportiva.com%2Flbd%2Fferro-y-los-cuervos-mano-a-mano%2F&amp;t=Ferro+y+Los+Cuervos+mano+a+mano\">\n<img src=\"https:\/\/labestiadeportiva.com\/lbd\/wp-content\/plugins\/jw-share-this\/fb.png\" alt=\"Share this page via Facebook\" \/>\n<\/a>\n<a target=\"_blank\" href=\"http:\/\/twitter.com\/intent\/tweet?text=I+like+https%3A%2F%2Flabestiadeportiva.com%2Flbd%2Fferro-y-los-cuervos-mano-a-mano%2F&amp;title=Ferro+y+Los+Cuervos+mano+a+mano\">\n<img src=\"https:\/\/labestiadeportiva.com\/lbd\/wp-content\/plugins\/jw-share-this\/twitter.png\" alt=\"Share this page via Twitter\" \/>\n<\/a>\n<\/div>\n","protected":false},"excerpt":{"rendered":"<p>El fin de semana se disput\u00f3 la 8\u00ba fecha del torneo apertura de 1\u00ba divisi\u00f3n \u201cA\u201d. Los l\u00edderes ganaron sus compromisos ante Mutual BTF y La UOM. Tambi\u00e9n ganaron Centro Galicia, Mercantil y CAEF. 1.246 veces le\u00edda Share this:<\/p>\n","protected":false},"author":1,"featured_media":19421,"comment_status":"open","ping_status":"open","sticky":false,"template":"","format":"standard","meta":[],"categories":[5,2439,1],"tags":[2310,2598,17,48,1091],"_links":{"self":[{"href":"https:\/\/labestiadeportiva.com\/lbd\/wp-json\/wp\/v2\/posts\/19420"}],"collection":[{"href":"https:\/\/labestiadeportiva.com\/lbd\/wp-json\/wp\/v2\/posts"}],"about":[{"href":"https:\/\/labestiadeportiva.com\/lbd\/wp-json\/wp\/v2\/types\/post"}],"author":[{"embeddable":true,"href":"https:\/\/labestiadeportiva.com\/lbd\/wp-json\/wp\/v2\/users\/1"}],"replies":[{"embeddable":true,"href":"https:\/\/labestiadeportiva.com\/lbd\/wp-json\/wp\/v2\/comments?post=19420"}],"version-history":[{"count":2,"href":"https:\/\/labestiadeportiva.com\/lbd\/wp-json\/wp\/v2\/posts\/19420\/revisions"}],"predecessor-version":[{"id":19426,"href":"https:\/\/labestiadeportiva.com\/lbd\/wp-json\/wp\/v2\/posts\/19420\/revisions\/19426"}],"wp:featuredmedia":[{"embeddable":true,"href":"https:\/\/labestiadeportiva.com\/lbd\/wp-json\/wp\/v2\/media\/19421"}],"wp:attachment":[{"href":"https:\/\/labestiadeportiva.com\/lbd\/wp-json\/wp\/v2\/media?parent=19420"}],"wp:term":[{"taxonomy":"category","embeddable":true,"href":"https:\/\/labestiadeportiva.com\/lbd\/wp-json\/wp\/v2\/categories?post=19420"},{"taxonomy":"post_tag","embeddable":true,"href":"https:\/\/labestiadeportiva.com\/lbd\/wp-json\/wp\/v2\/tags?post=19420"}],"curies":[{"name":"wp","href":"https:\/\/api.w.org\/{rel}","templated":true}]}}