{"id":19591,"date":"2016-04-11T12:17:08","date_gmt":"2016-04-11T15:17:08","guid":{"rendered":"http:\/\/labestiadeportiva.com\/lbd\/?p=19591"},"modified":"2016-04-11T12:17:08","modified_gmt":"2016-04-11T15:17:08","slug":"delbonis-y-monaco-campeones-el-mismo-dia","status":"publish","type":"post","link":"https:\/\/labestiadeportiva.com\/lbd\/delbonis-y-monaco-campeones-el-mismo-dia\/","title":{"rendered":"Delbonis y M\u00f3naco campeones el mismo d\u00eda"},"content":{"rendered":"<p>Por Mat\u00edas Pouso (Corresponsal LBD en CABA)<\/p>\n<p><a href=\"http:\/\/labestiadeportiva.com\/lbd\/wp-content\/uploads\/2016\/04\/13007169_10154180609763701_2718026483737120947_n.jpg\"><img loading=\"lazy\" class=\"alignleft size-medium wp-image-19592\" src=\"http:\/\/labestiadeportiva.com\/lbd\/wp-content\/uploads\/2016\/04\/13007169_10154180609763701_2718026483737120947_n-300x157.jpg\" alt=\"13007169_10154180609763701_2718026483737120947_n\" width=\"300\" height=\"157\" srcset=\"https:\/\/labestiadeportiva.com\/lbd\/wp-content\/uploads\/2016\/04\/13007169_10154180609763701_2718026483737120947_n-300x157.jpg 300w, https:\/\/labestiadeportiva.com\/lbd\/wp-content\/uploads\/2016\/04\/13007169_10154180609763701_2718026483737120947_n.jpg 960w\" sizes=\"(max-width: 300px) 100vw, 300px\" \/><\/a>Juan M\u00f3naco alz\u00f3 el trofeo del ATP 250 de Houston tan solo un par de horas despu\u00e9s de que Federico Delbonis hiciera lo propio en Marrakech. Y como si estos dos t\u00edtulos fueran poco, Guillermo Dur\u00e1n y M\u00e1ximo Gonz\u00e1lez se coronaron en el dobles del ATP marroqu\u00ed.<!--more--><\/p>\n<p>Fueron 2639 d\u00edas los que pasaron desde la \u00faltima vez que dos tenistas argentinos se consagraran campeones de un torneo ATP el mismo fin de semana.<\/p>\n<p>El 18 de enero del 2009 David Nalbandian levantaba el trofeo en S\u00eddney casi en simult\u00e1neo a que Juan Mart\u00edn Del Potro hiciera lo propio en Auckland.<\/p>\n<p>La mala racha se cort\u00f3 este domingo con los logros conseguidos por Fede Delbonis en Marrakech y Pico M\u00f3naco en Houston.<\/p>\n<p>El zurdo nacido en Azul, Provincia de Buenos Aires, super\u00f3 en la final del Grand Prix Hassan II al croata Borna Coric por 6-2 y 6-4 en poco menos de una hora y media de juego.<\/p>\n<p><a href=\"http:\/\/labestiadeportiva.com\/lbd\/wp-content\/uploads\/2016\/04\/12512643_10154180647518701_1855999588943632516_n.jpg\"><img loading=\"lazy\" class=\"aligncenter size-medium wp-image-19593\" src=\"http:\/\/labestiadeportiva.com\/lbd\/wp-content\/uploads\/2016\/04\/12512643_10154180647518701_1855999588943632516_n-300x157.jpg\" alt=\"12512643_10154180647518701_1855999588943632516_n\" width=\"300\" height=\"157\" srcset=\"https:\/\/labestiadeportiva.com\/lbd\/wp-content\/uploads\/2016\/04\/12512643_10154180647518701_1855999588943632516_n-300x157.jpg 300w, https:\/\/labestiadeportiva.com\/lbd\/wp-content\/uploads\/2016\/04\/12512643_10154180647518701_1855999588943632516_n.jpg 960w\" sizes=\"(max-width: 300px) 100vw, 300px\" \/><\/a>Delbo no cedi\u00f3 ni un set en su camino al triunfo final, confirmando su gran momento en el circuito.<\/p>\n<p>Este fue el segundo t\u00edtulo para el zurdo, luego del obtenido hace dos temporadas en San Pablo; adem\u00e1s fue finalista en Hamburgo y Niza, todos torneos disputados sobre polvo de ladrillo.<\/p>\n<p>Los 250 puntos ganados esta semana lo depositaron en el puesto n\u00famero 36 del ranking, cerca de su mejor ubicaci\u00f3n en el mismo (34\u00b0 en mayo del 2014).<\/p>\n<p>Por su parte, Pico M\u00f3naco se impuso en la final de Houston al campe\u00f3n defensor Jack Sock por 3-6, 6-3 y 7-5. Esta fue la segunda vez que el tandilense festeja el t\u00edtulo en la ciudad tejana, luego de coronarse en 2012 tras vencer a John Isner en la final.<\/p>\n<p><a href=\"http:\/\/labestiadeportiva.com\/lbd\/wp-content\/uploads\/2016\/04\/el-circuito-atp-1741678w620.jpg\"><img loading=\"lazy\" class=\"aligncenter size-medium wp-image-19594\" src=\"http:\/\/labestiadeportiva.com\/lbd\/wp-content\/uploads\/2016\/04\/el-circuito-atp-1741678w620-300x200.jpg\" alt=\"el-circuito-atp-1741678w620\" width=\"300\" height=\"200\" srcset=\"https:\/\/labestiadeportiva.com\/lbd\/wp-content\/uploads\/2016\/04\/el-circuito-atp-1741678w620-300x200.jpg 300w, https:\/\/labestiadeportiva.com\/lbd\/wp-content\/uploads\/2016\/04\/el-circuito-atp-1741678w620.jpg 620w\" sizes=\"(max-width: 300px) 100vw, 300px\" \/><\/a>Es el octavo trofeo que gana sobre polvo de ladrillo, tras los conseguidos en Kitzb\u00fchel, P\u00f6rtschach y Buenos Aires (2007); Hamburgo, Houston y Vi\u00f1a del Mar (2012); y Dusseldorf (2013). Completa su palmar\u00e9s el t\u00edtulo en Kuala Lumpur sobre cemento obtenido en 2012.<\/p>\n<p>Gracias a las victorias de M\u00f3naco y Delbonis, el tenis argentino lleg\u00f3 a un total de 213 trofeos en la rama individual en toda la historia. Adem\u00e1s, M\u00f3naco igual\u00f3 los nueve trofeos de Guillermo Coria y Guillermo P\u00e9rez Rold\u00e1n, y qued\u00f3 a solo dos de distancia de David Nalbandian.<\/p>\n<p>Pico descansar\u00e1 esta semana, pero Delbonis ya se encuentra en Montecarlo para disputar el primer Masters 1000 sobre polvo de ladrillo del a\u00f1o, su rival ser\u00e1 el espa\u00f1ol Fernando Verdasco.<\/p>\n<p>Guido Pella ser\u00e1 el otro argentino que saldr\u00e1 a la cancha en el principado, su rival ser\u00e1 el franc\u00e9s Pierre-Hugues Herbert.<\/p>\n<p><a href=\"http:\/\/labestiadeportiva.com\/lbd\/wp-content\/uploads\/2016\/04\/monaco.jpg\"><img loading=\"lazy\" class=\"aligncenter size-medium wp-image-19595\" src=\"http:\/\/labestiadeportiva.com\/lbd\/wp-content\/uploads\/2016\/04\/monaco-300x184.jpg\" alt=\"monaco\" width=\"300\" height=\"184\" srcset=\"https:\/\/labestiadeportiva.com\/lbd\/wp-content\/uploads\/2016\/04\/monaco-300x184.jpg 300w, https:\/\/labestiadeportiva.com\/lbd\/wp-content\/uploads\/2016\/04\/monaco.jpg 986w\" sizes=\"(max-width: 300px) 100vw, 300px\" \/><\/a><\/p>\n<div class='epvc-post-count'><span class='epvc-eye'><\/span>  <span class=\"epvc-count\"> 1.197<\/span><span class='epvc-label'> veces le\u00edda<\/span><\/div>\n<div class=\"jwsharethis\">\nShare this: \n<br \/>\n<a href=\"mailto:?subject=Delbonis%20y%20M%C3%B3naco%20campeones%20el%20mismo%20d%C3%ADa&amp;body=https%3A%2F%2Flabestiadeportiva.com%2Flbd%2Fdelbonis-y-monaco-campeones-el-mismo-dia%2F\">\n<img src=\"https:\/\/labestiadeportiva.com\/lbd\/wp-content\/plugins\/jw-share-this\/email.png\" alt=\"Share this page via Email\" \/>\n<\/a>\n<a target=\"_blank\" href=\"http:\/\/www.stumbleupon.com\/submit?url=https%3A%2F%2Flabestiadeportiva.com%2Flbd%2Fdelbonis-y-monaco-campeones-el-mismo-dia%2F&amp;title=Delbonis+y+M%C3%B3naco+campeones+el+mismo+d%C3%ADa\">\n<img src=\"https:\/\/labestiadeportiva.com\/lbd\/wp-content\/plugins\/jw-share-this\/su.png\" alt=\"Share this page via Stumble Upon\" \/>\n<\/a>\n<a target=\"_blank\" href=\"http:\/\/digg.com\/submit?url=https%3A%2F%2Flabestiadeportiva.com%2Flbd%2Fdelbonis-y-monaco-campeones-el-mismo-dia%2F&amp;title=Delbonis+y+M%C3%B3naco+campeones+el+mismo+d%C3%ADa\">\n<img src=\"https:\/\/labestiadeportiva.com\/lbd\/wp-content\/plugins\/jw-share-this\/digg.png\" alt=\"Share this page via Digg this\" \/>\n<\/a>\n<a target=\"_blank\" href=\"http:\/\/www.facebook.com\/sharer.php?u=https%3A%2F%2Flabestiadeportiva.com%2Flbd%2Fdelbonis-y-monaco-campeones-el-mismo-dia%2F&amp;t=Delbonis+y+M%C3%B3naco+campeones+el+mismo+d%C3%ADa\">\n<img src=\"https:\/\/labestiadeportiva.com\/lbd\/wp-content\/plugins\/jw-share-this\/fb.png\" alt=\"Share this page via Facebook\" \/>\n<\/a>\n<a target=\"_blank\" href=\"http:\/\/twitter.com\/intent\/tweet?text=I+like+https%3A%2F%2Flabestiadeportiva.com%2Flbd%2Fdelbonis-y-monaco-campeones-el-mismo-dia%2F&amp;title=Delbonis+y+M%C3%B3naco+campeones+el+mismo+d%C3%ADa\">\n<img src=\"https:\/\/labestiadeportiva.com\/lbd\/wp-content\/plugins\/jw-share-this\/twitter.png\" alt=\"Share this page via Twitter\" \/>\n<\/a>\n<\/div>\n","protected":false},"excerpt":{"rendered":"<p>Por Mat\u00edas Pouso (Corresponsal LBD en CABA) Juan M\u00f3naco alz\u00f3 el trofeo del ATP 250 de Houston tan solo un par de horas despu\u00e9s de que Federico Delbonis hiciera lo propio en Marrakech. Y como si estos dos t\u00edtulos fueran poco, Guillermo Dur\u00e1n y M\u00e1ximo Gonz\u00e1lez se coronaron en el dobles del ATP marroqu\u00ed. 1.197 &hellip; <a href=\"https:\/\/labestiadeportiva.com\/lbd\/delbonis-y-monaco-campeones-el-mismo-dia\/\" class=\"more-link\">Seguir leyendo <span class=\"screen-reader-text\">Delbonis y M\u00f3naco campeones el mismo d\u00eda<\/span> <span class=\"meta-nav\">&rarr;<\/span><\/a><\/p>\n","protected":false},"author":1,"featured_media":19592,"comment_status":"open","ping_status":"open","sticky":false,"template":"","format":"standard","meta":[],"categories":[4,1,39],"tags":[83,4835],"_links":{"self":[{"href":"https:\/\/labestiadeportiva.com\/lbd\/wp-json\/wp\/v2\/posts\/19591"}],"collection":[{"href":"https:\/\/labestiadeportiva.com\/lbd\/wp-json\/wp\/v2\/posts"}],"about":[{"href":"https:\/\/labestiadeportiva.com\/lbd\/wp-json\/wp\/v2\/types\/post"}],"author":[{"embeddable":true,"href":"https:\/\/labestiadeportiva.com\/lbd\/wp-json\/wp\/v2\/users\/1"}],"replies":[{"embeddable":true,"href":"https:\/\/labestiadeportiva.com\/lbd\/wp-json\/wp\/v2\/comments?post=19591"}],"version-history":[{"count":1,"href":"https:\/\/labestiadeportiva.com\/lbd\/wp-json\/wp\/v2\/posts\/19591\/revisions"}],"predecessor-version":[{"id":19596,"href":"https:\/\/labestiadeportiva.com\/lbd\/wp-json\/wp\/v2\/posts\/19591\/revisions\/19596"}],"wp:featuredmedia":[{"embeddable":true,"href":"https:\/\/labestiadeportiva.com\/lbd\/wp-json\/wp\/v2\/media\/19592"}],"wp:attachment":[{"href":"https:\/\/labestiadeportiva.com\/lbd\/wp-json\/wp\/v2\/media?parent=19591"}],"wp:term":[{"taxonomy":"category","embeddable":true,"href":"https:\/\/labestiadeportiva.com\/lbd\/wp-json\/wp\/v2\/categories?post=19591"},{"taxonomy":"post_tag","embeddable":true,"href":"https:\/\/labestiadeportiva.com\/lbd\/wp-json\/wp\/v2\/tags?post=19591"}],"curies":[{"name":"wp","href":"https:\/\/api.w.org\/{rel}","templated":true}]}}