{"id":19705,"date":"2016-04-19T15:41:09","date_gmt":"2016-04-19T18:41:09","guid":{"rendered":"http:\/\/labestiadeportiva.com\/lbd\/?p=19705"},"modified":"2016-04-19T15:41:09","modified_gmt":"2016-04-19T18:41:09","slug":"el-rey-nadal-volvio-en-montecarlo","status":"publish","type":"post","link":"https:\/\/labestiadeportiva.com\/lbd\/el-rey-nadal-volvio-en-montecarlo\/","title":{"rendered":"El \u00abRey\u00bb Nadal volvi\u00f3 en Montecarlo"},"content":{"rendered":"<p>Por Mat\u00edas Pouso (Corresponsal LBD en CABA)<\/p>\n<p><a href=\"http:\/\/labestiadeportiva.com\/lbd\/wp-content\/uploads\/2016\/04\/campeon-montecarlo-nadal-2016-2.jpg\"><img loading=\"lazy\" class=\"alignleft size-medium wp-image-19706\" src=\"http:\/\/labestiadeportiva.com\/lbd\/wp-content\/uploads\/2016\/04\/campeon-montecarlo-nadal-2016-2-300x198.jpg\" alt=\"campeon-montecarlo-nadal-2016-2\" width=\"300\" height=\"198\" srcset=\"https:\/\/labestiadeportiva.com\/lbd\/wp-content\/uploads\/2016\/04\/campeon-montecarlo-nadal-2016-2-300x198.jpg 300w, https:\/\/labestiadeportiva.com\/lbd\/wp-content\/uploads\/2016\/04\/campeon-montecarlo-nadal-2016-2-1024x676.jpg 1024w, https:\/\/labestiadeportiva.com\/lbd\/wp-content\/uploads\/2016\/04\/campeon-montecarlo-nadal-2016-2.jpg 1286w\" sizes=\"(max-width: 300px) 100vw, 300px\" \/><\/a>El espa\u00f1ol venci\u00f3 en la final de Montecarlo al franc\u00e9s Gael Monfils por 7-5, 5-7 y 6-0 tras 2 horas y 46 minutos. Igual\u00f3 los 28 t\u00edtulos de Masters 1000 de Djokovic y cort\u00f3 una sequ\u00eda de 259 d\u00edas sin t\u00edtulos desde que se impuso a Fabio Fognini en el ATP 500 de Hamburgo.<!--more--><\/p>\n<p>El Principado de M\u00f3naco siempre va a ser un lugar en donde Rafael Nadal va a sentirse un Rey, ah\u00ed fue donde mordi\u00f3 su primer trofeo de Masters 1000 en el a\u00f1o 2005, y donde este domingo levant\u00f3 el n\u00famero 28, igualando a Novak Djokovic en el podio de los m\u00e1s ganadores de esta categor\u00eda.<\/p>\n<p>En la cent\u00e9sima final de su carrera, el nacido en Manacor consigui\u00f3 su t\u00edtulo n\u00famero 68 como profesional, y el 48 sobre polvo de ladrillo, quedando a tan solo uno de Guillermo Vilas, m\u00e1ximo ganador en esta superficie. Las nueve coronas de Rafa en Montecarlo, igualan sus conseguidas en Roland Garros, que sigue siendo el gran objetivo del a\u00f1o para el ex n\u00famero 1 del mundo.<\/p>\n<p>En la previa de la final de este domingo, el gran favorito sin atenuantes era Nadal por razones m\u00e1s que obvias. Nadie conoce mejor que \u00e9l los recovecos de las cancha de arcilla y sobre esta superficie Monfils nunca hab\u00eda logrado ara\u00f1arle siquiera un set en sus cuatro enfrentamientos. La carta que deb\u00eda jugar el franc\u00e9s era la de su juego repleto de sorpresas y sin un guion predeterminado, tratando de agarrar a contrapi\u00e9 a Nadal.<\/p>\n<p>Mientras el galo comenz\u00f3 la definici\u00f3n pasando bolas, Nadal dominaba desde el control. Con un juego muy sobrio, el ib\u00e9rico fue adue\u00f1\u00e1ndose de la situaci\u00f3n poco a poco. Quebr\u00f3 dos veces el saque de Monfils (para 3-1 y 5-3), pero no consigui\u00f3 defender ninguno de esos breaks.<\/p>\n<p><a href=\"http:\/\/labestiadeportiva.com\/lbd\/wp-content\/uploads\/2016\/04\/7dc55ea391295813960f6a7067000592_tx600.jpg\"><img loading=\"lazy\" class=\"aligncenter size-medium wp-image-19707\" src=\"http:\/\/labestiadeportiva.com\/lbd\/wp-content\/uploads\/2016\/04\/7dc55ea391295813960f6a7067000592_tx600-300x190.jpg\" alt=\"7dc55ea391295813960f6a7067000592_tx600\" width=\"300\" height=\"190\" srcset=\"https:\/\/labestiadeportiva.com\/lbd\/wp-content\/uploads\/2016\/04\/7dc55ea391295813960f6a7067000592_tx600-300x190.jpg 300w, https:\/\/labestiadeportiva.com\/lbd\/wp-content\/uploads\/2016\/04\/7dc55ea391295813960f6a7067000592_tx600.jpg 946w\" sizes=\"(max-width: 300px) 100vw, 300px\" \/><\/a>El franc\u00e9s subi\u00f3 una marcha y rescat\u00f3 con sus grandes zancadas algunas bolas casi imposibles. Pero todo lo bien que hizo para empardar el score, lo tir\u00f3 al tacho entregando el set con varios errores conceptuales y una doble falta que le permiti\u00f3 a Rafa adjudicarse la primera manga.<\/p>\n<p>A pesar de la fatiga claramente demostrada, el parisino resisti\u00f3 a partir del segundo set, impuso su derecha y castig\u00f3 el rev\u00e9s de Nadal, que tuvo una escasa productividad de tiros ganadores (solos seis en la manga) y que baj\u00f3 notablemente la agresividad con su servicio.<\/p>\n<p>As\u00ed, a los tumbos, se repuso Monfils. Quebr\u00f3 para ponerse 2-1 e inmediatamente despu\u00e9s para el 4-3. A pesar de la resistencia del espa\u00f1ol, la Pantera se impuso 7-5 y estir\u00f3 la definici\u00f3n a un tercer set.<\/p>\n<p>El sol ya hab\u00eda ca\u00eddo en Montecarlo, la humedad empast\u00f3 la cancha y la pelota hab\u00eda perdido potencia, circunstancia que a priori no le beneficiaba al de Manacor, pero nada lo sacaba de su objetivo final. Era su definici\u00f3n n\u00famero 100, la d\u00e9cima en el Principado, y la posibilidad de volver a elevar un trofeo mayor era demasiado tentadora.<\/p>\n<p>Quebr\u00f3 el primer juego de servicio del franc\u00e9s y desde ah\u00ed, como una topadora, pas\u00f3 por arriba los sue\u00f1os de Monfils y, con un terrible drive paralelo, se encamin\u00f3 definitivamente hac\u00eda su noveno t\u00edtulo en Montecarlo, donde con 16 a\u00f1os levant\u00f3 su primer premio grande. Ahora, 11 despu\u00e9s, vuelve a festejar y a morder un trofeo que ya conoce de memoria.<\/p>\n<p><a href=\"http:\/\/labestiadeportiva.com\/lbd\/wp-content\/uploads\/2016\/04\/Nadal-a-octavos-en-Montecarlo-700x394.jpg\"><img loading=\"lazy\" class=\"aligncenter size-medium wp-image-19708\" src=\"http:\/\/labestiadeportiva.com\/lbd\/wp-content\/uploads\/2016\/04\/Nadal-a-octavos-en-Montecarlo-700x394-300x169.jpg\" alt=\"Nadal-a-octavos-en-Montecarlo-700x394\" width=\"300\" height=\"169\" srcset=\"https:\/\/labestiadeportiva.com\/lbd\/wp-content\/uploads\/2016\/04\/Nadal-a-octavos-en-Montecarlo-700x394-300x169.jpg 300w, https:\/\/labestiadeportiva.com\/lbd\/wp-content\/uploads\/2016\/04\/Nadal-a-octavos-en-Montecarlo-700x394.jpg 700w\" sizes=\"(max-width: 300px) 100vw, 300px\" \/><\/a><\/p>\n<div class='epvc-post-count'><span class='epvc-eye'><\/span>  <span class=\"epvc-count\"> 1.102<\/span><span class='epvc-label'> veces le\u00edda<\/span><\/div>\n<div class=\"jwsharethis\">\nShare this: \n<br \/>\n<a href=\"mailto:?subject=El%20%C2%ABRey%C2%BB%20Nadal%20volvi%C3%B3%20en%20Montecarlo&amp;body=https%3A%2F%2Flabestiadeportiva.com%2Flbd%2Fel-rey-nadal-volvio-en-montecarlo%2F\">\n<img src=\"https:\/\/labestiadeportiva.com\/lbd\/wp-content\/plugins\/jw-share-this\/email.png\" alt=\"Share this page via Email\" \/>\n<\/a>\n<a target=\"_blank\" href=\"http:\/\/www.stumbleupon.com\/submit?url=https%3A%2F%2Flabestiadeportiva.com%2Flbd%2Fel-rey-nadal-volvio-en-montecarlo%2F&amp;title=El+%C2%ABRey%C2%BB+Nadal+volvi%C3%B3+en+Montecarlo\">\n<img src=\"https:\/\/labestiadeportiva.com\/lbd\/wp-content\/plugins\/jw-share-this\/su.png\" alt=\"Share this page via Stumble Upon\" \/>\n<\/a>\n<a target=\"_blank\" href=\"http:\/\/digg.com\/submit?url=https%3A%2F%2Flabestiadeportiva.com%2Flbd%2Fel-rey-nadal-volvio-en-montecarlo%2F&amp;title=El+%C2%ABRey%C2%BB+Nadal+volvi%C3%B3+en+Montecarlo\">\n<img src=\"https:\/\/labestiadeportiva.com\/lbd\/wp-content\/plugins\/jw-share-this\/digg.png\" alt=\"Share this page via Digg this\" \/>\n<\/a>\n<a target=\"_blank\" href=\"http:\/\/www.facebook.com\/sharer.php?u=https%3A%2F%2Flabestiadeportiva.com%2Flbd%2Fel-rey-nadal-volvio-en-montecarlo%2F&amp;t=El+%C2%ABRey%C2%BB+Nadal+volvi%C3%B3+en+Montecarlo\">\n<img src=\"https:\/\/labestiadeportiva.com\/lbd\/wp-content\/plugins\/jw-share-this\/fb.png\" alt=\"Share this page via Facebook\" \/>\n<\/a>\n<a target=\"_blank\" href=\"http:\/\/twitter.com\/intent\/tweet?text=I+like+https%3A%2F%2Flabestiadeportiva.com%2Flbd%2Fel-rey-nadal-volvio-en-montecarlo%2F&amp;title=El+%C2%ABRey%C2%BB+Nadal+volvi%C3%B3+en+Montecarlo\">\n<img src=\"https:\/\/labestiadeportiva.com\/lbd\/wp-content\/plugins\/jw-share-this\/twitter.png\" alt=\"Share this page via Twitter\" \/>\n<\/a>\n<\/div>\n","protected":false},"excerpt":{"rendered":"<p>Por Mat\u00edas Pouso (Corresponsal LBD en CABA) El espa\u00f1ol venci\u00f3 en la final de Montecarlo al franc\u00e9s Gael Monfils por 7-5, 5-7 y 6-0 tras 2 horas y 46 minutos. Igual\u00f3 los 28 t\u00edtulos de Masters 1000 de Djokovic y cort\u00f3 una sequ\u00eda de 259 d\u00edas sin t\u00edtulos desde que se impuso a Fabio Fognini &hellip; <a href=\"https:\/\/labestiadeportiva.com\/lbd\/el-rey-nadal-volvio-en-montecarlo\/\" class=\"more-link\">Seguir leyendo <span class=\"screen-reader-text\">El \u00abRey\u00bb Nadal volvi\u00f3 en Montecarlo<\/span> <span class=\"meta-nav\">&rarr;<\/span><\/a><\/p>\n","protected":false},"author":1,"featured_media":19706,"comment_status":"open","ping_status":"open","sticky":false,"template":"","format":"standard","meta":[],"categories":[4,1,39],"tags":[2628,83,4835],"_links":{"self":[{"href":"https:\/\/labestiadeportiva.com\/lbd\/wp-json\/wp\/v2\/posts\/19705"}],"collection":[{"href":"https:\/\/labestiadeportiva.com\/lbd\/wp-json\/wp\/v2\/posts"}],"about":[{"href":"https:\/\/labestiadeportiva.com\/lbd\/wp-json\/wp\/v2\/types\/post"}],"author":[{"embeddable":true,"href":"https:\/\/labestiadeportiva.com\/lbd\/wp-json\/wp\/v2\/users\/1"}],"replies":[{"embeddable":true,"href":"https:\/\/labestiadeportiva.com\/lbd\/wp-json\/wp\/v2\/comments?post=19705"}],"version-history":[{"count":1,"href":"https:\/\/labestiadeportiva.com\/lbd\/wp-json\/wp\/v2\/posts\/19705\/revisions"}],"predecessor-version":[{"id":19709,"href":"https:\/\/labestiadeportiva.com\/lbd\/wp-json\/wp\/v2\/posts\/19705\/revisions\/19709"}],"wp:featuredmedia":[{"embeddable":true,"href":"https:\/\/labestiadeportiva.com\/lbd\/wp-json\/wp\/v2\/media\/19706"}],"wp:attachment":[{"href":"https:\/\/labestiadeportiva.com\/lbd\/wp-json\/wp\/v2\/media?parent=19705"}],"wp:term":[{"taxonomy":"category","embeddable":true,"href":"https:\/\/labestiadeportiva.com\/lbd\/wp-json\/wp\/v2\/categories?post=19705"},{"taxonomy":"post_tag","embeddable":true,"href":"https:\/\/labestiadeportiva.com\/lbd\/wp-json\/wp\/v2\/tags?post=19705"}],"curies":[{"name":"wp","href":"https:\/\/api.w.org\/{rel}","templated":true}]}}