{"id":19742,"date":"2016-04-21T23:11:18","date_gmt":"2016-04-22T02:11:18","guid":{"rendered":"http:\/\/labestiadeportiva.com\/lbd\/?p=19742"},"modified":"2016-04-21T23:11:18","modified_gmt":"2016-04-22T02:11:18","slug":"lbd-con-lucho-en-el-shakedown-audio","status":"publish","type":"post","link":"https:\/\/labestiadeportiva.com\/lbd\/lbd-con-lucho-en-el-shakedown-audio\/","title":{"rendered":"LBD con \u00abLucho\u00bb en el Shakedown (Audio)"},"content":{"rendered":"<p><a href=\"http:\/\/labestiadeportiva.com\/lbd\/wp-content\/uploads\/2016\/04\/12993466_618072648350622_4524098386653887678_n.jpg\"><img loading=\"lazy\" src=\"http:\/\/labestiadeportiva.com\/lbd\/wp-content\/uploads\/2016\/04\/12993466_618072648350622_4524098386653887678_n-300x200.jpg\" alt=\"12993466_618072648350622_4524098386653887678_n\" width=\"300\" height=\"200\" class=\"alignleft size-medium wp-image-19743\" srcset=\"https:\/\/labestiadeportiva.com\/lbd\/wp-content\/uploads\/2016\/04\/12993466_618072648350622_4524098386653887678_n-300x200.jpg 300w, https:\/\/labestiadeportiva.com\/lbd\/wp-content\/uploads\/2016\/04\/12993466_618072648350622_4524098386653887678_n.jpg 960w\" sizes=\"(max-width: 300px) 100vw, 300px\" \/><\/a>Esta en marcha la 36\u00ba edici\u00f3n del Rally Argentina 2016 con sede en la provincia de C\u00f3rdoba, fecha mundial de la competencia. Este jueves por la tarde, desde las 19, se realizar\u00e1 el Superespecial en la capital cordobesa. El joven y talentoso piloto ushuaiense, Luciano Preto, est\u00e1 presente con el \u201cAlbatros\u201d su  Peugeot 208 1.6 Turbo del equipo Baratec. En exclusiva dialogamos con fueguino, compartimos los mejores pasajes de la entrevista realizada este jueves por la tarde en FM del Sur 94.1 <!--more--> <\/p>\n<p><iframe loading=\"lazy\" width=\"420\" height=\"315\" src=\"https:\/\/www.youtube.com\/embed\/sfFPfzVeOVk\" frameborder=\"0\" allowfullscreen><\/iframe><\/p>\n<div class='epvc-post-count'><span class='epvc-eye'><\/span>  <span class=\"epvc-count\"> 1.144<\/span><span class='epvc-label'> veces le\u00edda<\/span><\/div>\n<div class=\"jwsharethis\">\nShare this: \n<br \/>\n<a href=\"mailto:?subject=LBD%20con%20%C2%ABLucho%C2%BB%20en%20el%20Shakedown%20%28Audio%29&amp;body=https%3A%2F%2Flabestiadeportiva.com%2Flbd%2Flbd-con-lucho-en-el-shakedown-audio%2F\">\n<img src=\"https:\/\/labestiadeportiva.com\/lbd\/wp-content\/plugins\/jw-share-this\/email.png\" alt=\"Share this page via Email\" \/>\n<\/a>\n<a target=\"_blank\" href=\"http:\/\/www.stumbleupon.com\/submit?url=https%3A%2F%2Flabestiadeportiva.com%2Flbd%2Flbd-con-lucho-en-el-shakedown-audio%2F&amp;title=LBD+con+%C2%ABLucho%C2%BB+en+el+Shakedown+%28Audio%29\">\n<img src=\"https:\/\/labestiadeportiva.com\/lbd\/wp-content\/plugins\/jw-share-this\/su.png\" alt=\"Share this page via Stumble Upon\" \/>\n<\/a>\n<a target=\"_blank\" href=\"http:\/\/digg.com\/submit?url=https%3A%2F%2Flabestiadeportiva.com%2Flbd%2Flbd-con-lucho-en-el-shakedown-audio%2F&amp;title=LBD+con+%C2%ABLucho%C2%BB+en+el+Shakedown+%28Audio%29\">\n<img src=\"https:\/\/labestiadeportiva.com\/lbd\/wp-content\/plugins\/jw-share-this\/digg.png\" alt=\"Share this page via Digg this\" \/>\n<\/a>\n<a target=\"_blank\" href=\"http:\/\/www.facebook.com\/sharer.php?u=https%3A%2F%2Flabestiadeportiva.com%2Flbd%2Flbd-con-lucho-en-el-shakedown-audio%2F&amp;t=LBD+con+%C2%ABLucho%C2%BB+en+el+Shakedown+%28Audio%29\">\n<img src=\"https:\/\/labestiadeportiva.com\/lbd\/wp-content\/plugins\/jw-share-this\/fb.png\" alt=\"Share this page via Facebook\" \/>\n<\/a>\n<a target=\"_blank\" href=\"http:\/\/twitter.com\/intent\/tweet?text=I+like+https%3A%2F%2Flabestiadeportiva.com%2Flbd%2Flbd-con-lucho-en-el-shakedown-audio%2F&amp;title=LBD+con+%C2%ABLucho%C2%BB+en+el+Shakedown+%28Audio%29\">\n<img src=\"https:\/\/labestiadeportiva.com\/lbd\/wp-content\/plugins\/jw-share-this\/twitter.png\" alt=\"Share this page via Twitter\" \/>\n<\/a>\n<\/div>\n","protected":false},"excerpt":{"rendered":"<p>Esta en marcha la 36\u00ba edici\u00f3n del Rally Argentina 2016 con sede en la provincia de C\u00f3rdoba, fecha mundial de la competencia. Este jueves por la tarde, desde las 19, se realizar\u00e1 el Superespecial en la capital cordobesa. El joven y talentoso piloto ushuaiense, Luciano Preto, est\u00e1 presente con el \u201cAlbatros\u201d su Peugeot 208 1.6 &hellip; <a href=\"https:\/\/labestiadeportiva.com\/lbd\/lbd-con-lucho-en-el-shakedown-audio\/\" class=\"more-link\">Seguir leyendo <span class=\"screen-reader-text\">LBD con \u00abLucho\u00bb en el Shakedown (Audio)<\/span> <span class=\"meta-nav\">&rarr;<\/span><\/a><\/p>\n","protected":false},"author":1,"featured_media":19743,"comment_status":"open","ping_status":"open","sticky":false,"template":"","format":"standard","meta":[],"categories":[577,5,4,6,60,1,2487],"tags":[4838,595,581,2636],"_links":{"self":[{"href":"https:\/\/labestiadeportiva.com\/lbd\/wp-json\/wp\/v2\/posts\/19742"}],"collection":[{"href":"https:\/\/labestiadeportiva.com\/lbd\/wp-json\/wp\/v2\/posts"}],"about":[{"href":"https:\/\/labestiadeportiva.com\/lbd\/wp-json\/wp\/v2\/types\/post"}],"author":[{"embeddable":true,"href":"https:\/\/labestiadeportiva.com\/lbd\/wp-json\/wp\/v2\/users\/1"}],"replies":[{"embeddable":true,"href":"https:\/\/labestiadeportiva.com\/lbd\/wp-json\/wp\/v2\/comments?post=19742"}],"version-history":[{"count":1,"href":"https:\/\/labestiadeportiva.com\/lbd\/wp-json\/wp\/v2\/posts\/19742\/revisions"}],"predecessor-version":[{"id":19745,"href":"https:\/\/labestiadeportiva.com\/lbd\/wp-json\/wp\/v2\/posts\/19742\/revisions\/19745"}],"wp:featuredmedia":[{"embeddable":true,"href":"https:\/\/labestiadeportiva.com\/lbd\/wp-json\/wp\/v2\/media\/19743"}],"wp:attachment":[{"href":"https:\/\/labestiadeportiva.com\/lbd\/wp-json\/wp\/v2\/media?parent=19742"}],"wp:term":[{"taxonomy":"category","embeddable":true,"href":"https:\/\/labestiadeportiva.com\/lbd\/wp-json\/wp\/v2\/categories?post=19742"},{"taxonomy":"post_tag","embeddable":true,"href":"https:\/\/labestiadeportiva.com\/lbd\/wp-json\/wp\/v2\/tags?post=19742"}],"curies":[{"name":"wp","href":"https:\/\/api.w.org\/{rel}","templated":true}]}}