{"id":19779,"date":"2016-04-26T12:20:12","date_gmt":"2016-04-26T15:20:12","guid":{"rendered":"http:\/\/labestiadeportiva.com\/lbd\/?p=19779"},"modified":"2016-04-26T12:20:12","modified_gmt":"2016-04-26T15:20:12","slug":"ferro-y-club-municipal-en-el-inicio-de-la-liga","status":"publish","type":"post","link":"https:\/\/labestiadeportiva.com\/lbd\/ferro-y-club-municipal-en-el-inicio-de-la-liga\/","title":{"rendered":"Ferro y Club Municipal en el inicio de la Liga"},"content":{"rendered":"<p><a href=\"http:\/\/labestiadeportiva.com\/lbd\/wp-content\/uploads\/2016\/04\/MG_2399.jpg\"><img loading=\"lazy\" class=\"alignleft size-medium wp-image-19780\" src=\"http:\/\/labestiadeportiva.com\/lbd\/wp-content\/uploads\/2016\/04\/MG_2399-300x216.jpg\" alt=\"_MG_2399\" width=\"300\" height=\"216\" srcset=\"https:\/\/labestiadeportiva.com\/lbd\/wp-content\/uploads\/2016\/04\/MG_2399-300x216.jpg 300w, https:\/\/labestiadeportiva.com\/lbd\/wp-content\/uploads\/2016\/04\/MG_2399.jpg 800w\" sizes=\"(max-width: 300px) 100vw, 300px\" \/><\/a>La Liga Municipal de b\u00e1squet es una realidad. La competencia de primera divisi\u00f3n organizada por el Instituto Municipal de Deportes tendr\u00e1 ocho participantes, cuatro por ciudad, quienes competir\u00e1n todos contra todos. En el debut Filial Ferro venci\u00f3 a La UOM 74 a 64 mientras que Club Municipal hizo lo propio con Club de Amigos derrot\u00e1ndolo por 69 a 59.<!--more--><\/p>\n<p><a href=\"http:\/\/labestiadeportiva.com\/lbd\/wp-content\/uploads\/2016\/04\/MG_2393.jpg\"><img loading=\"lazy\" class=\"aligncenter size-medium wp-image-19781\" src=\"http:\/\/labestiadeportiva.com\/lbd\/wp-content\/uploads\/2016\/04\/MG_2393-300x180.jpg\" alt=\"_MG_2393\" width=\"300\" height=\"180\" srcset=\"https:\/\/labestiadeportiva.com\/lbd\/wp-content\/uploads\/2016\/04\/MG_2393-300x180.jpg 300w, https:\/\/labestiadeportiva.com\/lbd\/wp-content\/uploads\/2016\/04\/MG_2393.jpg 800w\" sizes=\"(max-width: 300px) 100vw, 300px\" \/><\/a>Media hora despu\u00e9s de los pautado originalmente, 18.30, se puso en marcha la competencia municipal de primera divisi\u00f3n que contar\u00e1 con las presencias de los clubes Filial Ferro, La UOM, Club Municipal, Club de Amigos, Colegio del Sur, Yoppen, Escuela N\u00ba 3 y Universitario.<\/p>\n<p>En esta oportunidad el parqu\u00e9 de la cancha 4 del \u201cHugo Italo Favale\u201d, que cont\u00f3 con una interesante cantidad de p\u00fablico en las gradas, recibi\u00f3 dos juegos que midieron a equipos de Ushuaia y R\u00edo Grande.<\/p>\n<p>Un renovado Filial Ferro se impuso al juvenil plantel de La UOM en un encuentro con mucha din\u00e1mica, algo de desorden y bajos porcentajes.<\/p>\n<p><a href=\"http:\/\/labestiadeportiva.com\/lbd\/wp-content\/uploads\/2016\/04\/MG_2392.jpg\"><img loading=\"lazy\" class=\"aligncenter size-medium wp-image-19782\" src=\"http:\/\/labestiadeportiva.com\/lbd\/wp-content\/uploads\/2016\/04\/MG_2392-300x195.jpg\" alt=\"_MG_2392\" width=\"300\" height=\"195\" srcset=\"https:\/\/labestiadeportiva.com\/lbd\/wp-content\/uploads\/2016\/04\/MG_2392-300x195.jpg 300w, https:\/\/labestiadeportiva.com\/lbd\/wp-content\/uploads\/2016\/04\/MG_2392.jpg 800w\" sizes=\"(max-width: 300px) 100vw, 300px\" \/><\/a>El plato fuerte lleg\u00f3 cerca de las nueve de la noche cuando el local Club de Amigos choc\u00f3 ante Club Municipal reeditando la definici\u00f3n 2015.<\/p>\n<p>Una vez m\u00e1s el duro conjunto del norte de la isla logr\u00f3 imponerse con un buen trabajo de sus hombres m\u00e1s experimentados quienes fueron determinantes en la pintura.<\/p>\n<p>Desde LBD nos contactamos brevemente con Guillermo \u201cDesnu\u201d Navarro, Vicepresidente del Instituto Municipal de Deportes, quien mostr\u00f3 su satisfacci\u00f3n por el comienzo de la competencia.<\/p>\n<p>Asimismo nos confirm\u00f3 la presencia de ocho clubes, cuatro por ciudad, quienes competir\u00e1n todos contra todos hasta aproximadamente el mes de julio.<\/p>\n<p><a href=\"http:\/\/labestiadeportiva.com\/lbd\/wp-content\/uploads\/2016\/04\/13102749_1106861879380346_5685537305687129057_n.jpg\"><img loading=\"lazy\" class=\"aligncenter size-medium wp-image-19783\" src=\"http:\/\/labestiadeportiva.com\/lbd\/wp-content\/uploads\/2016\/04\/13102749_1106861879380346_5685537305687129057_n-300x203.jpg\" alt=\"13102749_1106861879380346_5685537305687129057_n\" width=\"300\" height=\"203\" srcset=\"https:\/\/labestiadeportiva.com\/lbd\/wp-content\/uploads\/2016\/04\/13102749_1106861879380346_5685537305687129057_n-300x203.jpg 300w, https:\/\/labestiadeportiva.com\/lbd\/wp-content\/uploads\/2016\/04\/13102749_1106861879380346_5685537305687129057_n.jpg 644w\" sizes=\"(max-width: 300px) 100vw, 300px\" \/><\/a>Navarro expres\u00f3 que paralelamente a este torneo competir\u00e1n los U15 y no descart\u00f3 la posibilidad de que en breve se pongan en marcha los equipos locales de veteranos.<\/p>\n<p>Finalmente regresando a las novedades de primera divisi\u00f3n el Vicepresidente del Instituto inform\u00f3 que se han puesto de acuerdo con la Federaci\u00f3n de la disciplina para no pisarse en los cronogramas de juego permitiendo la llegada de los equipos del norte de la isla cuando tengan fecha libre en la competencia federada.<\/p>\n<p>El b\u00e1squet de primera est\u00e1 en marcha, con flamante formato municipal, como es com\u00fan que sucedan los errores y bajos porcentajes estuvieron a la orden del d\u00eda.<\/p>\n<p>A medida que avance la competici\u00f3n se elevar\u00e1 el volumen de juego y los encuentros seguramente ir\u00e1n levantando su nivel.<\/p>\n<p><span style=\"color: #0000ff;\"><a href=\"http:\/\/labestiadeportiva.com\/lbd\/wp-content\/uploads\/2016\/04\/13103529_1106861916047009_1684371681753802909_n.jpg\"><img loading=\"lazy\" class=\"aligncenter size-medium wp-image-19784\" src=\"http:\/\/labestiadeportiva.com\/lbd\/wp-content\/uploads\/2016\/04\/13103529_1106861916047009_1684371681753802909_n-300x203.jpg\" alt=\"13103529_1106861916047009_1684371681753802909_n\" width=\"300\" height=\"203\" srcset=\"https:\/\/labestiadeportiva.com\/lbd\/wp-content\/uploads\/2016\/04\/13103529_1106861916047009_1684371681753802909_n-300x203.jpg 300w, https:\/\/labestiadeportiva.com\/lbd\/wp-content\/uploads\/2016\/04\/13103529_1106861916047009_1684371681753802909_n.jpg 686w\" sizes=\"(max-width: 300px) 100vw, 300px\" \/><\/a>Los Participantes:<\/span> Filial Ferro, La UOM, Club de Amigos, Club Municipal, Colegio del Sur, Yoppen, Escuela N\u00ba 3 y Universitario.<\/p>\n<p><span style=\"color: #0000ff;\">Resultados:<\/span>\u00a0Filial Ferro 74 La UOM 64 \/\u00a0Club de Amigos 59 Club Municipal 69<\/p>\n<p><a href=\"http:\/\/labestiadeportiva.com\/lbd\/wp-content\/uploads\/2016\/04\/MG_2402.jpg\"><img loading=\"lazy\" class=\"aligncenter size-medium wp-image-19785\" src=\"http:\/\/labestiadeportiva.com\/lbd\/wp-content\/uploads\/2016\/04\/MG_2402-300x215.jpg\" alt=\"_MG_2402\" width=\"300\" height=\"215\" srcset=\"https:\/\/labestiadeportiva.com\/lbd\/wp-content\/uploads\/2016\/04\/MG_2402-300x215.jpg 300w, https:\/\/labestiadeportiva.com\/lbd\/wp-content\/uploads\/2016\/04\/MG_2402.jpg 800w\" sizes=\"(max-width: 300px) 100vw, 300px\" \/><\/a><\/p>\n<div class='epvc-post-count'><span class='epvc-eye'><\/span>  <span class=\"epvc-count\"> 1.176<\/span><span class='epvc-label'> veces le\u00edda<\/span><\/div>\n<div class=\"jwsharethis\">\nShare this: \n<br \/>\n<a href=\"mailto:?subject=Ferro%20y%20Club%20Municipal%20en%20el%20inicio%20de%20la%20Liga&amp;body=https%3A%2F%2Flabestiadeportiva.com%2Flbd%2Fferro-y-club-municipal-en-el-inicio-de-la-liga%2F\">\n<img src=\"https:\/\/labestiadeportiva.com\/lbd\/wp-content\/plugins\/jw-share-this\/email.png\" alt=\"Share this page via Email\" \/>\n<\/a>\n<a target=\"_blank\" href=\"http:\/\/www.stumbleupon.com\/submit?url=https%3A%2F%2Flabestiadeportiva.com%2Flbd%2Fferro-y-club-municipal-en-el-inicio-de-la-liga%2F&amp;title=Ferro+y+Club+Municipal+en+el+inicio+de+la+Liga\">\n<img src=\"https:\/\/labestiadeportiva.com\/lbd\/wp-content\/plugins\/jw-share-this\/su.png\" alt=\"Share this page via Stumble Upon\" \/>\n<\/a>\n<a target=\"_blank\" href=\"http:\/\/digg.com\/submit?url=https%3A%2F%2Flabestiadeportiva.com%2Flbd%2Fferro-y-club-municipal-en-el-inicio-de-la-liga%2F&amp;title=Ferro+y+Club+Municipal+en+el+inicio+de+la+Liga\">\n<img src=\"https:\/\/labestiadeportiva.com\/lbd\/wp-content\/plugins\/jw-share-this\/digg.png\" alt=\"Share this page via Digg this\" \/>\n<\/a>\n<a target=\"_blank\" href=\"http:\/\/www.facebook.com\/sharer.php?u=https%3A%2F%2Flabestiadeportiva.com%2Flbd%2Fferro-y-club-municipal-en-el-inicio-de-la-liga%2F&amp;t=Ferro+y+Club+Municipal+en+el+inicio+de+la+Liga\">\n<img src=\"https:\/\/labestiadeportiva.com\/lbd\/wp-content\/plugins\/jw-share-this\/fb.png\" alt=\"Share this page via Facebook\" \/>\n<\/a>\n<a target=\"_blank\" href=\"http:\/\/twitter.com\/intent\/tweet?text=I+like+https%3A%2F%2Flabestiadeportiva.com%2Flbd%2Fferro-y-club-municipal-en-el-inicio-de-la-liga%2F&amp;title=Ferro+y+Club+Municipal+en+el+inicio+de+la+Liga\">\n<img src=\"https:\/\/labestiadeportiva.com\/lbd\/wp-content\/plugins\/jw-share-this\/twitter.png\" alt=\"Share this page via Twitter\" \/>\n<\/a>\n<\/div>\n","protected":false},"excerpt":{"rendered":"<p>La Liga Municipal de b\u00e1squet es una realidad. La competencia de primera divisi\u00f3n organizada por el Instituto Municipal de Deportes tendr\u00e1 ocho participantes, cuatro por ciudad, quienes competir\u00e1n todos contra todos. En el debut Filial Ferro venci\u00f3 a La UOM 74 a 64 mientras que Club Municipal hizo lo propio con Club de Amigos derrot\u00e1ndolo &hellip; <a href=\"https:\/\/labestiadeportiva.com\/lbd\/ferro-y-club-municipal-en-el-inicio-de-la-liga\/\" class=\"more-link\">Seguir leyendo <span class=\"screen-reader-text\">Ferro y Club Municipal en el inicio de la Liga<\/span> <span class=\"meta-nav\">&rarr;<\/span><\/a><\/p>\n","protected":false},"author":1,"featured_media":19780,"comment_status":"open","ping_status":"open","sticky":false,"template":"","format":"standard","meta":[],"categories":[2432,5,2638,1],"tags":[2456,171,2639,83],"_links":{"self":[{"href":"https:\/\/labestiadeportiva.com\/lbd\/wp-json\/wp\/v2\/posts\/19779"}],"collection":[{"href":"https:\/\/labestiadeportiva.com\/lbd\/wp-json\/wp\/v2\/posts"}],"about":[{"href":"https:\/\/labestiadeportiva.com\/lbd\/wp-json\/wp\/v2\/types\/post"}],"author":[{"embeddable":true,"href":"https:\/\/labestiadeportiva.com\/lbd\/wp-json\/wp\/v2\/users\/1"}],"replies":[{"embeddable":true,"href":"https:\/\/labestiadeportiva.com\/lbd\/wp-json\/wp\/v2\/comments?post=19779"}],"version-history":[{"count":1,"href":"https:\/\/labestiadeportiva.com\/lbd\/wp-json\/wp\/v2\/posts\/19779\/revisions"}],"predecessor-version":[{"id":19786,"href":"https:\/\/labestiadeportiva.com\/lbd\/wp-json\/wp\/v2\/posts\/19779\/revisions\/19786"}],"wp:featuredmedia":[{"embeddable":true,"href":"https:\/\/labestiadeportiva.com\/lbd\/wp-json\/wp\/v2\/media\/19780"}],"wp:attachment":[{"href":"https:\/\/labestiadeportiva.com\/lbd\/wp-json\/wp\/v2\/media?parent=19779"}],"wp:term":[{"taxonomy":"category","embeddable":true,"href":"https:\/\/labestiadeportiva.com\/lbd\/wp-json\/wp\/v2\/categories?post=19779"},{"taxonomy":"post_tag","embeddable":true,"href":"https:\/\/labestiadeportiva.com\/lbd\/wp-json\/wp\/v2\/tags?post=19779"}],"curies":[{"name":"wp","href":"https:\/\/api.w.org\/{rel}","templated":true}]}}