{"id":20180,"date":"2016-05-23T19:15:41","date_gmt":"2016-05-23T22:15:41","guid":{"rendered":"http:\/\/labestiadeportiva.com\/lbd\/?p=20180"},"modified":"2016-05-23T19:15:41","modified_gmt":"2016-05-23T22:15:41","slug":"roland-garros-2016","status":"publish","type":"post","link":"https:\/\/labestiadeportiva.com\/lbd\/roland-garros-2016\/","title":{"rendered":"Roland Garros 2016"},"content":{"rendered":"<p>Por Mat\u00edas Pouso (Corresponsal LBD en CABA)<\/p>\n<p><a href=\"http:\/\/labestiadeportiva.com\/lbd\/wp-content\/uploads\/2016\/05\/center_court.jpg\"><img loading=\"lazy\" class=\"alignleft size-medium wp-image-20181\" src=\"http:\/\/labestiadeportiva.com\/lbd\/wp-content\/uploads\/2016\/05\/center_court-300x188.jpg\" alt=\"center_court\" width=\"300\" height=\"188\" srcset=\"https:\/\/labestiadeportiva.com\/lbd\/wp-content\/uploads\/2016\/05\/center_court-300x188.jpg 300w, https:\/\/labestiadeportiva.com\/lbd\/wp-content\/uploads\/2016\/05\/center_court-1024x641.jpg 1024w, https:\/\/labestiadeportiva.com\/lbd\/wp-content\/uploads\/2016\/05\/center_court.jpg 1200w\" sizes=\"(max-width: 300px) 100vw, 300px\" \/><\/a>Comenz\u00f3 la acci\u00f3n del segundo Grand Slam de la temporada, y el hist\u00f3ricamente favorito para los tenistas argentinos. Nueve de nuestros compatriotas lograron meterse en el cuadro principal de singles buscando emular a Gast\u00f3n Gaudio, \u00faltimo campe\u00f3n rioplatense del Abierto Franc\u00e9s.<!--more--><\/p>\n<p>Federico Delbonis, Juan M\u00f3naco, Facundo Bagnis, Carlos Berlocq, Horacio Zeballos, Marco Triungelliti, Diego Schwartzman, Guido Pella y Leonardo Mayer arrancaron esta semana entre los 128 jugadores que intentar\u00e1n arrebatarle el cetro al campe\u00f3n defensor Stan Wawrinka.<\/p>\n<p>Aquellos que ten\u00edan que salir a la cancha en la jornada inaugural del domingo reci\u00e9n pudieron hacerlo hoy a causa del temporal que azot\u00f3 a la capital francesa todo el fin de semana.<\/p>\n<p><a href=\"http:\/\/labestiadeportiva.com\/lbd\/wp-content\/uploads\/2016\/05\/mayer.jpg\"><img loading=\"lazy\" class=\"aligncenter size-medium wp-image-20182\" src=\"http:\/\/labestiadeportiva.com\/lbd\/wp-content\/uploads\/2016\/05\/mayer-300x220.jpg\" alt=\"mayer\" width=\"300\" height=\"220\" srcset=\"https:\/\/labestiadeportiva.com\/lbd\/wp-content\/uploads\/2016\/05\/mayer-300x220.jpg 300w, https:\/\/labestiadeportiva.com\/lbd\/wp-content\/uploads\/2016\/05\/mayer.jpg 678w\" sizes=\"(max-width: 300px) 100vw, 300px\" \/><\/a>La primera mala noticia lleg\u00f3 desde la cancha 1, all\u00ed Leo Mayer no pudo en su debut frente al local J\u00e9remy Chardy quien lo elimin\u00f3 con un 6-4, 3-6, 6-4 y 6-2.<\/p>\n<p>Esta derrota no solo lo deja afuera de Roland Garros, sino tambi\u00e9n de los Juegos Ol\u00edmpicos de R\u00edo de Janeiro al no alcanzar el m\u00ednimo ranking requerido.<\/p>\n<p>El correntino est\u00e1 transitando una temporada donde acumula m\u00e1s derrotas que triunfos (10-12), y en siete de los doce torneos que disput\u00f3 este a\u00f1o cay\u00f3 en su debut.<\/p>\n<p><a href=\"http:\/\/labestiadeportiva.com\/lbd\/wp-content\/uploads\/2016\/05\/pella.jpg\"><img loading=\"lazy\" class=\"aligncenter size-medium wp-image-20183\" src=\"http:\/\/labestiadeportiva.com\/lbd\/wp-content\/uploads\/2016\/05\/pella-300x226.jpg\" alt=\"pella\" width=\"300\" height=\"226\" srcset=\"https:\/\/labestiadeportiva.com\/lbd\/wp-content\/uploads\/2016\/05\/pella-300x226.jpg 300w, https:\/\/labestiadeportiva.com\/lbd\/wp-content\/uploads\/2016\/05\/pella.jpg 652w\" sizes=\"(max-width: 300px) 100vw, 300px\" \/><\/a>El court 18 del Bois de Boulogne fue testigo de un duelo 100% argentino, all\u00ed se enfrentaron Guido Pella y Diego Schwartzman, con victoria del primero por 6-2, 3-6, 6-2 y 6-3.<\/p>\n<p>Entre los menos de 200 espectadores se encontraba Daniel Orsanic, capit\u00e1n del equipo argentino de Copa Davis, quien presenci\u00f3 c\u00f3mo Pella se met\u00eda en la segunda rueda del abierto franc\u00e9s por segunda vez en su carrera (anteriormente en 2013), donde se enfrentar\u00e1 al local Gilles Simon.<\/p>\n<p>El zurdo de Bah\u00eda Blanca se ubica en el puesto n\u00famero 48 del ranking y tiene buenas posibilidades de clasificarse a R\u00edo.<\/p>\n<p><a href=\"http:\/\/labestiadeportiva.com\/lbd\/wp-content\/uploads\/2016\/05\/Schwartzman.jpg\"><img loading=\"lazy\" class=\"aligncenter size-medium wp-image-20184\" src=\"http:\/\/labestiadeportiva.com\/lbd\/wp-content\/uploads\/2016\/05\/Schwartzman-300x188.jpg\" alt=\"Schwartzman\" width=\"300\" height=\"188\" srcset=\"https:\/\/labestiadeportiva.com\/lbd\/wp-content\/uploads\/2016\/05\/Schwartzman-300x188.jpg 300w, https:\/\/labestiadeportiva.com\/lbd\/wp-content\/uploads\/2016\/05\/Schwartzman-1024x640.jpg 1024w, https:\/\/labestiadeportiva.com\/lbd\/wp-content\/uploads\/2016\/05\/Schwartzman.jpg 1440w\" sizes=\"(max-width: 300px) 100vw, 300px\" \/><\/a>La gran sorpresa del d\u00eda estuvo a cargo de Marco Trungelliti, quien derrot\u00f3 al croata Marin Cilic por 7-6, 3-6, 6-4 y 6-2 en dos horas y 53 minutos de juego.<\/p>\n<p>El santiague\u00f1o, que por momentos desbord\u00f3 al n\u00famero 10 del ranking mundial, sum\u00f3 35 tiros ganadores y 33 errores no forzados, contra 41 y 49, respectivamente, de su rival.<\/p>\n<p>Su pr\u00f3ximo rival ser\u00e1 el espa\u00f1ol Albert Ramos Vi\u00f1olas, verdugo de Horacio Zeballos. El marplatense, que ven\u00eda con demasiado rodaje al haber llegado a la final del Challenger de Mestre disputada el domingo, no pudo hacerle frente a un especialista del polvo de ladrillo como es el ib\u00e9rico; fue 6-3, 4-6, 7-5 y 6-0 en poco m\u00e1s de tres horas de juego.<\/p>\n<p><a href=\"http:\/\/labestiadeportiva.com\/lbd\/wp-content\/uploads\/2016\/05\/trunge.jpg\"><img loading=\"lazy\" class=\"aligncenter size-medium wp-image-20185\" src=\"http:\/\/labestiadeportiva.com\/lbd\/wp-content\/uploads\/2016\/05\/trunge-300x169.jpg\" alt=\"trunge\" width=\"300\" height=\"169\" srcset=\"https:\/\/labestiadeportiva.com\/lbd\/wp-content\/uploads\/2016\/05\/trunge-300x169.jpg 300w, https:\/\/labestiadeportiva.com\/lbd\/wp-content\/uploads\/2016\/05\/trunge.jpg 715w\" sizes=\"(max-width: 300px) 100vw, 300px\" \/><\/a>En la jornada del martes ser\u00e1 el turno de los cuatro argentinos situados en la parte alta del cuadro: Berlocq se enfrentar\u00e1 al italiano Paolo Lorenzi, Juan M\u00f3naco har\u00e1 lo propio con el uzbeco Denis Istomin, Facundo Bagnis buscar\u00e1 la segunda ronda frente al local Kenny De Schepper y Federico Delbonis se medir\u00e1 en el debut con el espa\u00f1ol Pablo Carre\u00f1o Busta.<\/p>\n<p>Ma\u00f1ana tambi\u00e9n saldr\u00e1n a la cancha dos de los m\u00e1ximos candidatos al t\u00edtulo: Novak Djokovic debutar\u00e1 contra Yen-Hsun Lu y Rafa Nadal comenzar\u00e1 la b\u00fasqueda de su d\u00e9cimo t\u00edtulo en Roland Garros contra el australiano Sam Groth.<\/p>\n<p><a href=\"http:\/\/labestiadeportiva.com\/lbd\/wp-content\/uploads\/2016\/05\/zeballos.jpg\"><img loading=\"lazy\" class=\"aligncenter size-medium wp-image-20186\" src=\"http:\/\/labestiadeportiva.com\/lbd\/wp-content\/uploads\/2016\/05\/zeballos-300x168.jpg\" alt=\"zeballos\" width=\"300\" height=\"168\" srcset=\"https:\/\/labestiadeportiva.com\/lbd\/wp-content\/uploads\/2016\/05\/zeballos-300x168.jpg 300w, https:\/\/labestiadeportiva.com\/lbd\/wp-content\/uploads\/2016\/05\/zeballos.jpg 1008w\" sizes=\"(max-width: 300px) 100vw, 300px\" \/><\/a><\/p>\n<div class='epvc-post-count'><span class='epvc-eye'><\/span>  <span class=\"epvc-count\"> 1.107<\/span><span class='epvc-label'> veces le\u00edda<\/span><\/div>\n<div class=\"jwsharethis\">\nShare this: \n<br \/>\n<a href=\"mailto:?subject=Roland%20Garros%202016&amp;body=https%3A%2F%2Flabestiadeportiva.com%2Flbd%2Froland-garros-2016%2F\">\n<img src=\"https:\/\/labestiadeportiva.com\/lbd\/wp-content\/plugins\/jw-share-this\/email.png\" alt=\"Share this page via Email\" \/>\n<\/a>\n<a target=\"_blank\" href=\"http:\/\/www.stumbleupon.com\/submit?url=https%3A%2F%2Flabestiadeportiva.com%2Flbd%2Froland-garros-2016%2F&amp;title=Roland+Garros+2016\">\n<img src=\"https:\/\/labestiadeportiva.com\/lbd\/wp-content\/plugins\/jw-share-this\/su.png\" alt=\"Share this page via Stumble Upon\" \/>\n<\/a>\n<a target=\"_blank\" href=\"http:\/\/digg.com\/submit?url=https%3A%2F%2Flabestiadeportiva.com%2Flbd%2Froland-garros-2016%2F&amp;title=Roland+Garros+2016\">\n<img src=\"https:\/\/labestiadeportiva.com\/lbd\/wp-content\/plugins\/jw-share-this\/digg.png\" alt=\"Share this page via Digg this\" \/>\n<\/a>\n<a target=\"_blank\" href=\"http:\/\/www.facebook.com\/sharer.php?u=https%3A%2F%2Flabestiadeportiva.com%2Flbd%2Froland-garros-2016%2F&amp;t=Roland+Garros+2016\">\n<img src=\"https:\/\/labestiadeportiva.com\/lbd\/wp-content\/plugins\/jw-share-this\/fb.png\" alt=\"Share this page via Facebook\" \/>\n<\/a>\n<a target=\"_blank\" href=\"http:\/\/twitter.com\/intent\/tweet?text=I+like+https%3A%2F%2Flabestiadeportiva.com%2Flbd%2Froland-garros-2016%2F&amp;title=Roland+Garros+2016\">\n<img src=\"https:\/\/labestiadeportiva.com\/lbd\/wp-content\/plugins\/jw-share-this\/twitter.png\" alt=\"Share this page via Twitter\" \/>\n<\/a>\n<\/div>\n","protected":false},"excerpt":{"rendered":"<p>Por Mat\u00edas Pouso (Corresponsal LBD en CABA) Comenz\u00f3 la acci\u00f3n del segundo Grand Slam de la temporada, y el hist\u00f3ricamente favorito para los tenistas argentinos. Nueve de nuestros compatriotas lograron meterse en el cuadro principal de singles buscando emular a Gast\u00f3n Gaudio, \u00faltimo campe\u00f3n rioplatense del Abierto Franc\u00e9s. 1.107 veces le\u00edda Share this:<\/p>\n","protected":false},"author":1,"featured_media":20181,"comment_status":"open","ping_status":"open","sticky":false,"template":"","format":"standard","meta":[],"categories":[4,6,1,39],"tags":[83,1522,4835],"_links":{"self":[{"href":"https:\/\/labestiadeportiva.com\/lbd\/wp-json\/wp\/v2\/posts\/20180"}],"collection":[{"href":"https:\/\/labestiadeportiva.com\/lbd\/wp-json\/wp\/v2\/posts"}],"about":[{"href":"https:\/\/labestiadeportiva.com\/lbd\/wp-json\/wp\/v2\/types\/post"}],"author":[{"embeddable":true,"href":"https:\/\/labestiadeportiva.com\/lbd\/wp-json\/wp\/v2\/users\/1"}],"replies":[{"embeddable":true,"href":"https:\/\/labestiadeportiva.com\/lbd\/wp-json\/wp\/v2\/comments?post=20180"}],"version-history":[{"count":1,"href":"https:\/\/labestiadeportiva.com\/lbd\/wp-json\/wp\/v2\/posts\/20180\/revisions"}],"predecessor-version":[{"id":20187,"href":"https:\/\/labestiadeportiva.com\/lbd\/wp-json\/wp\/v2\/posts\/20180\/revisions\/20187"}],"wp:featuredmedia":[{"embeddable":true,"href":"https:\/\/labestiadeportiva.com\/lbd\/wp-json\/wp\/v2\/media\/20181"}],"wp:attachment":[{"href":"https:\/\/labestiadeportiva.com\/lbd\/wp-json\/wp\/v2\/media?parent=20180"}],"wp:term":[{"taxonomy":"category","embeddable":true,"href":"https:\/\/labestiadeportiva.com\/lbd\/wp-json\/wp\/v2\/categories?post=20180"},{"taxonomy":"post_tag","embeddable":true,"href":"https:\/\/labestiadeportiva.com\/lbd\/wp-json\/wp\/v2\/tags?post=20180"}],"curies":[{"name":"wp","href":"https:\/\/api.w.org\/{rel}","templated":true}]}}