{"id":20188,"date":"2016-05-24T01:57:35","date_gmt":"2016-05-24T04:57:35","guid":{"rendered":"http:\/\/labestiadeportiva.com\/lbd\/?p=20188"},"modified":"2016-05-24T01:57:35","modified_gmt":"2016-05-24T04:57:35","slug":"ushuaia-debuta-ante-comodoro","status":"publish","type":"post","link":"https:\/\/labestiadeportiva.com\/lbd\/ushuaia-debuta-ante-comodoro\/","title":{"rendered":"Ushuaia debuta ante Comodoro"},"content":{"rendered":"<p><a href=\"http:\/\/labestiadeportiva.com\/lbd\/wp-content\/uploads\/2016\/05\/13267874_1124842520915615_7337619032473008603_n.jpg\"><img loading=\"lazy\" class=\"alignleft size-medium wp-image-20189\" src=\"http:\/\/labestiadeportiva.com\/lbd\/wp-content\/uploads\/2016\/05\/13267874_1124842520915615_7337619032473008603_n-300x225.jpg\" alt=\"13267874_1124842520915615_7337619032473008603_n\" width=\"300\" height=\"225\" srcset=\"https:\/\/labestiadeportiva.com\/lbd\/wp-content\/uploads\/2016\/05\/13267874_1124842520915615_7337619032473008603_n-300x225.jpg 300w, https:\/\/labestiadeportiva.com\/lbd\/wp-content\/uploads\/2016\/05\/13267874_1124842520915615_7337619032473008603_n.jpg 720w\" sizes=\"(max-width: 300px) 100vw, 300px\" \/><\/a>Finalmente quedaron conformadas las dos zonas de cuatro equipos en el Super 8 de CAFS que se pondr\u00e1 en marcha este martes en Mendoza. Los fueguinos comparten el grupo \u201cA\u201d con Mendoza, Paran\u00e1 y los chubutenses. El partido inicial comenzar\u00e1 a las 19 y podr\u00e1 ser escuchado en la 103.1 Radio Fundaci\u00f3n. Desde LBD nos comunicamos telef\u00f3nicamente este lunes con el entrenador Gustavo \u201cBocha\u201d Ferreiro en busca de detalles.<!--more--><\/p>\n<p>El viaje de los fueguinos hacia tierra cuyana comenz\u00f3 el domingo por la ma\u00f1ana en dos vuelos. Con respecto a esto el \u201cBocha\u201d nos dijo: <span style=\"color: #0000ff;\">\u201cFue un viaje largo ayer utilizamos todo el d\u00eda para viajar, ya estamos instalados en los departamentos que alquilamos, terminamos de almorzar y en un rato nos vamos al primer entrenamiento\u201d<\/span> Sobre el grupo expres\u00f3: <span style=\"color: #0000ff;\">\u201cEl equipo est\u00e1 bien, sin ninguna molestia y esperando el debut\u00bb.<\/span><\/p>\n<p>A modo de introducci\u00f3n sobre la competencia se explay\u00f3 comentando: <span style=\"color: #0000ff;\">\u201cEste es un torneo planificado para los ocho mejores selecciones del pa\u00eds, el Argentino \u201cA\u201d, solamente tiene ocho lugares y las 20 selecciones restantes juegan un Nacional \u201cB\u201d con dos ascensos y descensos por a\u00f1o\u201d. <\/span><\/p>\n<p><span style=\"color: #0000ff;\">\u00abVa a ser un torneo dur\u00edsimo para todos los equipos porque estar\u00e1n presentes los mejores jugadores donde el local, Mendoza, trae los jugadores que tiene en Italia\u201d.<\/span><\/p>\n<p><a href=\"http:\/\/labestiadeportiva.com\/lbd\/wp-content\/uploads\/2016\/05\/13254195_1124842260915641_8471958755838327101_n.jpg\"><img loading=\"lazy\" class=\"aligncenter size-medium wp-image-20190\" src=\"http:\/\/labestiadeportiva.com\/lbd\/wp-content\/uploads\/2016\/05\/13254195_1124842260915641_8471958755838327101_n-300x141.jpg\" alt=\"13254195_1124842260915641_8471958755838327101_n\" width=\"300\" height=\"141\" srcset=\"https:\/\/labestiadeportiva.com\/lbd\/wp-content\/uploads\/2016\/05\/13254195_1124842260915641_8471958755838327101_n-300x141.jpg 300w, https:\/\/labestiadeportiva.com\/lbd\/wp-content\/uploads\/2016\/05\/13254195_1124842260915641_8471958755838327101_n-520x245.jpg 520w, https:\/\/labestiadeportiva.com\/lbd\/wp-content\/uploads\/2016\/05\/13254195_1124842260915641_8471958755838327101_n.jpg 720w\" sizes=\"(max-width: 300px) 100vw, 300px\" \/><\/a>Sobre el plantel que conduce junto a Claudio \u201cFicha\u201d Chac\u00f3n expres\u00f3: <span style=\"color: #0000ff;\">\u201cNosotros cuando asumimos este desaf\u00edo cre\u00edamos que la necesidad era renovarnos, volver a darle identidad a la selecci\u00f3n y optamos por un recambio.<\/span><\/p>\n<p><span style=\"color: #0000ff;\">\u00abSi analizas nuestro equipo tenemos seis jugadores de mucha experiencia nacional e internacional, otros cinco jugadores que tienen tres argentinos de selecciones y Liga de Honor y los restantes cuatro son chicos de 17, 18 y 20 a\u00f1os\u00bb.<\/span><\/p>\n<p><span style=\"color: #0000ff;\">\u00abApostamos a esto, ir consolidando jugadores de cara al futuro dado que creemos que Ushuaia trabaj\u00f3 muy bien estos \u00faltimos a\u00f1os en juveniles de la mano de \u201cBeto\u201d Hern\u00e1ndez\u201d.<\/span><\/p>\n<p>Finalmente a la hora de contarnos sobre el objetivo en la competencia aclar\u00f3: <span style=\"color: #0000ff;\">\u201cVamos a usar este torneo para consolidar el equipo, para que los m\u00e1s j\u00f3venes hagan sus primeras armas en este tipo de competencia tan dura. No vamos a regalar nada, todos queremos llegar lo m\u00e1s alto posible pero somos consientes que Ushuaia hoy tiene un equipo de transici\u00f3n\u201d.<\/span><\/p>\n<p>La jornada de martes se pondr\u00e1 en marcha a las cuatro de la tarde con el choque entre Tucum\u00e1n y Metropolitana.<\/p>\n<p>Desde www.labestiadeportiva.com como as\u00ed tambi\u00e9n en nuestro programa radial que se emite de lunes a viernes de 13 a 14 por la 94.1 FM del Sur los mantendremos informados de las novedades saloneras que lleguen desde Mendoza.<\/p>\n<p>Nuestro representativo competir\u00e1 de igual a igual ante las siete selecciones m\u00e1s poderosas del mundo futsal de la Confederaci\u00f3n Argentina.<\/p>\n<p><a href=\"http:\/\/labestiadeportiva.com\/lbd\/wp-content\/uploads\/2016\/05\/13256231_1124842677582266_5076990312669282991_n.jpg\"><img loading=\"lazy\" class=\"aligncenter size-medium wp-image-20191\" src=\"http:\/\/labestiadeportiva.com\/lbd\/wp-content\/uploads\/2016\/05\/13256231_1124842677582266_5076990312669282991_n-300x163.jpg\" alt=\"13256231_1124842677582266_5076990312669282991_n\" width=\"300\" height=\"163\" srcset=\"https:\/\/labestiadeportiva.com\/lbd\/wp-content\/uploads\/2016\/05\/13256231_1124842677582266_5076990312669282991_n-300x163.jpg 300w, https:\/\/labestiadeportiva.com\/lbd\/wp-content\/uploads\/2016\/05\/13256231_1124842677582266_5076990312669282991_n.jpg 610w\" sizes=\"(max-width: 300px) 100vw, 300px\" \/><\/a><\/p>\n<p><span style=\"color: #ff6600;\">Super 8 Mendoza 2016<\/span><br \/>\nZona \u201cA\u201d<br \/>\nMendoza, Comodoro Rivadavia, <span style=\"color: #ff0000;\">Ushuaia<\/span> y Paran\u00e1.<br \/>\nZona \u201cB\u201d<br \/>\nPosadas, Tucum\u00e1n, Metropolitana y Corrientes.<\/p>\n<div class='epvc-post-count'><span class='epvc-eye'><\/span>  <span class=\"epvc-count\"> 1.073<\/span><span class='epvc-label'> veces le\u00edda<\/span><\/div>\n<div class=\"jwsharethis\">\nShare this: \n<br \/>\n<a href=\"mailto:?subject=Ushuaia%20debuta%20ante%20Comodoro&amp;body=https%3A%2F%2Flabestiadeportiva.com%2Flbd%2Fushuaia-debuta-ante-comodoro%2F\">\n<img src=\"https:\/\/labestiadeportiva.com\/lbd\/wp-content\/plugins\/jw-share-this\/email.png\" alt=\"Share this page via Email\" \/>\n<\/a>\n<a target=\"_blank\" href=\"http:\/\/www.stumbleupon.com\/submit?url=https%3A%2F%2Flabestiadeportiva.com%2Flbd%2Fushuaia-debuta-ante-comodoro%2F&amp;title=Ushuaia+debuta+ante+Comodoro\">\n<img src=\"https:\/\/labestiadeportiva.com\/lbd\/wp-content\/plugins\/jw-share-this\/su.png\" alt=\"Share this page via Stumble Upon\" \/>\n<\/a>\n<a target=\"_blank\" href=\"http:\/\/digg.com\/submit?url=https%3A%2F%2Flabestiadeportiva.com%2Flbd%2Fushuaia-debuta-ante-comodoro%2F&amp;title=Ushuaia+debuta+ante+Comodoro\">\n<img src=\"https:\/\/labestiadeportiva.com\/lbd\/wp-content\/plugins\/jw-share-this\/digg.png\" alt=\"Share this page via Digg this\" \/>\n<\/a>\n<a target=\"_blank\" href=\"http:\/\/www.facebook.com\/sharer.php?u=https%3A%2F%2Flabestiadeportiva.com%2Flbd%2Fushuaia-debuta-ante-comodoro%2F&amp;t=Ushuaia+debuta+ante+Comodoro\">\n<img src=\"https:\/\/labestiadeportiva.com\/lbd\/wp-content\/plugins\/jw-share-this\/fb.png\" alt=\"Share this page via Facebook\" \/>\n<\/a>\n<a target=\"_blank\" href=\"http:\/\/twitter.com\/intent\/tweet?text=I+like+https%3A%2F%2Flabestiadeportiva.com%2Flbd%2Fushuaia-debuta-ante-comodoro%2F&amp;title=Ushuaia+debuta+ante+Comodoro\">\n<img src=\"https:\/\/labestiadeportiva.com\/lbd\/wp-content\/plugins\/jw-share-this\/twitter.png\" alt=\"Share this page via Twitter\" \/>\n<\/a>\n<\/div>\n","protected":false},"excerpt":{"rendered":"<p>Finalmente quedaron conformadas las dos zonas de cuatro equipos en el Super 8 de CAFS que se pondr\u00e1 en marcha este martes en Mendoza. Los fueguinos comparten el grupo \u201cA\u201d con Mendoza, Paran\u00e1 y los chubutenses. El partido inicial comenzar\u00e1 a las 19 y podr\u00e1 ser escuchado en la 103.1 Radio Fundaci\u00f3n. Desde LBD nos &hellip; <a href=\"https:\/\/labestiadeportiva.com\/lbd\/ushuaia-debuta-ante-comodoro\/\" class=\"more-link\">Seguir leyendo <span class=\"screen-reader-text\">Ushuaia debuta ante Comodoro<\/span> <span class=\"meta-nav\">&rarr;<\/span><\/a><\/p>\n","protected":false},"author":1,"featured_media":20189,"comment_status":"open","ping_status":"open","sticky":false,"template":"","format":"standard","meta":[],"categories":[5,6,31,1],"tags":[4833,2518,2415,83,1168],"_links":{"self":[{"href":"https:\/\/labestiadeportiva.com\/lbd\/wp-json\/wp\/v2\/posts\/20188"}],"collection":[{"href":"https:\/\/labestiadeportiva.com\/lbd\/wp-json\/wp\/v2\/posts"}],"about":[{"href":"https:\/\/labestiadeportiva.com\/lbd\/wp-json\/wp\/v2\/types\/post"}],"author":[{"embeddable":true,"href":"https:\/\/labestiadeportiva.com\/lbd\/wp-json\/wp\/v2\/users\/1"}],"replies":[{"embeddable":true,"href":"https:\/\/labestiadeportiva.com\/lbd\/wp-json\/wp\/v2\/comments?post=20188"}],"version-history":[{"count":1,"href":"https:\/\/labestiadeportiva.com\/lbd\/wp-json\/wp\/v2\/posts\/20188\/revisions"}],"predecessor-version":[{"id":20192,"href":"https:\/\/labestiadeportiva.com\/lbd\/wp-json\/wp\/v2\/posts\/20188\/revisions\/20192"}],"wp:featuredmedia":[{"embeddable":true,"href":"https:\/\/labestiadeportiva.com\/lbd\/wp-json\/wp\/v2\/media\/20189"}],"wp:attachment":[{"href":"https:\/\/labestiadeportiva.com\/lbd\/wp-json\/wp\/v2\/media?parent=20188"}],"wp:term":[{"taxonomy":"category","embeddable":true,"href":"https:\/\/labestiadeportiva.com\/lbd\/wp-json\/wp\/v2\/categories?post=20188"},{"taxonomy":"post_tag","embeddable":true,"href":"https:\/\/labestiadeportiva.com\/lbd\/wp-json\/wp\/v2\/tags?post=20188"}],"curies":[{"name":"wp","href":"https:\/\/api.w.org\/{rel}","templated":true}]}}