{"id":20212,"date":"2016-05-24T18:11:34","date_gmt":"2016-05-24T21:11:34","guid":{"rendered":"http:\/\/labestiadeportiva.com\/lbd\/?p=20212"},"modified":"2016-05-24T18:11:34","modified_gmt":"2016-05-24T21:11:34","slug":"de-rio-grande-con-amor","status":"publish","type":"post","link":"https:\/\/labestiadeportiva.com\/lbd\/de-rio-grande-con-amor\/","title":{"rendered":"De R\u00edo Grande con amor"},"content":{"rendered":"<p><a href=\"http:\/\/labestiadeportiva.com\/lbd\/wp-content\/uploads\/2016\/05\/IMG_3206.jpg\"><img loading=\"lazy\" class=\"alignleft size-medium wp-image-20213\" src=\"http:\/\/labestiadeportiva.com\/lbd\/wp-content\/uploads\/2016\/05\/IMG_3206-300x136.jpg\" alt=\"IMG_3206\" width=\"300\" height=\"136\" srcset=\"https:\/\/labestiadeportiva.com\/lbd\/wp-content\/uploads\/2016\/05\/IMG_3206-300x136.jpg 300w, https:\/\/labestiadeportiva.com\/lbd\/wp-content\/uploads\/2016\/05\/IMG_3206.jpg 608w\" sizes=\"(max-width: 300px) 100vw, 300px\" \/><\/a>El domingo a media ma\u00f1ana se disput\u00f3 una nueva edici\u00f3n de la prueba atl\u00e9tica \u201cGlorias Navales de Chile\u201d organizada por la asociaci\u00f3n atl\u00e9tica \u201cNehuen Pull\u00fa\u201d contando con el auspicio del centro de Residentes Chilenos \u201cGabriela Mistral y el Consulado de Chile de nuestra ciudad. La pareja riograndense compuesta por Paola Ag\u00fcero (43\u00b441\u00b4\u00b4) y Pablo Ernaga (33\u00b425\u00b4\u00b4) fueron los ganadores.<!--more--><\/p>\n<p>37 atletas estuvieron en l\u00ednea de largada para ponerse en marcha desde enfrente del Consulado con destino final el Centro de Residentes. El trayecto de 10.000 metros recorri\u00f3 el sector de ingreso y egreso al aeropuerto internacional \u201cMalvinas Argentinas\u201d.<\/p>\n<p><a href=\"http:\/\/labestiadeportiva.com\/lbd\/wp-content\/uploads\/2016\/05\/13254320_10209643479310178_499222134198059975_n.jpg\"><img loading=\"lazy\" class=\"aligncenter size-medium wp-image-20214\" src=\"http:\/\/labestiadeportiva.com\/lbd\/wp-content\/uploads\/2016\/05\/13254320_10209643479310178_499222134198059975_n-300x159.jpg\" alt=\"13254320_10209643479310178_499222134198059975_n\" width=\"300\" height=\"159\" srcset=\"https:\/\/labestiadeportiva.com\/lbd\/wp-content\/uploads\/2016\/05\/13254320_10209643479310178_499222134198059975_n-300x159.jpg 300w, https:\/\/labestiadeportiva.com\/lbd\/wp-content\/uploads\/2016\/05\/13254320_10209643479310178_499222134198059975_n.jpg 648w\" sizes=\"(max-width: 300px) 100vw, 300px\" \/><\/a>La competencia cont\u00f3 con la presencia de corredores del norte de la isla que iban a ser principales protagonistas. Entre los varones Pablo Ernaga marc\u00f3 el camino imponiendo un r\u00e1pido ritmo para vencer con un tiempo final de 33 minutos y 25 segundos.<\/p>\n<p>Fue escoltado por el local Eduardo M\u00f3naco mientras que el tercer lugar lo ocup\u00f3 otro riograndense Joaqu\u00edn Torres.\u00a0Dentro del podio de caballeros la diferencia de primero a tercero fue de tan solo 20 segundos.<\/p>\n<p><a href=\"http:\/\/labestiadeportiva.com\/lbd\/wp-content\/uploads\/2016\/05\/IMG_3242.jpg\"><img loading=\"lazy\" class=\"aligncenter size-medium wp-image-20215\" src=\"http:\/\/labestiadeportiva.com\/lbd\/wp-content\/uploads\/2016\/05\/IMG_3242-300x215.jpg\" alt=\"IMG_3242\" width=\"300\" height=\"215\" srcset=\"https:\/\/labestiadeportiva.com\/lbd\/wp-content\/uploads\/2016\/05\/IMG_3242-300x215.jpg 300w, https:\/\/labestiadeportiva.com\/lbd\/wp-content\/uploads\/2016\/05\/IMG_3242.jpg 392w\" sizes=\"(max-width: 300px) 100vw, 300px\" \/><\/a>En el segmento femenino ocurri\u00f3 algo similar. Paola Ag\u00fcero, quien finaliz\u00f3 en el puesto 15 de la clasificaci\u00f3n general, se impuso entre las damas con un registro de 43 minutos y 41 segundos.<\/p>\n<p>Las locales Clarisa Panosetti y Silvia Palomo fueron segunda y tercera respectivamente. En este caso la diferencia de la vencedora sobre sus perseguidoras fue mayor, de 2 y 4 minutos.<\/p>\n<p><a href=\"http:\/\/labestiadeportiva.com\/lbd\/wp-content\/uploads\/2016\/05\/IMG_3281.jpg\"><img loading=\"lazy\" class=\"aligncenter size-medium wp-image-20216\" src=\"http:\/\/labestiadeportiva.com\/lbd\/wp-content\/uploads\/2016\/05\/IMG_3281-255x300.jpg\" alt=\"IMG_3281\" width=\"255\" height=\"300\" srcset=\"https:\/\/labestiadeportiva.com\/lbd\/wp-content\/uploads\/2016\/05\/IMG_3281-255x300.jpg 255w, https:\/\/labestiadeportiva.com\/lbd\/wp-content\/uploads\/2016\/05\/IMG_3281.jpg 376w\" sizes=\"(max-width: 255px) 100vw, 255px\" \/><\/a>Una vez finalizado el evento en instalaciones del Centro de Residentes los organizadores realizaron la entrega de premios donde se destac\u00f3 a los tres primeros de cada categor\u00eda.<\/p>\n<p><span style=\"color: #0000ff;\">Clasificaci\u00f3n General \/Prueba Atl\u00e9tica \u201cGlorias Navales de Chile\u201d<\/span><br \/>\n<span style=\"color: #ff0000;\">1\u00ba ERNAGA, Pablo \/ MAYORES\/ 33\u201925\u2019\u2019<\/span><br \/>\n2\u00ba M\u00d3NACO, Eduardo \/ PRE VETERANOS 35\u201927\u2019\u2019<br \/>\n3\u00ba TORRES, Joaqu\u00edn \/ VETERANOS B \/ 35\u00b440\u2019\u2019<br \/>\n4 \u00ba RUIZ, C\u00e9sar \/ VETERANOS A \/ 35\u00b441\u2019\u2019<br \/>\n5\u00ba ARAVENA, Norman \/ PRE VETERANOS \/ 35\u201946\u2019\u2019<br \/>\n6\u00ba CICHERO, Federico \/ MAYORES\/ 37\u201927\u2019\u2019<br \/>\n7\u00ba ZARELLI, Juan Mauricio \/ MAYORES \/ 38\u201925\u2019\u2019<br \/>\n8\u00ba AFFRE, Mat\u00edas \/ MAYORES \/ 38\u201937\u2019\u2019<br \/>\n9\u00ba GODOY, Javier \/ VETERANOS A \/ 39\u201934\u2019\u2019<br \/>\n10\u00ba GARRIDO, Jorge \/ VETERANOS B \/ 39\u201946\u2019\u2019<br \/>\n<a href=\"http:\/\/labestiadeportiva.com\/lbd\/wp-content\/uploads\/2016\/05\/13240090_10209643487390380_2900644304513977933_n.jpg\"><img loading=\"lazy\" class=\"aligncenter size-medium wp-image-20217\" src=\"http:\/\/labestiadeportiva.com\/lbd\/wp-content\/uploads\/2016\/05\/13240090_10209643487390380_2900644304513977933_n-300x201.jpg\" alt=\"13240090_10209643487390380_2900644304513977933_n\" width=\"300\" height=\"201\" srcset=\"https:\/\/labestiadeportiva.com\/lbd\/wp-content\/uploads\/2016\/05\/13240090_10209643487390380_2900644304513977933_n-300x201.jpg 300w, https:\/\/labestiadeportiva.com\/lbd\/wp-content\/uploads\/2016\/05\/13240090_10209643487390380_2900644304513977933_n.jpg 857w\" sizes=\"(max-width: 300px) 100vw, 300px\" \/><\/a>11\u00ba GOMEZ, Dar\u00edo \/ PRE VETERANOS \/ 40\u201959\u2019\u2019<br \/>\n12\u00ba VAZQUEZ, Javier \/ VETERANOS A \/ 42\u201920\u2019\u2019<br \/>\n13\u00ba MANRIQUE, Gabriel \/ VETERANOS A \/ 43\u201917\u2019\u2019<br \/>\n14\u00ba FERN\u00c1NDEZ, Merardo \/ MAYORES \/ 43\u201918\u2019\u2019<br \/>\n<span style=\"color: #ff0000;\">15\u00ba AG\u00dcERO, Paola \/ MAYORES \/ 43\u201941\u2019\u2019<\/span><br \/>\n16\u00ba ALEGRE, Daniel \/ VETERANOS A \/ 44\u201945\u2019\u2019<br \/>\n17\u00ba PEREZ, Heriberto \/ VETERANOS C \/ 44\u201946\u2019\u2019<br \/>\n18\u00ba PANOSETTI, Clarisa \/ VETERANOS A \/ 44\u201959\u2019\u2019<br \/>\n19\u00ba VIDART BERTOLETTI, Pablo \/ VETERANOS B \/ 45\u201906\u2019\u2019<br \/>\n20\u00ba RODRIGUEZ, Ignacio \/ VETERANOS D \/ 45\u201939\u2019\u2019<br \/>\n21\u00ba PALOMO, Silvia \/ PRE VETERANOS \/ 46\u201901\u2019\u2019<br \/>\n22\u00ba ZORATTO, Marisol \/ PRE VETERANAS \/ 46\u201939\u2019\u2019<br \/>\n23\u00ba MOR\u00c1N, Elba Graciela \/ PRE VETERANAS \/ 49\u201910\u2019\u2019<br \/>\n24\u00ba GARC\u00cdA, LEONARDO \/ MAYORES \/ 49\u201911\u2019\u2019<br \/>\n25\u00ba FERRER, Jerem\u00edas \/ PRE VETERANOS \/ 51\u201911\u2019\u2019<br \/>\n<a href=\"http:\/\/labestiadeportiva.com\/lbd\/wp-content\/uploads\/2016\/05\/IMG_3247.jpg\"><img loading=\"lazy\" class=\"aligncenter size-medium wp-image-20218\" src=\"http:\/\/labestiadeportiva.com\/lbd\/wp-content\/uploads\/2016\/05\/IMG_3247-300x269.jpg\" alt=\"IMG_3247\" width=\"300\" height=\"269\" srcset=\"https:\/\/labestiadeportiva.com\/lbd\/wp-content\/uploads\/2016\/05\/IMG_3247-300x269.jpg 300w, https:\/\/labestiadeportiva.com\/lbd\/wp-content\/uploads\/2016\/05\/IMG_3247.jpg 471w\" sizes=\"(max-width: 300px) 100vw, 300px\" \/><\/a>26\u00ba CORTIZO, Sebasti\u00e1n \/ PRE VETERANOS \/ 51\u201912<br \/>\n27\u00ba ROJAS, Juan Am\u00e9rico \/ VETERANOS E \/ 51\u201940\u2019\u2019<br \/>\n28\u00ba ROJAS, Mariela \/ MAYORES \/ 53\u201957\u2019\u2019<br \/>\n29\u00ba R\u00cdOS, Cindy Gianina \/ MAYORES \/ 54\u201951\u2019\u2019<br \/>\n30\u00ba ALONSO, Claudia \/ VETERANAS C \/ 56\u201933\u2019\u2019<br \/>\n31\u00ba RIVERO, Elena \/ VETERANAS B \/ 57\u201952\u2019\u2019<br \/>\n32\u00ba TOBARES, Elvira \/ PRE VETERANAS \/ 57\u201954\u2019\u2019<br \/>\n33\u00ba FUENZALIDA, Teresa \/ VETERANAS B \/ 58\u201921\u2019\u2019<br \/>\n34\u00ba BENEDETTI, Floreal \/ VETERANOS A \/ 58\u201935\u2019\u2019<br \/>\n35\u00ba VIALE, Lorena \/ VETERANAS A \/ 1 h 48\u2019<br \/>\n36\u00ba CA\u00d1ARI, Francisco \/ VETERANOS B \/ 1 h 12\u2019<br \/>\n37\u00ba MUSUMESI, Mar\u00eda de los \u00c1ngeles \/ VETERANAS C \/ 1 h 15 \u2018<\/p>\n<p><a href=\"http:\/\/labestiadeportiva.com\/lbd\/wp-content\/uploads\/2016\/05\/IMG_3285.jpg\"><img loading=\"lazy\" class=\"aligncenter size-medium wp-image-20219\" src=\"http:\/\/labestiadeportiva.com\/lbd\/wp-content\/uploads\/2016\/05\/IMG_3285-300x292.jpg\" alt=\"IMG_3285\" width=\"300\" height=\"292\" srcset=\"https:\/\/labestiadeportiva.com\/lbd\/wp-content\/uploads\/2016\/05\/IMG_3285-300x292.jpg 300w, https:\/\/labestiadeportiva.com\/lbd\/wp-content\/uploads\/2016\/05\/IMG_3285.jpg 422w\" sizes=\"(max-width: 300px) 100vw, 300px\" \/><\/a><\/p>\n<div class='epvc-post-count'><span class='epvc-eye'><\/span>  <span class=\"epvc-count\"> 1.633<\/span><span class='epvc-label'> veces le\u00edda<\/span><\/div>\n<div class=\"jwsharethis\">\nShare this: \n<br \/>\n<a href=\"mailto:?subject=De%20R%C3%ADo%20Grande%20con%20amor&amp;body=https%3A%2F%2Flabestiadeportiva.com%2Flbd%2Fde-rio-grande-con-amor%2F\">\n<img src=\"https:\/\/labestiadeportiva.com\/lbd\/wp-content\/plugins\/jw-share-this\/email.png\" alt=\"Share this page via Email\" \/>\n<\/a>\n<a target=\"_blank\" href=\"http:\/\/www.stumbleupon.com\/submit?url=https%3A%2F%2Flabestiadeportiva.com%2Flbd%2Fde-rio-grande-con-amor%2F&amp;title=De+R%C3%ADo+Grande+con+amor\">\n<img src=\"https:\/\/labestiadeportiva.com\/lbd\/wp-content\/plugins\/jw-share-this\/su.png\" alt=\"Share this page via Stumble Upon\" \/>\n<\/a>\n<a target=\"_blank\" href=\"http:\/\/digg.com\/submit?url=https%3A%2F%2Flabestiadeportiva.com%2Flbd%2Fde-rio-grande-con-amor%2F&amp;title=De+R%C3%ADo+Grande+con+amor\">\n<img src=\"https:\/\/labestiadeportiva.com\/lbd\/wp-content\/plugins\/jw-share-this\/digg.png\" alt=\"Share this page via Digg this\" \/>\n<\/a>\n<a target=\"_blank\" href=\"http:\/\/www.facebook.com\/sharer.php?u=https%3A%2F%2Flabestiadeportiva.com%2Flbd%2Fde-rio-grande-con-amor%2F&amp;t=De+R%C3%ADo+Grande+con+amor\">\n<img src=\"https:\/\/labestiadeportiva.com\/lbd\/wp-content\/plugins\/jw-share-this\/fb.png\" alt=\"Share this page via Facebook\" \/>\n<\/a>\n<a target=\"_blank\" href=\"http:\/\/twitter.com\/intent\/tweet?text=I+like+https%3A%2F%2Flabestiadeportiva.com%2Flbd%2Fde-rio-grande-con-amor%2F&amp;title=De+R%C3%ADo+Grande+con+amor\">\n<img src=\"https:\/\/labestiadeportiva.com\/lbd\/wp-content\/plugins\/jw-share-this\/twitter.png\" alt=\"Share this page via Twitter\" \/>\n<\/a>\n<\/div>\n","protected":false},"excerpt":{"rendered":"<p>El domingo a media ma\u00f1ana se disput\u00f3 una nueva edici\u00f3n de la prueba atl\u00e9tica \u201cGlorias Navales de Chile\u201d organizada por la asociaci\u00f3n atl\u00e9tica \u201cNehuen Pull\u00fa\u201d contando con el auspicio del centro de Residentes Chilenos \u201cGabriela Mistral y el Consulado de Chile de nuestra ciudad. La pareja riograndense compuesta por Paola Ag\u00fcero (43\u00b441\u00b4\u00b4) y Pablo Ernaga &hellip; <a href=\"https:\/\/labestiadeportiva.com\/lbd\/de-rio-grande-con-amor\/\" class=\"more-link\">Seguir leyendo <span class=\"screen-reader-text\">De R\u00edo Grande con amor<\/span> <span class=\"meta-nav\">&rarr;<\/span><\/a><\/p>\n","protected":false},"author":1,"featured_media":20213,"comment_status":"open","ping_status":"open","sticky":false,"template":"","format":"standard","meta":[],"categories":[22,5,1],"tags":[2376,4831,2684],"_links":{"self":[{"href":"https:\/\/labestiadeportiva.com\/lbd\/wp-json\/wp\/v2\/posts\/20212"}],"collection":[{"href":"https:\/\/labestiadeportiva.com\/lbd\/wp-json\/wp\/v2\/posts"}],"about":[{"href":"https:\/\/labestiadeportiva.com\/lbd\/wp-json\/wp\/v2\/types\/post"}],"author":[{"embeddable":true,"href":"https:\/\/labestiadeportiva.com\/lbd\/wp-json\/wp\/v2\/users\/1"}],"replies":[{"embeddable":true,"href":"https:\/\/labestiadeportiva.com\/lbd\/wp-json\/wp\/v2\/comments?post=20212"}],"version-history":[{"count":1,"href":"https:\/\/labestiadeportiva.com\/lbd\/wp-json\/wp\/v2\/posts\/20212\/revisions"}],"predecessor-version":[{"id":20220,"href":"https:\/\/labestiadeportiva.com\/lbd\/wp-json\/wp\/v2\/posts\/20212\/revisions\/20220"}],"wp:featuredmedia":[{"embeddable":true,"href":"https:\/\/labestiadeportiva.com\/lbd\/wp-json\/wp\/v2\/media\/20213"}],"wp:attachment":[{"href":"https:\/\/labestiadeportiva.com\/lbd\/wp-json\/wp\/v2\/media?parent=20212"}],"wp:term":[{"taxonomy":"category","embeddable":true,"href":"https:\/\/labestiadeportiva.com\/lbd\/wp-json\/wp\/v2\/categories?post=20212"},{"taxonomy":"post_tag","embeddable":true,"href":"https:\/\/labestiadeportiva.com\/lbd\/wp-json\/wp\/v2\/tags?post=20212"}],"curies":[{"name":"wp","href":"https:\/\/api.w.org\/{rel}","templated":true}]}}