{"id":20357,"date":"2016-06-03T16:51:38","date_gmt":"2016-06-03T19:51:38","guid":{"rendered":"http:\/\/labestiadeportiva.com\/lbd\/?p=20357"},"modified":"2016-06-03T16:53:44","modified_gmt":"2016-06-03T19:53:44","slug":"creo-que-naci-para-relatar-futbol-audio","status":"publish","type":"post","link":"https:\/\/labestiadeportiva.com\/lbd\/creo-que-naci-para-relatar-futbol-audio\/","title":{"rendered":"\u00abCreo que nac\u00ed para relatar f\u00fatbol\u00bb (Audio)"},"content":{"rendered":"<p><a href=\"http:\/\/labestiadeportiva.com\/lbd\/wp-content\/uploads\/2016\/06\/Imagen-2246.jpg\"><img loading=\"lazy\" class=\"alignleft size-medium wp-image-20358\" src=\"http:\/\/labestiadeportiva.com\/lbd\/wp-content\/uploads\/2016\/06\/Imagen-2246-300x275.jpg\" alt=\"Imagen 2246\" width=\"300\" height=\"275\" srcset=\"https:\/\/labestiadeportiva.com\/lbd\/wp-content\/uploads\/2016\/06\/Imagen-2246-300x275.jpg 300w, https:\/\/labestiadeportiva.com\/lbd\/wp-content\/uploads\/2016\/06\/Imagen-2246.jpg 584w\" sizes=\"(max-width: 300px) 100vw, 300px\" \/><\/a>El jueves por la tarde noche el periodista deportivo y relator Gustavo Vergara se present\u00f3 en Ushuaia. Amena charla ante colegas y gente del ambiente futbolero. El hombre de Radio Nacional se brind\u00f3 a pleno contando vivencias de su profesi\u00f3n y respondiendo las preguntas de los presentes. El relator, quien ya tiene en su haber la presencia en seis mundiales y m\u00e1s de tres d\u00e9cadas en la emisora federal charl\u00f3 con LBD. Compartimos parte de la entrevista lograda en el Sal\u00f3n \u201cB\u201d del Polideportivo Municipal. <!--more--><\/p>\n<p><iframe loading=\"lazy\" src=\"https:\/\/www.youtube.com\/embed\/SYR4cb3BxU8\" width=\"420\" height=\"315\" frameborder=\"0\" allowfullscreen=\"allowfullscreen\"><\/iframe><\/p>\n<div class='epvc-post-count'><span class='epvc-eye'><\/span>  <span class=\"epvc-count\"> 1.118<\/span><span class='epvc-label'> veces le\u00edda<\/span><\/div>\n<div class=\"jwsharethis\">\nShare this: \n<br \/>\n<a href=\"mailto:?subject=%C2%ABCreo%20que%20nac%C3%AD%20para%20relatar%20f%C3%BAtbol%C2%BB%20%28Audio%29&amp;body=https%3A%2F%2Flabestiadeportiva.com%2Flbd%2Fcreo-que-naci-para-relatar-futbol-audio%2F\">\n<img src=\"https:\/\/labestiadeportiva.com\/lbd\/wp-content\/plugins\/jw-share-this\/email.png\" alt=\"Share this page via Email\" \/>\n<\/a>\n<a target=\"_blank\" href=\"http:\/\/www.stumbleupon.com\/submit?url=https%3A%2F%2Flabestiadeportiva.com%2Flbd%2Fcreo-que-naci-para-relatar-futbol-audio%2F&amp;title=%C2%ABCreo+que+nac%C3%AD+para+relatar+f%C3%BAtbol%C2%BB+%28Audio%29\">\n<img src=\"https:\/\/labestiadeportiva.com\/lbd\/wp-content\/plugins\/jw-share-this\/su.png\" alt=\"Share this page via Stumble Upon\" \/>\n<\/a>\n<a target=\"_blank\" href=\"http:\/\/digg.com\/submit?url=https%3A%2F%2Flabestiadeportiva.com%2Flbd%2Fcreo-que-naci-para-relatar-futbol-audio%2F&amp;title=%C2%ABCreo+que+nac%C3%AD+para+relatar+f%C3%BAtbol%C2%BB+%28Audio%29\">\n<img src=\"https:\/\/labestiadeportiva.com\/lbd\/wp-content\/plugins\/jw-share-this\/digg.png\" alt=\"Share this page via Digg this\" \/>\n<\/a>\n<a target=\"_blank\" href=\"http:\/\/www.facebook.com\/sharer.php?u=https%3A%2F%2Flabestiadeportiva.com%2Flbd%2Fcreo-que-naci-para-relatar-futbol-audio%2F&amp;t=%C2%ABCreo+que+nac%C3%AD+para+relatar+f%C3%BAtbol%C2%BB+%28Audio%29\">\n<img src=\"https:\/\/labestiadeportiva.com\/lbd\/wp-content\/plugins\/jw-share-this\/fb.png\" alt=\"Share this page via Facebook\" \/>\n<\/a>\n<a target=\"_blank\" href=\"http:\/\/twitter.com\/intent\/tweet?text=I+like+https%3A%2F%2Flabestiadeportiva.com%2Flbd%2Fcreo-que-naci-para-relatar-futbol-audio%2F&amp;title=%C2%ABCreo+que+nac%C3%AD+para+relatar+f%C3%BAtbol%C2%BB+%28Audio%29\">\n<img src=\"https:\/\/labestiadeportiva.com\/lbd\/wp-content\/plugins\/jw-share-this\/twitter.png\" alt=\"Share this page via Twitter\" \/>\n<\/a>\n<\/div>\n","protected":false},"excerpt":{"rendered":"<p>El jueves por la tarde noche el periodista deportivo y relator Gustavo Vergara se present\u00f3 en Ushuaia. Amena charla ante colegas y gente del ambiente futbolero. El hombre de Radio Nacional se brind\u00f3 a pleno contando vivencias de su profesi\u00f3n y respondiendo las preguntas de los presentes. El relator, quien ya tiene en su haber &hellip; <a href=\"https:\/\/labestiadeportiva.com\/lbd\/creo-que-naci-para-relatar-futbol-audio\/\" class=\"more-link\">Seguir leyendo <span class=\"screen-reader-text\">\u00abCreo que nac\u00ed para relatar f\u00fatbol\u00bb (Audio)<\/span> <span class=\"meta-nav\">&rarr;<\/span><\/a><\/p>\n","protected":false},"author":1,"featured_media":20358,"comment_status":"open","ping_status":"open","sticky":false,"template":"","format":"standard","meta":[],"categories":[4,6,60,1987,14,1],"tags":[4838,17,2691,83],"_links":{"self":[{"href":"https:\/\/labestiadeportiva.com\/lbd\/wp-json\/wp\/v2\/posts\/20357"}],"collection":[{"href":"https:\/\/labestiadeportiva.com\/lbd\/wp-json\/wp\/v2\/posts"}],"about":[{"href":"https:\/\/labestiadeportiva.com\/lbd\/wp-json\/wp\/v2\/types\/post"}],"author":[{"embeddable":true,"href":"https:\/\/labestiadeportiva.com\/lbd\/wp-json\/wp\/v2\/users\/1"}],"replies":[{"embeddable":true,"href":"https:\/\/labestiadeportiva.com\/lbd\/wp-json\/wp\/v2\/comments?post=20357"}],"version-history":[{"count":1,"href":"https:\/\/labestiadeportiva.com\/lbd\/wp-json\/wp\/v2\/posts\/20357\/revisions"}],"predecessor-version":[{"id":20359,"href":"https:\/\/labestiadeportiva.com\/lbd\/wp-json\/wp\/v2\/posts\/20357\/revisions\/20359"}],"wp:featuredmedia":[{"embeddable":true,"href":"https:\/\/labestiadeportiva.com\/lbd\/wp-json\/wp\/v2\/media\/20358"}],"wp:attachment":[{"href":"https:\/\/labestiadeportiva.com\/lbd\/wp-json\/wp\/v2\/media?parent=20357"}],"wp:term":[{"taxonomy":"category","embeddable":true,"href":"https:\/\/labestiadeportiva.com\/lbd\/wp-json\/wp\/v2\/categories?post=20357"},{"taxonomy":"post_tag","embeddable":true,"href":"https:\/\/labestiadeportiva.com\/lbd\/wp-json\/wp\/v2\/tags?post=20357"}],"curies":[{"name":"wp","href":"https:\/\/api.w.org\/{rel}","templated":true}]}}