{"id":20482,"date":"2016-06-14T16:03:04","date_gmt":"2016-06-14T19:03:04","guid":{"rendered":"http:\/\/labestiadeportiva.com\/lbd\/?p=20482"},"modified":"2016-06-14T16:03:04","modified_gmt":"2016-06-14T19:03:04","slug":"gano-espana-menos-mal","status":"publish","type":"post","link":"https:\/\/labestiadeportiva.com\/lbd\/gano-espana-menos-mal\/","title":{"rendered":"Gan\u00f3 Espa\u00f1a, menos mal"},"content":{"rendered":"<p>Por Daniel Campos (Corresponsal LBD en Palma de Mallorca, Espa\u00f1a)<\/p>\n<p><a href=\"http:\/\/labestiadeportiva.com\/lbd\/wp-content\/uploads\/2016\/06\/pique-01.jpg\"><img loading=\"lazy\" class=\"alignleft size-medium wp-image-20483\" src=\"http:\/\/labestiadeportiva.com\/lbd\/wp-content\/uploads\/2016\/06\/pique-01-300x179.jpg\" alt=\"pique 01\" width=\"300\" height=\"179\" srcset=\"https:\/\/labestiadeportiva.com\/lbd\/wp-content\/uploads\/2016\/06\/pique-01-300x179.jpg 300w, https:\/\/labestiadeportiva.com\/lbd\/wp-content\/uploads\/2016\/06\/pique-01-1024x611.jpg 1024w, https:\/\/labestiadeportiva.com\/lbd\/wp-content\/uploads\/2016\/06\/pique-01.jpg 1172w\" sizes=\"(max-width: 300px) 100vw, 300px\" \/><\/a>Debut y victoria de la vigente campeona europea, Espa\u00f1a ante la Rep\u00fablica Checa por 1 a 0. Cuarta jornada de la Eurocopa de Francia 2016 y le toc\u00f3 el turno a la Roja, el equipo de Vicente del Bosque, lo hizo con un triunfo trabajado y por la m\u00ednima diferencia.<!--more--><\/p>\n<p>Tal como viene siendo la t\u00f3nica en esta competici\u00f3n, cotejos muy disputados y resultados muy ajustados. En el primer turno del d\u00eda, Espa\u00f1a que hac\u00eda de local, recibi\u00f3 a la Rep\u00fablica Checa, en el Stadium de Touluse con el arbitraje del colegiado polaco, Szymon Marciniak.<\/p>\n<p>Si bien a lo largo del partido, el control del bal\u00f3n pas\u00f3 por los pies de los delanteros espa\u00f1oles, los checos aguantaron la presi\u00f3n y el fondo del arco, estaba m\u00e1s que protegido por las manos de Pter Cech.<\/p>\n<p>Los nervios por el debut tanto para uno como otros se notaron en los primeros minutos, por suerte estuvo Andr\u00e9s Iniesta para conducir la pelota y dar seriedad al ataque espa\u00f1ol.<\/p>\n<p>El bal\u00f3n de oro de Euro 2012 estuvo siempre acertado y fue gracias a \u00e9l que lleg\u00f3 el \u00fanico gol de la ventosa tarde en Touluse. Un toque de Pedro para el jugador del Barcelona, que centr\u00f3 para que la cabezazo de Piqu\u00e9 se colara por el palo izquierdo del portero del Arsenal.<\/p>\n<p>Gol de Espa\u00f1a en el minuto 86 para despejar dudas y alejar los fantasmas de la \u00faltima copa del mundo. El camino de la rev\u00e1lida del t\u00edtulo ya est\u00e1 en marcha. Ahora toca viajar a Niza para enfrentarse a la selecci\u00f3n de Turqu\u00eda el viernes por la noche.<\/p>\n<p>En este grupo D, anteriormente la selecci\u00f3n de Croacia super\u00f3 a la de Turqu\u00eda por 1 a 0, en un encuentro disputado en Par\u00eds. El representativo de los Balcanes sum\u00f3 sus primeros tres puntos gracias a un gol anotado por el centrocampista del Real Madrid, Luka Modric, a los 41 minutos de la primera parte.<\/p>\n<p>El mismo d\u00eda, en el turno de las seis de la tarde, Croacia y Rep\u00fablica Checa se ver\u00e1n las caras en St. Etienne.<\/p>\n<p><a href=\"http:\/\/labestiadeportiva.com\/lbd\/wp-content\/uploads\/2016\/06\/luka.jpg\"><img loading=\"lazy\" class=\"aligncenter size-medium wp-image-20484\" src=\"http:\/\/labestiadeportiva.com\/lbd\/wp-content\/uploads\/2016\/06\/luka-300x169.jpg\" alt=\"luka\" width=\"300\" height=\"169\" srcset=\"https:\/\/labestiadeportiva.com\/lbd\/wp-content\/uploads\/2016\/06\/luka-300x169.jpg 300w, https:\/\/labestiadeportiva.com\/lbd\/wp-content\/uploads\/2016\/06\/luka.jpg 640w\" sizes=\"(max-width: 300px) 100vw, 300px\" \/><\/a><\/p>\n<div class='epvc-post-count'><span class='epvc-eye'><\/span>  <span class=\"epvc-count\"> 1.052<\/span><span class='epvc-label'> veces le\u00edda<\/span><\/div>\n<div class=\"jwsharethis\">\nShare this: \n<br \/>\n<a href=\"mailto:?subject=Gan%C3%B3%20Espa%C3%B1a%2C%20menos%20mal&amp;body=https%3A%2F%2Flabestiadeportiva.com%2Flbd%2Fgano-espana-menos-mal%2F\">\n<img src=\"https:\/\/labestiadeportiva.com\/lbd\/wp-content\/plugins\/jw-share-this\/email.png\" alt=\"Share this page via Email\" \/>\n<\/a>\n<a target=\"_blank\" href=\"http:\/\/www.stumbleupon.com\/submit?url=https%3A%2F%2Flabestiadeportiva.com%2Flbd%2Fgano-espana-menos-mal%2F&amp;title=Gan%C3%B3+Espa%C3%B1a%2C+menos+mal\">\n<img src=\"https:\/\/labestiadeportiva.com\/lbd\/wp-content\/plugins\/jw-share-this\/su.png\" alt=\"Share this page via Stumble Upon\" \/>\n<\/a>\n<a target=\"_blank\" href=\"http:\/\/digg.com\/submit?url=https%3A%2F%2Flabestiadeportiva.com%2Flbd%2Fgano-espana-menos-mal%2F&amp;title=Gan%C3%B3+Espa%C3%B1a%2C+menos+mal\">\n<img src=\"https:\/\/labestiadeportiva.com\/lbd\/wp-content\/plugins\/jw-share-this\/digg.png\" alt=\"Share this page via Digg this\" \/>\n<\/a>\n<a target=\"_blank\" href=\"http:\/\/www.facebook.com\/sharer.php?u=https%3A%2F%2Flabestiadeportiva.com%2Flbd%2Fgano-espana-menos-mal%2F&amp;t=Gan%C3%B3+Espa%C3%B1a%2C+menos+mal\">\n<img src=\"https:\/\/labestiadeportiva.com\/lbd\/wp-content\/plugins\/jw-share-this\/fb.png\" alt=\"Share this page via Facebook\" \/>\n<\/a>\n<a target=\"_blank\" href=\"http:\/\/twitter.com\/intent\/tweet?text=I+like+https%3A%2F%2Flabestiadeportiva.com%2Flbd%2Fgano-espana-menos-mal%2F&amp;title=Gan%C3%B3+Espa%C3%B1a%2C+menos+mal\">\n<img src=\"https:\/\/labestiadeportiva.com\/lbd\/wp-content\/plugins\/jw-share-this\/twitter.png\" alt=\"Share this page via Twitter\" \/>\n<\/a>\n<\/div>\n","protected":false},"excerpt":{"rendered":"<p>Por Daniel Campos (Corresponsal LBD en Palma de Mallorca, Espa\u00f1a) Debut y victoria de la vigente campeona europea, Espa\u00f1a ante la Rep\u00fablica Checa por 1 a 0. Cuarta jornada de la Eurocopa de Francia 2016 y le toc\u00f3 el turno a la Roja, el equipo de Vicente del Bosque, lo hizo con un triunfo trabajado &hellip; <a href=\"https:\/\/labestiadeportiva.com\/lbd\/gano-espana-menos-mal\/\" class=\"more-link\">Seguir leyendo <span class=\"screen-reader-text\">Gan\u00f3 Espa\u00f1a, menos mal<\/span> <span class=\"meta-nav\">&rarr;<\/span><\/a><\/p>\n","protected":false},"author":1,"featured_media":20483,"comment_status":"open","ping_status":"open","sticky":false,"template":"","format":"standard","meta":[],"categories":[4,14,1],"tags":[2711,2712,17,83],"_links":{"self":[{"href":"https:\/\/labestiadeportiva.com\/lbd\/wp-json\/wp\/v2\/posts\/20482"}],"collection":[{"href":"https:\/\/labestiadeportiva.com\/lbd\/wp-json\/wp\/v2\/posts"}],"about":[{"href":"https:\/\/labestiadeportiva.com\/lbd\/wp-json\/wp\/v2\/types\/post"}],"author":[{"embeddable":true,"href":"https:\/\/labestiadeportiva.com\/lbd\/wp-json\/wp\/v2\/users\/1"}],"replies":[{"embeddable":true,"href":"https:\/\/labestiadeportiva.com\/lbd\/wp-json\/wp\/v2\/comments?post=20482"}],"version-history":[{"count":1,"href":"https:\/\/labestiadeportiva.com\/lbd\/wp-json\/wp\/v2\/posts\/20482\/revisions"}],"predecessor-version":[{"id":20485,"href":"https:\/\/labestiadeportiva.com\/lbd\/wp-json\/wp\/v2\/posts\/20482\/revisions\/20485"}],"wp:featuredmedia":[{"embeddable":true,"href":"https:\/\/labestiadeportiva.com\/lbd\/wp-json\/wp\/v2\/media\/20483"}],"wp:attachment":[{"href":"https:\/\/labestiadeportiva.com\/lbd\/wp-json\/wp\/v2\/media?parent=20482"}],"wp:term":[{"taxonomy":"category","embeddable":true,"href":"https:\/\/labestiadeportiva.com\/lbd\/wp-json\/wp\/v2\/categories?post=20482"},{"taxonomy":"post_tag","embeddable":true,"href":"https:\/\/labestiadeportiva.com\/lbd\/wp-json\/wp\/v2\/tags?post=20482"}],"curies":[{"name":"wp","href":"https:\/\/api.w.org\/{rel}","templated":true}]}}